{"id":6790,"date":"2026-08-26T13:47:24","date_gmt":"2026-08-26T10:47:24","guid":{"rendered":"https:\/\/zavitushki.com\/pt\/?p=6790"},"modified":"2026-08-26T13:47:24","modified_gmt":"2026-08-26T10:47:24","slug":"from-household-black-to-blond-in-one-day-and","status":"publish","type":"post","link":"https:\/\/zavitushki.com\/pt\/from-household-black-to-blond-in-one-day-and\/","title":{"rendered":"Do preto dom\u00e9stico ao louro num s\u00f3 dia e sem consequ\u00eancias. Mito ou realidade?"},"content":{"rendered":"\n<p>Passar do preto para o louro no seu cabelo \u00e9 considerado uma mudan\u00e7a ousada. Muitas pessoas interrogam-se se \u00e9 poss\u00edvel passar de um cabelo escuro para um cabelo claro num s\u00f3 dia sem o p\u00f4r em perigo.<\/p>\n<p>Embora seja frequentemente discutido, o procedimento implica mais do que apenas uma simples opera\u00e7\u00e3o de colora\u00e7\u00e3o. A descolora\u00e7\u00e3o \u00e9 normalmente necess\u00e1ria para ficar loira e, se for feita incorretamente, pode provocar cabelos secos e quebradi\u00e7os ou at\u00e9 mesmo rupturas.<\/p>\n<p>Mas ser\u00e1 que se pode realmente fazer este tipo de mudan\u00e7a dr\u00e1stica sem danificar o cabelo?? Agora que temos os factos, vamos investigar se se trata de um mito ou de algo que pode experimentar em seguran\u00e7a.<\/p>\n<table>\n<tbody>\n<tr>\n<td>Mito<\/td>\n<td>Realidade<\/td>\n<\/tr>\n<tr>\n<td>As transforma\u00e7\u00f5es r\u00e1pidas de preto para louro num dia conduzem frequentemente a cabelos danificados, pontas espigadas e secura.<\/td>\n<td>\u00c9 poss\u00edvel passar de preto a louro num dia, mas s\u00e3o necess\u00e1rias t\u00e9cnicas profissionais, produtos de alta qualidade e um processo cuidadoso para minimizar os danos.<\/td>\n<\/tr>\n<tr>\n<td>Os kits de descolora\u00e7\u00e3o ou de colora\u00e7\u00e3o de venda livre n\u00e3o proporcionam resultados de qualidade de sal\u00e3o e podem danificar gravemente o seu cabelo.<\/td>\n<td>Um colorista experiente pode utilizar uma combina\u00e7\u00e3o de tratamentos, tonificantes e produtos condicionadores para obter o aspeto desejado, protegendo simultaneamente a sa\u00fade do cabelo.<\/td>\n<\/tr>\n<tr>\n<td>O cabelo pode ficar fraco e partir-se se for descolorado demasiado depressa.<\/td>\n<td>Alguns sal\u00f5es oferecem tratamentos de descolora\u00e7\u00e3o gradual que equilibram a rapidez e a seguran\u00e7a do cabelo, mas \u00e9 sempre um desafio.<\/td>\n<\/tr>\n<\/tbody>\n<\/table>\n<h2>Antecedentes<\/h2>\n<p>Comecei a receber apelos de colora\u00e7\u00e3o logo que me tornei mestre, a maioria dos quais motivados pelo desejo de evitar trabalhar com preto. Geralmente eram raparigas que tinham sido pintadas de preto durante muito tempo. Normalmente, desejavam cabelos louros frios, quer na totalidade, quer no comprimento &#8211; ou seja, na zona onde \u00e9 mais improv\u00e1vel a ocorr\u00eancia desta tonalidade espec\u00edfica de cabelo louro.<\/p>\n<p>Houve tamb\u00e9m quem pedisse pontas cinzentas escuras ou azuis, acreditando ingenuamente que, como o azul ou o cinzento s\u00e3o ligeiramente mais claros do que o preto, isso significa que s\u00e3o f\u00e1ceis de obter. As pessoas ficaram muito surpreendidas com o facto de ser quase imposs\u00edvel. As pessoas n\u00e3o est\u00e3o satisfeitas com o facto de demorar muito tempo, cerca de 8 horas ou mais, e tamb\u00e9m falou sobre a execu\u00e7\u00e3o obrigat\u00f3ria de uma esp\u00e9cie de madeixa de teste. <s>Queremos aqui e agora<\/s>. As pessoas ficaram espantadas e foram-se embora quando eu disse o pre\u00e7o. No post vou tentar mostrar claramente o que acontece ao cabelo quando se deixa o preto, vou dizer-vos porque \u00e9 que demora tanto tempo e porque \u00e9 que \u00e9 caro.<\/p>\n<p>Como deixar o preto \u00e9 um segredo comercial, n\u00e3o vou entrar em grandes detalhes sobre os passos envolvidos, mas h\u00e1 muitas listas na Internet que descrevem como fazer isso. No entanto, sem um par de m\u00e3os extra com conhecimentos e capacidades espec\u00edficos, normalmente n\u00e3o conseguir\u00e1 concluir a tarefa como pretendido. \u00c9 importante lembrar que, para al\u00e9m de deixar o preto no lugar, tamb\u00e9m quer preservar a qualidade do seu cabelo, por isso, embora possa funcionar para alguns, deitar um balde de p\u00f3 misturado com 6-9% de \u00f3xido n\u00e3o \u00e9 uma op\u00e7\u00e3o.<\/p>\n<p>V\u00e1 l\u00e1, Krch!<\/p>\n<h2>De onde vem o cabelo preto<\/h2>\n<p>Depois de ouvir o custo dos meus servi\u00e7os, 99.99% das pessoas que entram em contacto comigo enviam-me para um passeio sensual; em vez de uma rapariga real, vou demonstrar o procedimento em madeixas de teste. Eles ser\u00e3o o n\u00famero tr\u00eas. A quarta \u00e9 ocasionalmente vis\u00edvel na imagem, mas serve apenas de companhia. Tr\u00eas madeixas de teste de cabelo natural, com 6-7 polegadas de comprimento. Para vos fazer felizes, fiz as madeixas propositadamente mais grossas e mais compridas.<\/p>\n<p><img decoding=\"async\" class=\"aligncenter\"  src=\"\/wp-content\/uploads\/2026\/08\/iz-bytovogo-chernogo-v-blond-za-odin-den-i-bez_2.jpg\"><\/p>\n<ul>\n<li>Vou simplesmente descolorir a primeira madeixa e mostrar um resultado visual de descolora\u00e7\u00e3o de cabelo virgem e limpo.<\/li>\n<li>Vou tingir o segundo fio com tinta preta uma vez. Esta \u00e9 uma op\u00e7\u00e3o da categoria de &ldquo;bem, acontece a toda a gente: toda a gente comete erros&rdquo;, t.e para os casos em que uma rapariga com cabelo natural pinta de preto e percebe imediatamente a estupidez que fez. <s>Porque \u00e9 que \u00e9 est\u00fapido?? Porque n\u00e3o gostou do resultado, e o caminho de regresso \u00e9 muito dif\u00edcil.<\/s><\/li>\n<li>Vou tingir a terceira e a quarta madeixas muitas vezes at\u00e9 as minhas reservas de tinta se esgotarem. E depois, na terceira madeixa, farei uma sa\u00edda completa do preto com todas as dan\u00e7as com pandeireta, tentando extrair o m\u00e1ximo de resultado, mantendo a qualidade do cabelo <s>compreendemos, sim, que as pessoas queiram sair do preto e manter o comprimento <\/s>. No in\u00edcio, queria branquear a quarta madeixa com uma lix\u00edvia dom\u00e9stica, mas lembrei-me dos pedidos para &ldquo;ficar preto sem p\u00f3, tenho medo de p\u00f3, tirem-me esta coisa nojenta da frente. 11&rdquo; n\u00e3o s\u00e3o menos frequentes, por isso vou tentar o meu melhor para limpar esta madeixa sem p\u00f3.<\/li>\n<\/ul>\n<p>  <strong>\u00c9 evidente que todas estas manipula\u00e7\u00f5es apenas mostrar\u00e3o uma situa\u00e7\u00e3o esf\u00e9rica no v\u00e1cuo, mas pelo menos saber\u00e1 para o que deve estar preparado.<\/strong><\/p>\n<p>Est\u00e1 bem. Dois corantes pretos impressionantes do Magnit mais pr\u00f3ximo est\u00e3o dispon\u00edveis para n\u00f3s. Uma custa 135 rublos, a outra 89.<\/p>\n<p><img decoding=\"async\" class=\"aligncenter\"  src=\"\/wp-content\/uploads\/2026\/08\/iz-bytovogo-chernogo-v-blond-za-odin-den-i-bez_7.jpg\"><br \/>\n  <img decoding=\"async\" class=\"aligncenter\"  src=\"\/wp-content\/uploads\/2026\/08\/iz-bytovogo-chernogo-v-blond-za-odin-den-i-bez_1.jpg\"><\/p>\n<p>Estas caixas cont\u00eam luvas, um tubo de tinta, um frasco de creme ativador e um saco de b\u00e1lsamo. Como a tinta se destina a uma vasta base de consumidores que a querem mais barata, que n\u00e3o querem incomodar, que podem pintar sobre cabelos brancos e que n\u00e3o querem que os cabelos brancos se destaquem durante muito tempo, \u00e9 adicionado um ativador elevado &#8211; 6%, 9% ou 12% -; a percentagem exacta nem sempre \u00e9 indicada. Quando utilizava tintas dom\u00e9sticas para fins pessoais, n\u00e3o me preocupava com estas pequenas coisas da vida.<\/p>\n<p>As nossas pessoas tamb\u00e9m s\u00e3o frugais; gostam de pintar todo o comprimento e conserv\u00e1-lo durante mais tempo. Na realidade, o pigmento fica permanentemente incorporado no cabelo em resultado da exposi\u00e7\u00e3o cont\u00ednua a \u00f3xidos elevados. Este processo tamb\u00e9m ajuda a provocar o enfraquecimento futuro e a deteriora\u00e7\u00e3o gradual do cabelo. Aplicar 6% no mesmo local todos os meses n\u00e3o \u00e9 o mesmo que usar uma lanza para lavar o rosto.<\/p>\n<p><img decoding=\"async\" class=\"aligncenter\"  src=\"\/wp-content\/uploads\/2026\/08\/iz-bytovogo-chernogo-v-blond-za-odin-den-i-bez_4.jpg\"><br \/>\n  <s>E eu fui um deles num passado distante <\/s><br \/>\n  <img decoding=\"async\" class=\"aligncenter\"  src=\"\/wp-content\/uploads\/2026\/08\/iz-bytovogo-chernogo-v-blond-za-odin-den-i-bez_3.jpg\"><br \/>\n  <img decoding=\"async\" class=\"aligncenter\"  src=\"\/wp-content\/uploads\/2026\/08\/iz-bytovogo-chernogo-v-blond-za-odin-den-i-bez_5.jpg\"><\/p>\n<blockquote><p>\n   \u00c9 mais um mito do que uma realidade passar de preto a loiro num \u00fanico dia sem partir o cabelo. Embora alguns produtos afirmem funcionar rapidamente, aclarar o cabelo escuro para louro \u00e9 um processo dif\u00edcil que pode danificar seriamente o cabelo. Os estilistas especializados aconselham normalmente uma abordagem gradual e a marca\u00e7\u00e3o de v\u00e1rias consultas para preservar a sa\u00fade do cabelo. \u00c9 aconselh\u00e1vel ter paci\u00eancia e dar prioridade aos cuidados com o cabelo em detrimento de resultados r\u00e1pidos quando se tenta ficar loira, uma vez que faz\u00ea-lo demasiado cedo pode causar quebra, secura e at\u00e9 mesmo queda de cabelo.\n  <\/p><\/blockquote>\n<h2>Lavar e branquear.<\/h2>\n<h3>Lavagem<\/h3>\n<p>Optei por tratar primeiro da lavagem. usar uma lavagem \u00e1cida de rotina. A sua fun\u00e7\u00e3o \u00e9 ajudar a remover o pigmento cosm\u00e9tico para que o fundo do clareamento possa ser visto. A lavagem n\u00e3o torna o cabelo mais claro.<\/p>\n<p><b>Um pouco de teoria aborrecida<\/b><img decoding=\"async\" class=\"aligncenter\"  src=\"\/wp-content\/uploads\/2026\/08\/iz-bytovogo-chernogo-v-blond-za-odin-den-i-bez_21.jpg\"><\/p>\n<p>A raz\u00e3o para o quarto fundo \u00e9 que parte do pigmento natural do cabelo se perde quando este \u00e9 exposto a tinta ou p\u00f3. Cada n\u00edvel tem um fundo de luzes \u00fanico. imagem obtida de moysalon.ru<\/p>\n<p>Agora voltemos ao assunto. A lavagem ajuda a quebrar as liga\u00e7\u00f5es que mant\u00eam o pigmento cosm\u00e9tico no interior do cabelo, facilitando a remo\u00e7\u00e3o posterior. Qualquer efeito oxidante, que pode resultar de elementos oxidantes que surgem do nada no ar ou da aplica\u00e7\u00e3o abrupta de qualquer tinta sobre um \u00f3xido mais ou menos s\u00e3o. Sim, e voc\u00ea acreditava que estava num conto de fadas at\u00e9 isto acontecer? torna estas liga\u00e7\u00f5es quebradas novamente completas, e podemos ver como &ldquo;a cor regressa, o cabelo volta a ser preto.&quot;<\/p>\n<p>Leia atentamente as instru\u00e7\u00f5es do produto que escolher utilizar para evitar esta situa\u00e7\u00e3o. Mas isso n\u00e3o vai fazer com que resulte. Pode lavar at\u00e9 sete vezes, mas eu acho que o ideal \u00e9 n\u00e3o lavar mais do que duas ou tr\u00eas vezes. Utilizei uma abordagem de lavagem na segunda madeixa, que foi pintada uma vez, e tr\u00eas abordagens nas outras duas, que foram repetidamente pintadas de preto. E foi isso que aconteceu:<\/p>\n<p><img decoding=\"async\" class=\"aligncenter\"  src=\"\/wp-content\/uploads\/2026\/08\/iz-bytovogo-chernogo-v-blond-za-odin-den-i-bez_8.jpg\"><\/p>\n<ul>\n<li>A segunda madeixa quase voltou \u00e0 sua tonalidade original, mas&#8230; come\u00e7ou a ter uma tonalidade avermelhada. Porque n\u00e3o se trata de um cabelo totalmente pigmentado, mas de um cabelo com lavagem. O fundo do clareamento foi exposto. Mais cedo ou mais tarde, esse cabelo tornar-se-\u00e1 mais fino e extremamente fr\u00e1gil. \u00c9 como descolorir o cabelo natural para loiro e&#8230; e n\u00e3o fazer mais nada com ele. \u00c9 preciso tonalizar ou passar ao aclaramento se se quiser que fique mais claro.<\/li>\n<\/ul>\n<ul>\n<li>A terceira e a quarta madeixas, ap\u00f3s 2-3 lavagens, adquiriram tons acobreados t\u00e3o intensos (duas madeixas na extrema direita). Muitas pessoas que recorreram \u00e0 lavagem do cabelo que foi repetidamente pintado de preto\/castanho notam essa tonalidade vermelha. Este \u00e9 o fundo exposto do clareamento, que corresponde a 5-6 ugt <s>no melhor dos casos. Na pr\u00e1tica, a lavagem n\u00e3o remove a tintura t\u00e3o ligeiramente, parando em 4 ugt, e depois \u00e9 necess\u00e1rio clarear mais.<\/s><\/li>\n<\/ul>\n<p>  <img decoding=\"async\" class=\"aligncenter\"  src=\"\/wp-content\/uploads\/2026\/08\/iz-bytovogo-chernogo-v-blond-za-odin-den-i-bez_20.jpg\"><br \/>\n  <img decoding=\"async\" class=\"aligncenter\"  src=\"\/wp-content\/uploads\/2026\/08\/iz-bytovogo-chernogo-v-blond-za-odin-den-i-bez_6.jpg\"><\/p>\n<h3>Branqueamento<\/h3>\n<p><img decoding=\"async\" class=\"aligncenter\"  src=\"\/wp-content\/uploads\/2026\/08\/iz-bytovogo-chernogo-v-blond-za-odin-den-i-bez_9.jpg\"><\/p>\n<p>Algu\u00e9m acha piada a isto, fica chateado e come\u00e7a a sofrer com a ideia de que deveria ser um Russ em vez de vermelho e definitivamente n\u00e3o escuro. Isto implica que a fase de descolora\u00e7\u00e3o do p\u00f3 \u00e9 a seguinte. Como sou uma pessoa t\u00edmida e o mestre \u00e9 pessimista, s\u00f3 trabalho com \u00f3xidos baixos nestas situa\u00e7\u00f5es.<\/p>\n<ul>\n<li>Como prometido, descoloramos tr\u00eas madeixas: da esquerda para a direita preto m\u00faltiplo, preto simples e natural. A mistura \u00e9 a mesma em todo o lado: p\u00f3 <strong>Ollin menta<\/strong> e 3% de \u00f3xido. Tempo de conserva\u00e7\u00e3o 1 hora.<\/li>\n<\/ul>\n<p>  <b>Um pouco sobre o tempo de reten\u00e7\u00e3o do p\u00f3<\/b><\/p>\n<p>Relativamente ao tempo de conserva\u00e7\u00e3o, os diferentes p\u00f3s de v\u00e1rios fabricantes t\u00eam recomenda\u00e7\u00f5es diferentes. De um modo geral, 1.5% e 3% devem ser manuseados entre 40 e 60 minutos, mas n\u00e3o se esque\u00e7a de monitorizar visualmente e tatilmente o processo. N\u00e3o vale a pena conservar o p\u00f3 se o cabelo tiver sido descolorado at\u00e9 ao n\u00edvel de clareamento ou de luminosidade adequado. Da mesma forma, se o cabelo come\u00e7ar a rasgar ou a esticar, segurar o p\u00f3 torna-se arriscado.<\/p>\n<p><img decoding=\"async\" class=\"aligncenter\"  src=\"\/wp-content\/uploads\/2026\/08\/iz-bytovogo-chernogo-v-blond-za-odin-den-i-bez_12.jpg\"><\/p>\n<ul>\n<li>J\u00e1 ao vig\u00e9simo minuto, \u00e9 vis\u00edvel a diferen\u00e7a na descolora\u00e7\u00e3o dos fios:<\/li>\n<\/ul>\n<p>  <s>com o tempo, n\u00e3o de imediato<\/s><\/p>\n<h2>Resultados da descolora\u00e7\u00e3o<\/h2>\n<p>Quando seca, obt\u00e9m-se o seguinte:<\/p>\n<p><img decoding=\"async\" class=\"aligncenter\"  src=\"\/wp-content\/uploads\/2026\/08\/iz-bytovogo-chernogo-v-blond-za-odin-den-i-bez_19.jpg\"><\/p>\n<p>O resultado \u00e9 mais do que po\u00e9tico. A madeixa natural aclarou geralmente at\u00e9 9 ugt, por isso, porque n\u00e3o continuar a pint\u00e1-la com uma tonalidade ligeiramente mais quente ou n\u00e3o t\u00e3o clara, se o propriet\u00e1rio desse cabelo estiver satisfeito com isso?<\/p>\n<p><img decoding=\"async\" class=\"aligncenter\"  src=\"\/wp-content\/uploads\/2026\/08\/iz-bytovogo-chernogo-v-blond-za-odin-den-i-bez_10.jpg\"><br \/>\n  <s>Infelizmente, na fotografia, a madeixa ficou mais escura e com cobre, mas \u00e9 suficiente para comparar com a madeixa seguinte.<\/s><br \/>\n  <img decoding=\"async\" class=\"aligncenter\"  src=\"\/wp-content\/uploads\/2026\/08\/iz-bytovogo-chernogo-v-blond-za-odin-den-i-bez_11.jpg\"><\/p>\n<p>  <img decoding=\"async\" class=\"aligncenter\"  src=\"\/wp-content\/uploads\/2026\/08\/iz-bytovogo-chernogo-v-blond-za-odin-den-i-bez_16.jpg\"><\/p>\n<p>De facto! Muito provavelmente, reparou na risca preta onde duas madeixas de descolora\u00e7\u00e3o se encontraram. Esta \u00e9 uma ilustra\u00e7\u00e3o perfeita de como os processos oxidativos adjacentes podem restaurar a cor desejada. Tr\u00eas lavagens podem n\u00e3o ter sido suficientes, e tamb\u00e9m \u00e9 poss\u00edvel que me tenha esquecido de mencionar a neutraliza\u00e7\u00e3o e a paragem dos processos provocados pela composi\u00e7\u00e3o da lavagem. Na vida real, esfor\u00e7o-me por descolorir completamente o cabelo, em vez de descolorir apenas uma parte, como fiz aqui, para evitar este tipo de problema.<\/p>\n<p><b>circunst\u00e2ncias imprevistas<\/b><\/p>\n<p>Uma quarta madeixa tamb\u00e9m estava presente. No entanto, foi extraviada durante a colora\u00e7\u00e3o e o tr\u00e2nsito. No entanto, digo \u00e0 revelia que o resultado de deixar o preto sem utilizar pasta ou p\u00f3 para branquear ser\u00e1 visivelmente mais escuro do que o resultado de deixar o preto atrav\u00e9s do p\u00f3, por isso&#8230; tirar conclus\u00f5es.<\/p>\n<p><img decoding=\"async\" class=\"aligncenter\"  src=\"\/wp-content\/uploads\/2026\/08\/iz-bytovogo-chernogo-v-blond-za-odin-den-i-bez_13.jpg\"><\/p>\n<p>Acha que \u00e9 isso?? Se ao menos, se ao menos&#8230; A reaplica\u00e7\u00e3o do p\u00f3 \u00e9 frequentemente necess\u00e1ria e, se o estado do cabelo o permitir, deve ser feita. Dependendo da din\u00e2mica da cor e da qualidade do cabelo, mantemo-lo durante um determinado per\u00edodo de tempo. Fiz press\u00e3o durante meia hora e depois retirei-o pelo mesmo m\u00e9todo, o que fez parar os processos alcalinos. E esta \u00e9 a imagem que se segue:<\/p>\n<p>Foram aclaradas tr\u00eas madeixas: uma a 10 ugt, outra a 9 ugt e outra a 7 ugt. De facto, o cobre n\u00e3o desapareceu.<\/p>\n<p><img decoding=\"async\" class=\"aligncenter\"  src=\"\/wp-content\/uploads\/2026\/08\/iz-bytovogo-chernogo-v-blond-za-odin-den-i-bez_15.jpg\"><\/p>\n<p>N\u00e3o se pode pintar o cabelo com uma cor mais clara, pelo menos em parte devido \u00e0 concentra\u00e7\u00e3o de pigmentos cosm\u00e9ticos e neutralizantes na &ldquo;tinta mais clara&rdquo; \u00e9 insuficiente para cobrir totalmente e neutralizar o cobre.<\/p>\n<p>Pode descolorir at\u00e9 conseguir, \u00e9 claro, mas usar o meu material na aus\u00eancia de plexos, liga\u00e7\u00f5es, refor\u00e7os e outros aditivos que reparam rapidamente a estrutura recentemente danificada s\u00f3 far\u00e1 com que o cabelo comece a cair. A grande maioria dos fugitivos negros n\u00e3o pagar\u00e1, nem querer\u00e1 pagar, mais do que a quantia especificada, porque as lixeiras, os t\u00edtulos e outros itens semelhantes s\u00e3o somas relativamente grandes de dinheiro. Mesmo assim, n\u00e3o h\u00e1 qualquer garantia de que o cabeleireiro consiga transformar o seu cabelo ruivo num corte louro vencedor.<\/p>\n<ol>\n<li>Lavagem. de 1 a 4 horas<\/li>\n<li>Descolora\u00e7\u00e3o. Inicial e repetido. de 2 a 9 horas, consoante a espessura do cabelo, a espessura das madeixas e o n\u00famero de abordagens. sujeito a um controlo visual e t\u00e1til constante, puxando cada madeixa e voltando a aplicar o p\u00f3. <s>se quiser sair do cabeleireiro com o comprimento com que chegou?<\/s><\/li>\n<li>Tingimento. 1-2 horas, incluindo secagem\/estiliza\u00e7\u00e3o.<\/li>\n<\/ol>\n<h2>Quais as armadilhas que se podem encontrar?<\/h2>\n<p>Manchas e riscas de v\u00e1rias cores que podem resultar de uma colora\u00e7\u00e3o ao acaso usando apenas as m\u00e3os e um espelho. Sim, n\u00e3o se pode pintar apenas algumas partes do cabelo. Em alternativa, tente fazer uma colora\u00e7\u00e3o oculta em casa e pinte apenas algumas sec\u00e7\u00f5es do seu cabelo.<\/p>\n<h3>O que acontece com as cores naturais??<\/h3>\n<p>\u00c9 poss\u00edvel que n\u00e3o tenha conhecimento das carater\u00edsticas da tinta, como o seu efeito de branqueamento extremo, que torna imposs\u00edvel cobrir quando algu\u00e9m diz &ldquo;quero um castanho claro frio.&quot; Al\u00e9m disso, corre o risco de se transformar num Pin\u00f3quio mal\u00e9fico que s\u00f3 pode ser salvo com uma tesoura se tiver experimentado produtos de colora\u00e7\u00e3o mas os tiver escondido do cabeleireiro, dizendo coisas como &ldquo;n\u00e3o, e depois?!&quot; Realmente? \u00c9 prefer\u00edvel n\u00e3o torturar o cabeleireiro e a si pr\u00f3prio cortando-o. Sim, de forma progressiva e dolorosa. sentiram-se como se estivessem num livro de hist\u00f3rias? &#8211; 2 ou assumir um resultado n\u00e3o claro e consistente.<\/p>\n<p>Um exemplo de um projeto falhado em que a cor pedida n\u00e3o era louro escuro e a base se revelou complexa (cores vivas que emergiram de cabelos pretos e inicialmente danificados). Eu n\u00e3o devia ter assumido este projeto e devia ter-lhe dado uma tonalidade mais escura.<\/p>\n<p><img decoding=\"async\" class=\"aligncenter\"  src=\"\/wp-content\/uploads\/2026\/08\/iz-bytovogo-chernogo-v-blond-za-odin-den-i-bez_14.jpg\"><\/p>\n<p>1. O que levaram com eles 2. ap\u00f3s os banhos, 3. Ap\u00f3s a descolora\u00e7\u00e3o, 4. ap\u00f3s a tonaliza\u00e7\u00e3o<\/p>\n<p>Um exemplo de trabalho eficaz em que o pedido era simplesmente real\u00e7ar o preto e a base n\u00e3o era t\u00e3o selvagem como no primeiro caso<\/p>\n<p><img decoding=\"async\" class=\"aligncenter\"  src=\"\/wp-content\/uploads\/2026\/08\/iz-bytovogo-chernogo-v-blond-za-odin-den-i-bez_22.jpg\"><\/p>\n<p>Mas quem sou eu para dizer que estou a ser desonesto?) Inicialmente, ambos os pedidos foram feitos com a frase &ldquo;I want an Instagram color stretch&rdquo; mas tive de convencer as raparigas durante o diagn\u00f3stico. D\u00f3i?? Naturalmente.<\/p>\n<p>Al\u00e9m disso, a cor desvanecer-se-\u00e1 mais rapidamente deste cabelo, revelando o fundo mais claro. Por esta raz\u00e3o, h\u00e1 que ter um cuidado extra com este tipo de cabelo e a cor deve ser ajustada tanto quanto poss\u00edvel. Por Deus, seria melhor faz\u00ea-lo a cores; seria mais \u00fatil e mais bonito. A rapariga do primeiro exemplo tem tons verdes e avermelhados, enquanto a rapariga do segundo exemplo tem tons amarelos e avermelhados.<\/p>\n<h3>E quanto \u00e0 colora\u00e7\u00e3o??<\/h3>\n<p>Nem tudo sobre tingimento brilhante \u00e9 f\u00e1cil de trabalhar, tamb\u00e9m. O seu cabelo pode ser facilmente descolorado at\u00e9 um tom claro de 9 ou 10 ugt, altura em que as portas para o universo da cor est\u00e3o abertas. Pastel ou saturado, frio ou quente. cinzento-lil\u00e1s-azul mesmo. Tudo \u00e9 conceb\u00edvel!<\/p>\n<p>As possibilidades de tingir com cores vivas s\u00e3o drasticamente reduzidas quando o cabelo de uma fam\u00edlia de cor preta, castanha, violeta e cereja \u00e9 descolorado para amarelo, vermelho e castanho. *Vou omitir o meu humor negro.<\/p>\n<p>N\u00e3o conseguir\u00e1 obter todos os tons claros\/pastel, mesmo depois de neutralizar o fundo de clareamento indesejado do seu cabelo. Em vez disso, s\u00f3 conseguir\u00e1 obter todas as tonalidades frias saturadas, que incluem o roxo, o azul, o azul claro, o verde e o verde turquesa\/marinho, com extrema dificuldade e possivelmente com sujidade.<\/p>\n<p>Por outras palavras, pode utilizar tons quentes e saturados da linha oposta, como o borgonha, o laranja, o vermelho e o rosa f\u00facsia, que resultar\u00e3o numa menor quantidade de sujidade. No entanto, estas s\u00e3o normalmente as cores menos solicitadas.<\/p>\n<p>Em conclus\u00e3o, \u00e9 necess\u00e1ria uma base perfeita ou um cabelo n\u00e3o pintado para as cores da moda.<\/p>\n<p>Para exemplos, n\u00e3o \u00e9 preciso procurar muito. Durante muito tempo, as raparigas pintaram o cabelo de preto ou de castanho (com exce\u00e7\u00e3o da \u00faltima rapariga, que pintou o cabelo uma \u00fanica vez), mas esperavam um azul secreto, um rosa ou um rosa escondido. Foi exatamente isso que aconteceu.<\/p>\n<p><img decoding=\"async\" class=\"aligncenter\"  src=\"\/wp-content\/uploads\/2026\/08\/iz-bytovogo-chernogo-v-blond-za-odin-den-i-bez_17.jpg\"><br \/>\n  <img decoding=\"async\" class=\"aligncenter\"  src=\"\/wp-content\/uploads\/2026\/08\/iz-bytovogo-chernogo-v-blond-za-odin-den-i-bez_18.jpg\"><br \/>\n  <img decoding=\"async\" class=\"aligncenter\"  src=\"\/wp-content\/uploads\/2026\/08\/iz-bytovogo-chernogo-v-blond-za-odin-den-i-bez_23.jpg\"><\/p>\n<h3>Algumas reflex\u00f5es<\/h3>\n<p>Alguns de v\u00f3s poder\u00e3o objetar, dizendo coisas como &ldquo;O autor \u00e9 um noob e envergonhou-se a si pr\u00f3prio. Pintei o meu cabelo de preto durante 150 anos e, em seis meses, fiquei lindamente loira, com o cabelo no s\u00edtio, etc.d. etc.p.&quot; A que posso responder da seguinte forma: As pessoas diferem no seu tipo de cabelo inicial; algumas s\u00e3o mais resistentes aos tratamentos qu\u00edmicos, enquanto outras s\u00e3o extremamente sens\u00edveis. gen\u00e9tica distinta.<\/p>\n<p>Cor natural original distinta. O resultado ser\u00e1 tanto mais claro quanto mais clara for a cor natural. Mas, mais uma vez, nem sempre. qualidade distinta da colora\u00e7\u00e3o e da manuten\u00e7\u00e3o. J\u00e1 mandei embora clientes cujos resultados de testes eram insuficientes para apoiar a sua transi\u00e7\u00e3o de preto para louro, e poderia ter levado algumas dessas clientes para o louro, mas optei por n\u00e3o o fazer.<\/p>\n<p>As pessoas cuidam do seu cabelo de forma diferente. As pessoas pedem comprimentos de cabelo diferentes. \u00c9 evidente que uma rapariga com um corte de cabelo curto pode passar de um tom escuro para um tom mais claro mais facilmente do que uma sereia com cabelo comprido. As ferramentas que o mestre utiliza e o tempo e oportunidade de que disp\u00f5e s\u00e3o pormenores cruciais.<\/p>\n<p>Existem materiais de primeira qualidade, que incluem uma s\u00e9rie de componentes para apoiar a estrutura do cabelo antes, durante e depois da colora\u00e7\u00e3o, e o seu custo \u00e9 elevado, tanto os produtos como os aditivos na mistura s\u00e3o caros. Existe um segmento m\u00e9dio, que \u00e9 um pouco mais simples, mas o cabelo tamb\u00e9m se sente relativamente bem no final. E h\u00e1 os cosm\u00e9ticos econ\u00f3micos, que muitas vezes n\u00e3o t\u00eam todos os componentes reparadores para o cabelo, <s>e n\u00e3o estamos a falar de todos os tipos de queratinas hidrolisadas, prote\u00ednas, \u00f3leos, extractos, deixe esta empresa para uma m\u00e1scara caseira num frasco.<\/s>, e se tais cosm\u00e9ticos podem ser utilizados com o cabelo natural sem danos vis\u00edveis, ent\u00e3o n\u00e3o consigo imaginar que seja poss\u00edvel conseguir uma grande sa\u00edda do preto com o subsequente resultado de luz m\u00e1xima.<\/p>\n<p>Embora eu, pessoalmente, n\u00e3o possa atualmente dar-me ao luxo de trabalhar com materiais de alta qualidade, isso n\u00e3o me impede de utilizar os mesmos produtos para cuidar do meu pr\u00f3prio cabelo.<\/p>\n<p>A maioria das pessoas n\u00e3o consegue passar do preto ao louro num dia sem danificar o cabelo. Embora alguns digam que \u00e9 poss\u00edvel, na pr\u00e1tica, os danos graves s\u00e3o geralmente evitados atrav\u00e9s de v\u00e1rios passos e do manuseamento cuidadoso do material por um profissional.<\/p>\n<p>Se quer mesmo fazer esta mudan\u00e7a dr\u00e1stica, fale com um colorista que possa avaliar o estado do seu cabelo e orient\u00e1-la atrav\u00e9s de um tratamento de prote\u00e7\u00e3o. Apressar a transi\u00e7\u00e3o pode resultar em danos irrevers\u00edveis, secura e quebra.<\/p>\n<p>O segredo \u00e9 ter paci\u00eancia. \u00c9 prefer\u00edvel atingir gradualmente o look que pretende em vez de p\u00f4r em risco a sa\u00fade do seu cabelo. Tomar as decis\u00f5es corretas em termos de cuidados com o cabelo ao longo do caminho ir\u00e1 garantir uma transi\u00e7\u00e3o perfeita e gratificante de preto para louro.<\/p>\n<h2>V\u00eddeo sobre o tema<\/h2>\n<h3>Nunca fa\u00e7a ISTO quando estiver a passar de preto para loiro<\/h3>\n<p><iframe loading=\"lazy\" width=\"560\" height=\"315\" src=\"https:\/\/www.youtube.com\/embed\/nd4jOuokoc8\" frameborder=\"0\" allow=\"autoplay; encrypted-media\" allowfullscreen><\/iframe><\/p>\n<h3>Passar de preto para louro quente! Num dia!<\/h3>\n<p><iframe loading=\"lazy\" width=\"560\" height=\"315\" src=\"https:\/\/www.youtube.com\/embed\/O-ogNSlCrFQ\" frameborder=\"0\" allow=\"autoplay; encrypted-media\" allowfullscreen><\/iframe><\/p>\n<h3>Quanto custa passar de preto a claro?<\/h3>\n<p><iframe loading=\"lazy\" width=\"560\" height=\"315\" src=\"https:\/\/www.youtube.com\/embed\/wWp4zj55sEQ\" frameborder=\"0\" allow=\"autoplay; encrypted-media\" allowfullscreen><\/iframe><\/p>\n<h3>Passar de preto a louro ! Num dia.Precisa de uma receita? Escreva um coment\u00e1rio #hairdressertraining #haircolouring<\/h3>\n<p><iframe loading=\"lazy\" width=\"560\" height=\"315\" src=\"https:\/\/www.youtube.com\/embed\/Lt6PoiXl4B0\" frameborder=\"0\" allow=\"autoplay; encrypted-media\" allowfullscreen><\/iframe><\/p>\n<h3>De preto a loiro num dia&amp;#129763;<\/h3>\n<p><iframe loading=\"lazy\" width=\"560\" height=\"315\" src=\"https:\/\/www.youtube.com\/embed\/k_M3-ThhEv0\" frameborder=\"0\" allow=\"autoplay; encrypted-media\" allowfullscreen><\/iframe><\/p>\n<h3>Passar de preto a loiro em 1 hora e 30 minutos sem perder a qualidade do cabelo!<\/h3>\n<p><iframe loading=\"lazy\" width=\"560\" height=\"315\" src=\"https:\/\/www.youtube.com\/embed\/xeQhw_rh_gg\" frameborder=\"0\" allow=\"autoplay; encrypted-media\" allowfullscreen><\/iframe><\/p>\n<h3>Passar de preto em 4 horas sem perder qualidade em 12%<\/h3>\n<p><iframe loading=\"lazy\" width=\"560\" height=\"315\" src=\"https:\/\/www.youtube.com\/embed\/66TW2zi_pTw\" frameborder=\"0\" allow=\"autoplay; encrypted-media\" allowfullscreen><\/iframe><\/p>\n<h3>DO PRETO AO LOIRO NUMA S\u00d3 VEZ ? MITO OU VERDADE?<\/h3>\n<p><iframe loading=\"lazy\" width=\"560\" height=\"315\" src=\"https:\/\/www.youtube.com\/embed\/ThmJ7diz0gY\" frameborder=\"0\" allow=\"autoplay; encrypted-media\" allowfullscreen><\/iframe><\/p>\n","protected":false},"excerpt":{"rendered":"<p>Passar do preto para o louro no seu cabelo \u00e9 considerado uma mudan\u00e7a ousada. Muitas pessoas interrogam-se se \u00e9 poss\u00edvel passar de um cabelo escuro para um cabelo claro num s\u00f3 dia sem o p\u00f4r em perigo. Embora seja frequentemente discutido, o procedimento implica mais do que apenas uma simples opera\u00e7\u00e3o de colora\u00e7\u00e3o. A descolora\u00e7\u00e3o [&hellip;]<\/p>\n","protected":false},"author":20,"featured_media":0,"comment_status":"open","ping_status":"open","sticky":false,"template":"","format":"standard","meta":{"footnotes":""},"categories":[20],"tags":[],"class_list":["post-6790","post","type-post","status-publish","format-standard","","category-beauty"],"yoast_head":"<!-- This site is optimized with the Yoast SEO plugin v26.7 - https:\/\/yoast.com\/wordpress\/plugins\/seo\/ -->\n<title>Do preto quotidiano ao louro num dia e sem consequ\u00eancias. Mito ou realidade?<\/title>\n<meta name=\"description\" content=\"\u00c9 poss\u00edvel passar de preto a louro num dia sem danificar o cabelo? Descubra a verdade por detr\u00e1s deste mito de beleza e aprenda m\u00e9todos seguros para uma transforma\u00e7\u00e3o deslumbrante.\" \/>\n<meta name=\"robots\" content=\"index, follow, max-snippet:-1, max-image-preview:large, max-video-preview:-1\" \/>\n<link rel=\"canonical\" href=\"https:\/\/zavitushki.com\/pt\/from-household-black-to-blond-in-one-day-and\/\" \/>\n<meta property=\"og:locale\" content=\"pt_PT\" \/>\n<meta property=\"og:type\" content=\"article\" \/>\n<meta property=\"og:title\" content=\"Do preto quotidiano ao louro num dia e sem consequ\u00eancias. Mito ou realidade?\" \/>\n<meta property=\"og:description\" content=\"\u00c9 poss\u00edvel passar de preto a louro num dia sem danificar o cabelo? Descubra a verdade por detr\u00e1s deste mito de beleza e aprenda m\u00e9todos seguros para uma transforma\u00e7\u00e3o deslumbrante.\" \/>\n<meta property=\"og:url\" content=\"https:\/\/zavitushki.com\/pt\/from-household-black-to-blond-in-one-day-and\/\" \/>\n<meta property=\"og:site_name\" content=\"Zavitushki.com\" \/>\n<meta property=\"article:published_time\" content=\"2026-08-26T10:47:24+00:00\" \/>\n<meta name=\"author\" content=\"Alexey Ivanov\" \/>\n<meta name=\"twitter:card\" content=\"summary_large_image\" \/>\n<meta name=\"twitter:label1\" content=\"Escrito por\" \/>\n\t<meta name=\"twitter:data1\" content=\"Alexey Ivanov\" \/>\n\t<meta name=\"twitter:label2\" content=\"Tempo estimado de leitura\" \/>\n\t<meta name=\"twitter:data2\" content=\"18 minutos\" \/>\n<script type=\"application\/ld+json\" class=\"yoast-schema-graph\">{\"@context\":\"https:\/\/schema.org\",\"@graph\":[{\"@type\":\"Article\",\"@id\":\"https:\/\/zavitushki.com\/pt\/from-household-black-to-blond-in-one-day-and\/#article\",\"isPartOf\":{\"@id\":\"https:\/\/zavitushki.com\/pt\/from-household-black-to-blond-in-one-day-and\/\"},\"author\":{\"name\":\"Alexey Ivanov\",\"@id\":\"https:\/\/zavitushki.com\/pt\/#\/schema\/person\/e7d232017de16d2eebb08efaa2d775ec\"},\"headline\":\"Do preto dom\u00e9stico ao louro num s\u00f3 dia e sem consequ\u00eancias. Mito ou realidade?\",\"datePublished\":\"2026-08-26T10:47:24+00:00\",\"mainEntityOfPage\":{\"@id\":\"https:\/\/zavitushki.com\/pt\/from-household-black-to-blond-in-one-day-and\/\"},\"wordCount\":3641,\"commentCount\":0,\"articleSection\":[\"Beleza\"],\"inLanguage\":\"pt-PT\",\"potentialAction\":[{\"@type\":\"CommentAction\",\"name\":\"Comment\",\"target\":[\"https:\/\/zavitushki.com\/pt\/from-household-black-to-blond-in-one-day-and\/#respond\"]}]},{\"@type\":\"WebPage\",\"@id\":\"https:\/\/zavitushki.com\/pt\/from-household-black-to-blond-in-one-day-and\/\",\"url\":\"https:\/\/zavitushki.com\/pt\/from-household-black-to-blond-in-one-day-and\/\",\"name\":\"Do preto quotidiano ao louro num dia e sem consequ\u00eancias. Mito ou realidade?\",\"isPartOf\":{\"@id\":\"https:\/\/zavitushki.com\/pt\/#website\"},\"datePublished\":\"2026-08-26T10:47:24+00:00\",\"author\":{\"@id\":\"https:\/\/zavitushki.com\/pt\/#\/schema\/person\/e7d232017de16d2eebb08efaa2d775ec\"},\"description\":\"\u00c9 poss\u00edvel passar de preto a louro num dia sem danificar o cabelo? Descubra a verdade por detr\u00e1s deste mito de beleza e aprenda m\u00e9todos seguros para uma transforma\u00e7\u00e3o deslumbrante.\",\"breadcrumb\":{\"@id\":\"https:\/\/zavitushki.com\/pt\/from-household-black-to-blond-in-one-day-and\/#breadcrumb\"},\"inLanguage\":\"pt-PT\",\"potentialAction\":[{\"@type\":\"ReadAction\",\"target\":[\"https:\/\/zavitushki.com\/pt\/from-household-black-to-blond-in-one-day-and\/\"]}]},{\"@type\":\"BreadcrumbList\",\"@id\":\"https:\/\/zavitushki.com\/pt\/from-household-black-to-blond-in-one-day-and\/#breadcrumb\",\"itemListElement\":[{\"@type\":\"ListItem\",\"position\":1,\"name\":\"Lar\",\"item\":\"https:\/\/zavitushki.com\/pt\/\"},{\"@type\":\"ListItem\",\"position\":2,\"name\":\"Do preto dom\u00e9stico ao louro num s\u00f3 dia e sem consequ\u00eancias. Mito ou realidade?\"}]},{\"@type\":\"WebSite\",\"@id\":\"https:\/\/zavitushki.com\/pt\/#website\",\"url\":\"https:\/\/zavitushki.com\/pt\/\",\"name\":\"Zavitushki.com\",\"description\":\"Revista online feminina\",\"potentialAction\":[{\"@type\":\"SearchAction\",\"target\":{\"@type\":\"EntryPoint\",\"urlTemplate\":\"https:\/\/zavitushki.com\/pt\/?s={search_term_string}\"},\"query-input\":{\"@type\":\"PropertyValueSpecification\",\"valueRequired\":true,\"valueName\":\"search_term_string\"}}],\"inLanguage\":\"pt-PT\"},{\"@type\":\"Person\",\"@id\":\"https:\/\/zavitushki.com\/pt\/#\/schema\/person\/e7d232017de16d2eebb08efaa2d775ec\",\"name\":\"Alexey Ivanov\",\"image\":{\"@type\":\"ImageObject\",\"inLanguage\":\"pt-PT\",\"@id\":\"https:\/\/zavitushki.com\/pt\/#\/schema\/person\/image\/\",\"url\":\"https:\/\/secure.gravatar.com\/avatar\/d87e5a94aded15b9282c40d12388f3234e6f4f0609c3ee5bb6541fc64b2f3256?s=96&d=mm&r=g\",\"contentUrl\":\"https:\/\/secure.gravatar.com\/avatar\/d87e5a94aded15b9282c40d12388f3234e6f4f0609c3ee5bb6541fc64b2f3256?s=96&d=mm&r=g\",\"caption\":\"Alexey Ivanov\"},\"description\":\"Estilista com mais de dez anos de experi\u00eancia. Especializo-me em cortes de cabelo para homem e mulher, criando imagens que real\u00e7am a individualidade. Tenho a certeza de que toda a gente consegue encontrar o seu penteado ideal que real\u00e7a a beleza interior e a confian\u00e7a.\",\"url\":\"https:\/\/zavitushki.com\/pt\/author\/author-publications-pt_1\/\"}]}<\/script>\n<!-- \/ Yoast SEO plugin. -->","yoast_head_json":{"title":"Do preto quotidiano ao louro num dia e sem consequ\u00eancias. Mito ou realidade?","description":"\u00c9 poss\u00edvel passar de preto a louro num dia sem danificar o cabelo? Descubra a verdade por detr\u00e1s deste mito de beleza e aprenda m\u00e9todos seguros para uma transforma\u00e7\u00e3o deslumbrante.","robots":{"index":"index","follow":"follow","max-snippet":"max-snippet:-1","max-image-preview":"max-image-preview:large","max-video-preview":"max-video-preview:-1"},"canonical":"https:\/\/zavitushki.com\/pt\/from-household-black-to-blond-in-one-day-and\/","og_locale":"pt_PT","og_type":"article","og_title":"Do preto quotidiano ao louro num dia e sem consequ\u00eancias. Mito ou realidade?","og_description":"\u00c9 poss\u00edvel passar de preto a louro num dia sem danificar o cabelo? Descubra a verdade por detr\u00e1s deste mito de beleza e aprenda m\u00e9todos seguros para uma transforma\u00e7\u00e3o deslumbrante.","og_url":"https:\/\/zavitushki.com\/pt\/from-household-black-to-blond-in-one-day-and\/","og_site_name":"Zavitushki.com","article_published_time":"2026-08-26T10:47:24+00:00","author":"Alexey Ivanov","twitter_card":"summary_large_image","twitter_misc":{"Escrito por":"Alexey Ivanov","Tempo estimado de leitura":"18 minutos"},"schema":{"@context":"https:\/\/schema.org","@graph":[{"@type":"Article","@id":"https:\/\/zavitushki.com\/pt\/from-household-black-to-blond-in-one-day-and\/#article","isPartOf":{"@id":"https:\/\/zavitushki.com\/pt\/from-household-black-to-blond-in-one-day-and\/"},"author":{"name":"Alexey Ivanov","@id":"https:\/\/zavitushki.com\/pt\/#\/schema\/person\/e7d232017de16d2eebb08efaa2d775ec"},"headline":"Do preto dom\u00e9stico ao louro num s\u00f3 dia e sem consequ\u00eancias. Mito ou realidade?","datePublished":"2026-08-26T10:47:24+00:00","mainEntityOfPage":{"@id":"https:\/\/zavitushki.com\/pt\/from-household-black-to-blond-in-one-day-and\/"},"wordCount":3641,"commentCount":0,"articleSection":["Beleza"],"inLanguage":"pt-PT","potentialAction":[{"@type":"CommentAction","name":"Comment","target":["https:\/\/zavitushki.com\/pt\/from-household-black-to-blond-in-one-day-and\/#respond"]}]},{"@type":"WebPage","@id":"https:\/\/zavitushki.com\/pt\/from-household-black-to-blond-in-one-day-and\/","url":"https:\/\/zavitushki.com\/pt\/from-household-black-to-blond-in-one-day-and\/","name":"Do preto quotidiano ao louro num dia e sem consequ\u00eancias. Mito ou realidade?","isPartOf":{"@id":"https:\/\/zavitushki.com\/pt\/#website"},"datePublished":"2026-08-26T10:47:24+00:00","author":{"@id":"https:\/\/zavitushki.com\/pt\/#\/schema\/person\/e7d232017de16d2eebb08efaa2d775ec"},"description":"\u00c9 poss\u00edvel passar de preto a louro num dia sem danificar o cabelo? Descubra a verdade por detr\u00e1s deste mito de beleza e aprenda m\u00e9todos seguros para uma transforma\u00e7\u00e3o deslumbrante.","breadcrumb":{"@id":"https:\/\/zavitushki.com\/pt\/from-household-black-to-blond-in-one-day-and\/#breadcrumb"},"inLanguage":"pt-PT","potentialAction":[{"@type":"ReadAction","target":["https:\/\/zavitushki.com\/pt\/from-household-black-to-blond-in-one-day-and\/"]}]},{"@type":"BreadcrumbList","@id":"https:\/\/zavitushki.com\/pt\/from-household-black-to-blond-in-one-day-and\/#breadcrumb","itemListElement":[{"@type":"ListItem","position":1,"name":"Lar","item":"https:\/\/zavitushki.com\/pt\/"},{"@type":"ListItem","position":2,"name":"Do preto dom\u00e9stico ao louro num s\u00f3 dia e sem consequ\u00eancias. Mito ou realidade?"}]},{"@type":"WebSite","@id":"https:\/\/zavitushki.com\/pt\/#website","url":"https:\/\/zavitushki.com\/pt\/","name":"Zavitushki.com","description":"Revista online feminina","potentialAction":[{"@type":"SearchAction","target":{"@type":"EntryPoint","urlTemplate":"https:\/\/zavitushki.com\/pt\/?s={search_term_string}"},"query-input":{"@type":"PropertyValueSpecification","valueRequired":true,"valueName":"search_term_string"}}],"inLanguage":"pt-PT"},{"@type":"Person","@id":"https:\/\/zavitushki.com\/pt\/#\/schema\/person\/e7d232017de16d2eebb08efaa2d775ec","name":"Alexey Ivanov","image":{"@type":"ImageObject","inLanguage":"pt-PT","@id":"https:\/\/zavitushki.com\/pt\/#\/schema\/person\/image\/","url":"https:\/\/secure.gravatar.com\/avatar\/d87e5a94aded15b9282c40d12388f3234e6f4f0609c3ee5bb6541fc64b2f3256?s=96&d=mm&r=g","contentUrl":"https:\/\/secure.gravatar.com\/avatar\/d87e5a94aded15b9282c40d12388f3234e6f4f0609c3ee5bb6541fc64b2f3256?s=96&d=mm&r=g","caption":"Alexey Ivanov"},"description":"Estilista com mais de dez anos de experi\u00eancia. Especializo-me em cortes de cabelo para homem e mulher, criando imagens que real\u00e7am a individualidade. Tenho a certeza de que toda a gente consegue encontrar o seu penteado ideal que real\u00e7a a beleza interior e a confian\u00e7a.","url":"https:\/\/zavitushki.com\/pt\/author\/author-publications-pt_1\/"}]}},"_links":{"self":[{"href":"https:\/\/zavitushki.com\/pt\/wp-json\/wp\/v2\/posts\/6790","targetHints":{"allow":["GET"]}}],"collection":[{"href":"https:\/\/zavitushki.com\/pt\/wp-json\/wp\/v2\/posts"}],"about":[{"href":"https:\/\/zavitushki.com\/pt\/wp-json\/wp\/v2\/types\/post"}],"author":[{"embeddable":true,"href":"https:\/\/zavitushki.com\/pt\/wp-json\/wp\/v2\/users\/20"}],"replies":[{"embeddable":true,"href":"https:\/\/zavitushki.com\/pt\/wp-json\/wp\/v2\/comments?post=6790"}],"version-history":[{"count":0,"href":"https:\/\/zavitushki.com\/pt\/wp-json\/wp\/v2\/posts\/6790\/revisions"}],"wp:attachment":[{"href":"https:\/\/zavitushki.com\/pt\/wp-json\/wp\/v2\/media?parent=6790"}],"wp:term":[{"taxonomy":"category","embeddable":true,"href":"https:\/\/zavitushki.com\/pt\/wp-json\/wp\/v2\/categories?post=6790"},{"taxonomy":"post_tag","embeddable":true,"href":"https:\/\/zavitushki.com\/pt\/wp-json\/wp\/v2\/tags?post=6790"}],"curies":[{"name":"wp","href":"https:\/\/api.w.org\/{rel}","templated":true}]}}