{"id":6521,"date":"2024-09-10T14:23:42","date_gmt":"2024-09-10T11:23:42","guid":{"rendered":"https:\/\/zavitushki.com\/pt\/the-evolution-of-morgenstern-s-hairstyles-from\/"},"modified":"2024-09-10T14:23:42","modified_gmt":"2024-09-10T11:23:42","slug":"the-evolution-of-morgenstern-s-hairstyles-from","status":"publish","type":"post","link":"https:\/\/zavitushki.com\/pt\/the-evolution-of-morgenstern-s-hairstyles-from\/","title":{"rendered":"A evolu\u00e7\u00e3o dos penteados de Morgenstern: dos carac\u00f3is bonitos aos dreadlocks masculinos"},"content":{"rendered":"\n<p>Conhecido pelo seu nome art\u00edstico Morgenstern, Alisher Morgenstern sempre foi um criador de tend\u00eancias, nomeadamente no que diz respeito aos seus penteados. O cabelo sempre foi uma tela para a sua mudan\u00e7a de estilo; desde os seus primeiros dias com carac\u00f3is charmosos e saltitantes at\u00e9 ao seu visual atual com rastas masculinas arrojadas. O seu percurso capilar representa facetas distintas da sua personalidade e realiza\u00e7\u00f5es profissionais significativas em cada fase.<\/p>\n<p>A apar\u00eancia inicial de Morgenstern era mais despreocupada e jovem, e os seus ador\u00e1veis carac\u00f3is complementavam o seu comportamento vivaz. Os seus penteados come\u00e7aram a mudar \u00e0 medida que se tornou mais conhecido, reflectindo a sua evolu\u00e7\u00e3o como figura p\u00fablica e artista. Entrou numa fase mais madura da sua carreira com a mudan\u00e7a para estilos mais ousados e experimentais.<\/p>\n<p>Atualmente, as rastas de Morgenstern s\u00e3o mais uma afirma\u00e7\u00e3o do que um simples penteado. Representam a sua total aceita\u00e7\u00e3o da singularidade e da inventividade. A evolu\u00e7\u00e3o do seu cabelo explora a forma como o estilo de cada um pode ser um reflexo do seu desenvolvimento como pessoa, bem como o impacto da r\u00e1pida evolu\u00e7\u00e3o das ind\u00fastrias da moda e da m\u00fasica.<\/p>\n<h2>Aspeto natural<\/h2>\n<p>Alisher tem um cabelo naturalmente espesso, encaracolado e escuro. Decidi usar rastas, um penteado comum entre os rappers, para criar uma imagem escandalosa. O m\u00fasico cria o seu pr\u00f3prio visual clareando, tonificando e mudando a cor do seu cabelo regularmente. A sua personalidade marcante permite que o p\u00fablico se lembre dele, e a concorr\u00eancia feroz no espa\u00e7o dos blogues exige a aplica\u00e7\u00e3o cont\u00ednua de novos conceitos.<\/p>\n<p>Usa todos os truques poss\u00edveis: rapa a parte de tr\u00e1s da cabe\u00e7a e as t\u00eamporas; faz p\u00e3ezinhos da moda; e torce as suas rastas em rabos-de-cavalo altos que parecem palmas das m\u00e3os. A curiosidade do p\u00fablico \u00e9 despertada por esta fotografia, que permite ao jovem de Ufa atingir todo o seu potencial na capital.<\/p>\n<p><img decoding=\"async\" class=\"aligncenter\"  src=\"\/wp-content\/uploads\/2024\/09\/jevoljucija-prichjosok-morgenshterna-ot-milyh_7.jpg\"><\/p>\n<h2>Que penteado tinha ele na inf\u00e2ncia, na juventude<\/h2>\n<p>A fam\u00edlia biol\u00f3gica de Alisher Tagirovich Morgenhtern em Ufa era constitu\u00edda por pessoas comuns. A sua irm\u00e3 mais nova \u00e9 irm\u00e3 do cantor e os seus pais divorciaram-se pouco tempo depois. cresceu como qualquer outro mi\u00fado, gostava de andar de skate e escrevia a sua pr\u00f3pria m\u00fasica. A m\u00e3e deu-lhe um microfone profissional e sempre incentivou os seus esfor\u00e7os art\u00edsticos.<\/p>\n<p>Os seus penteados n\u00e3o eram muito criativos quando era mais novo. De cabelo preto encaracolado e curto, n\u00e3o era diferente dos seus colegas fora da sala de aula &#8211; s\u00f3 tinha ideias criativas quando se tratava de composi\u00e7\u00f5es musicais.<\/p>\n<p><img decoding=\"async\" class=\"aligncenter\"  src=\"\/wp-content\/uploads\/2024\/09\/jevoljucija-prichjosok-morgenshterna-ot-milyh_2.jpg\"><\/p>\n<p>Ele grava as suas primeiras faixas, ganha o seu primeiro dinheiro e procura por si pr\u00f3prio enquanto adolescente. O seu cabelo cresce em carac\u00f3is e n\u00e3o \u00e9 penteado; as madeixas que se desenvolvem d\u00e3o a impress\u00e3o de ter um cabelo volumoso. O pessoal docente estava sempre indignado com a imagem original.<\/p>\n<p><img decoding=\"async\" class=\"aligncenter\"  src=\"\/wp-content\/uploads\/2024\/09\/jevoljucija-prichjosok-morgenshterna-ot-milyh_4.jpg\"><\/p>\n<h2>Penteados da estrela<\/h2>\n<p><strong>Para se tornar um bloguista famoso, n\u00e3o basta ser um rapper talentoso, ter capacidades vocais excepcionais.<\/strong> Para que milh\u00f5es de pessoas sigam os novos v\u00eddeos, composi\u00e7\u00f5es com interesse, \u00e9 preciso persistir no seu objetivo. Morgenstern construiu passo a passo uma carreira, deu entrevistas, uniu-se em tandem com outras estrelas da Internet, fez par\u00f3dias bem sucedidas de celebridades e grupos sociais. Atualmente, continua a procurar o seu caminho, depois apaga os v\u00eddeos do seu canal, depois muda de ideias e volta a coloc\u00e1-los. A incerteza \u00e9 causada pelas enormes oportunidades de realiza\u00e7\u00e3o do potencial criativo.<\/p>\n<ul>\n<li><strong>2016<\/strong> &#8211; ativamente empenhada na cria\u00e7\u00e3o de blogues, regista as primeiras composi\u00e7\u00f5es. <strong>Amarra o cabelo comprido e encaracolado num rabo-de-cavalo lateral,<\/strong><strong>dando um ar bastante c\u00f3mico.<\/strong> A auto-ironia e as letras humor\u00edsticas das can\u00e7\u00f5es s\u00e3o apreciadas pelo espetador, tamb\u00e9m o penteado original atrai a aten\u00e7\u00e3o, os carac\u00f3is escuros destacam-se constantemente do choque geral<\/li>\n<\/ul>\n<p><img decoding=\"async\" class=\"aligncenter\"  src=\"\/wp-content\/uploads\/2024\/09\/jevoljucija-prichjosok-morgenshterna-ot-milyh_5.jpg\"><\/p>\n<ul>\n<li><strong>2017 &#8211; cria um penteado popular entre os rappers, que se chama dreadlocks,<\/strong> traduzido literalmente como carac\u00f3is aterradores. Escolhe principalmente representantes de movimentos subculturais, permite enfatizar as carater\u00edsticas do estilo. A cantora escolhe madeixas de comprimento m\u00e9dio, ideais para o cabelo espesso e encaracolado da blogger. Complementa com zonas rapadas nas t\u00eamporas e na parte de tr\u00e1s da cabe\u00e7a. Cria uma palma alta a partir das rastas, o penteado corrige um rosto redondo, torna-o mais estreito.<\/li>\n<\/ul>\n<p><img decoding=\"async\" class=\"aligncenter\"  src=\"\/wp-content\/uploads\/2024\/09\/jevoljucija-prichjosok-morgenshterna-ot-milyh_3.jpg\"><\/p>\n<ul>\n<li><strong>2018 tornou-se o ano da experimenta\u00e7\u00e3o da colora\u00e7\u00e3o.<\/strong> Preserva dreadlocks, que visivelmente se tornam mais longos, faz todos os tipos de palmas, caudas, p\u00e3es, tamb\u00e9m dissolve bloqueios. Decide real\u00e7ar o seu penteado original com in\u00fameras colora\u00e7\u00f5es. Cabelo vermelho, azul, multicolorido &#8211; o cantor nunca deixou de chocar o p\u00fablico. As mudan\u00e7as criativas do artista reflectiram-se na sua apar\u00eancia. O rapper com rastas vermelhas destaca-se mesmo contra o pano de fundo dos seus colegas igualmente expressivos.<\/li>\n<\/ul>\n<p><img decoding=\"async\" class=\"aligncenter\"  src=\"\/wp-content\/uploads\/2024\/09\/jevoljucija-prichjosok-morgenshterna-ot-milyh_1.jpg\"><\/p>\n<ul>\n<li><strong>Com o cabelo azul em forma de palmeira e numerosas tatuagens<\/strong> continua a filmar hist\u00f3rias, acrescentando ao seu blogue. Manobras extraordin\u00e1rias, cr\u00edticas aos colegas, letras provocadoras, o artista utiliza todos os meios para manter a popularidade.<\/li>\n<\/ul>\n<p><img decoding=\"async\" class=\"aligncenter\"  src=\"\/wp-content\/uploads\/2024\/09\/jevoljucija-prichjosok-morgenshterna-ot-milyh_6.jpg\"><\/p>\n<ul>\n<li><strong>Segue ativamente as \u00faltimas tend\u00eancias, usa as mesmas rastas,<\/strong> que t\u00eam de ser aclaradas de cada vez para uma pigmenta\u00e7\u00e3o uniforme das madeixas. O seu novo penteado agrada-lhe com a variedade de tons de cor. Com rastas cor de laranja, cor-de-rosa e azuis, Morgenstern continua a criar pistas escandalosas. Atualmente, o cantor tem um corte de cabelo curto sem madeixas, mas quem sabe que experi\u00eancias ir\u00e1 fazer amanh\u00e3.<\/li>\n<\/ul>\n<p><img decoding=\"async\" class=\"aligncenter\"  src=\"\/wp-content\/uploads\/2024\/09\/jevoljucija-prichjosok-morgenshterna-ot-milyh_8.jpg\"><\/p>\n<table>\n<tbody>\n<tr>\n<td>Per\u00edodo<\/td>\n<td>Penteado<\/td>\n<\/tr>\n<tr>\n<td>Primeiros anos<\/td>\n<td>Carac\u00f3is bonitos, jovens e divertidos<\/td>\n<\/tr>\n<tr>\n<td>Revela\u00e7\u00e3o<\/td>\n<td>Cortes inferiores arrojados com os lados rapados<\/td>\n<\/tr>\n<tr>\n<td>Fama em ascens\u00e3o<\/td>\n<td>Experimentou picos curtos<\/td>\n<\/tr>\n<tr>\n<td>Pico de popularidade<\/td>\n<td>Rastas masculinas ic\u00f3nicas, arrojadas e distintas<\/td>\n<\/tr>\n<\/tbody>\n<\/table>\n<p>Os penteados de Morgenstern mudaram significativamente ao longo do tempo, reflectindo tanto o seu desenvolvimento como pessoa como as tend\u00eancias em mudan\u00e7a no mundo da m\u00fasica. O seu cabelo sempre foi uma tela para a auto-express\u00e3o, desde os seus primeiros dias com ador\u00e1veis carac\u00f3is que lhe davam um charme juvenil at\u00e9 \u00e0s suas actuais rastas arrojadas. Esta mudan\u00e7a reflecte n\u00e3o s\u00f3 as suas fases criativas vari\u00e1veis, mas tamb\u00e9m a sua abertura para experimentar coisas novas e adotar estilos n\u00e3o convencionais.<\/p>\n<p>Cada mudan\u00e7a no cabelo de Morgenstern simbolizou um ponto de viragem importante na sua carreira e mostrou como a sua imagem mudou para refletir a sua personalidade em muta\u00e7\u00e3o. Embora as suas rastas representem agora uma atitude mais madura e destemida, os seus carac\u00f3is eram uma refer\u00eancia divertida aos seus prim\u00f3rdios. Esta explora\u00e7\u00e3o de penteados demonstra como o estilo pessoal de um artista pode desempenhar um papel crucial na forma\u00e7\u00e3o da sua identidade e personalidade p\u00fablica.<\/p>\n<p>O cabelo de Morgenstern continua a ser um s\u00edmbolo da sua inventividade e tenacidade \u00e0 medida que experimenta diferentes visuais. A sua est\u00e9tica em mudan\u00e7a serve para lembrar que a mudan\u00e7a \u00e9 uma componente necess\u00e1ria do desenvolvimento e que aceit\u00e1-la pode resultar em algumas das formas mais profundas e duradouras de auto-express\u00e3o. Quer se sinta atra\u00eddo pelas rastas arrojadas de Morgenstern ou pelos seus carac\u00f3is intemporais, os seus penteados demonstram o m\u00e1ximo da sua express\u00e3o pessoal.<\/p>\n<blockquote><p>\n   Ao longo dos anos, os penteados de Morgenstern mudaram drasticamente, reflectindo as mudan\u00e7as nas tend\u00eancias de cuidados masculinos, bem como o seu pr\u00f3prio desenvolvimento pessoal. Desde os primeiros dias em que ostentava carac\u00f3is cativantes que revelavam um lado despreocupado e brincalh\u00e3o at\u00e9 \u00e0 sua audaciosa ado\u00e7\u00e3o de rastas que acentuam um visual mais sofisticado e arrojado, o percurso do cabelo de Morgenstern reflecte tanto a sua identidade em mudan\u00e7a como o terreno em mudan\u00e7a da moda masculina. Este ensaio examina a forma como os seus penteados reflectem n\u00e3o s\u00f3 fases distintas da vida, mas tamb\u00e9m mudan\u00e7as mais gerais nos gostos sociais e art\u00edsticos.\n  <\/p><\/blockquote>\n<h2>V\u00eddeo sobre o tema<\/h2>\n<h3>TODOS OS ESTILOS DE CABELO DE MORGENSHTERN OU COMO MUDOU O ESTILO DE CABELO DE MORGENSHTERN<\/h3>\n<p><iframe loading=\"lazy\" width=\"560\" height=\"315\" src=\"https:\/\/www.youtube.com\/embed\/bYD85i6VuhA\" frameborder=\"0\" allow=\"autoplay; encrypted-media\" allowfullscreen><\/iframe><\/p>\n<h3>Como Morgenshtern mudou 2026&#8211;2026<\/h3>\n<p><iframe loading=\"lazy\" width=\"560\" height=\"315\" src=\"https:\/\/www.youtube.com\/embed\/QW2NnwQ3QeA\" frameborder=\"0\" allow=\"autoplay; encrypted-media\" allowfullscreen><\/iframe><\/p>\n<h3>Cortes de cabelo de Alisher Morgenshtern \\ MORGENSHTERN<\/h3>\n<p><iframe loading=\"lazy\" width=\"560\" height=\"315\" src=\"https:\/\/www.youtube.com\/embed\/Nkmb0Cfql64\" frameborder=\"0\" allow=\"autoplay; encrypted-media\" allowfullscreen><\/iframe><\/p>\n<h3>COMO FORAM FEITOS OS DREADLOCKS DE MORGENSHTERN?? | MAR\u00c7O 2026<\/h3>\n<p><iframe loading=\"lazy\" width=\"560\" height=\"315\" src=\"https:\/\/www.youtube.com\/embed\/KCUKbcXy4GI\" frameborder=\"0\" allow=\"autoplay; encrypted-media\" allowfullscreen><\/iframe><\/p>\n","protected":false},"excerpt":{"rendered":"<p>Conhecido pelo seu nome art\u00edstico Morgenstern, Alisher Morgenstern sempre foi um criador de tend\u00eancias, nomeadamente no que diz respeito aos seus penteados. O cabelo sempre foi uma tela para a sua mudan\u00e7a de estilo; desde os seus primeiros dias com carac\u00f3is charmosos e saltitantes at\u00e9 ao seu visual atual com rastas masculinas arrojadas. O seu [&hellip;]<\/p>\n","protected":false},"author":25,"featured_media":0,"comment_status":"open","ping_status":"open","sticky":false,"template":"","format":"standard","meta":{"footnotes":""},"categories":[20],"tags":[],"class_list":["post-6521","post","type-post","status-publish","format-standard","","category-beauty"],"yoast_head":"<!-- This site is optimized with the Yoast SEO plugin v26.7 - https:\/\/yoast.com\/wordpress\/plugins\/seo\/ -->\n<title>As rastas de Morgenstern: fotografias com rastas masculinas vermelhas, azuis, azuis claras, cor de laranja e sem rastas, quantas rastas, qual \u00e9 o nome do penteado, como fazer uma palmeira como um rapper, qual \u00e9 o aspeto atual, a evolu\u00e7\u00e3o dos cortes de cabelo da estrela<\/title>\n<meta name=\"description\" content=\"Explore a derradeira transforma\u00e7\u00e3o dos penteados de Morgenstern, desde os seus bonitos carac\u00f3is iniciais at\u00e9 \u00e0s suas ousadas rastas masculinas. Descubra a evolu\u00e7\u00e3o da sua apar\u00eancia e estilo \u00fanicos.\" \/>\n<meta name=\"robots\" content=\"index, follow, max-snippet:-1, max-image-preview:large, max-video-preview:-1\" \/>\n<link rel=\"canonical\" href=\"https:\/\/zavitushki.com\/pt\/the-evolution-of-morgenstern-s-hairstyles-from\/\" \/>\n<meta property=\"og:locale\" content=\"pt_PT\" \/>\n<meta property=\"og:type\" content=\"article\" \/>\n<meta property=\"og:title\" content=\"As rastas de Morgenstern: fotografias com rastas masculinas vermelhas, azuis, azuis claras, cor de laranja e sem rastas, quantas rastas, qual \u00e9 o nome do penteado, como fazer uma palmeira como um rapper, qual \u00e9 o aspeto atual, a evolu\u00e7\u00e3o dos cortes de cabelo da estrela\" \/>\n<meta property=\"og:description\" content=\"Explore a derradeira transforma\u00e7\u00e3o dos penteados de Morgenstern, desde os seus bonitos carac\u00f3is iniciais at\u00e9 \u00e0s suas ousadas rastas masculinas. Descubra a evolu\u00e7\u00e3o da sua apar\u00eancia e estilo \u00fanicos.\" \/>\n<meta property=\"og:url\" content=\"https:\/\/zavitushki.com\/pt\/the-evolution-of-morgenstern-s-hairstyles-from\/\" \/>\n<meta property=\"og:site_name\" content=\"Zavitushki.com\" \/>\n<meta property=\"article:published_time\" content=\"2024-09-10T11:23:42+00:00\" \/>\n<meta name=\"author\" content=\"Ana Lebedeva\" \/>\n<meta name=\"twitter:card\" content=\"summary_large_image\" \/>\n<meta name=\"twitter:label1\" content=\"Escrito por\" \/>\n\t<meta name=\"twitter:data1\" content=\"Ana Lebedeva\" \/>\n\t<meta name=\"twitter:label2\" content=\"Tempo estimado de leitura\" \/>\n\t<meta name=\"twitter:data2\" content=\"7 minutos\" \/>\n<script type=\"application\/ld+json\" class=\"yoast-schema-graph\">{\"@context\":\"https:\/\/schema.org\",\"@graph\":[{\"@type\":\"Article\",\"@id\":\"https:\/\/zavitushki.com\/pt\/the-evolution-of-morgenstern-s-hairstyles-from\/#article\",\"isPartOf\":{\"@id\":\"https:\/\/zavitushki.com\/pt\/the-evolution-of-morgenstern-s-hairstyles-from\/\"},\"author\":{\"name\":\"Ana Lebedeva\",\"@id\":\"https:\/\/zavitushki.com\/pt\/#\/schema\/person\/45dc0c60617aaa2a318722ee4995a547\"},\"headline\":\"A evolu\u00e7\u00e3o dos penteados de Morgenstern: dos carac\u00f3is bonitos aos dreadlocks masculinos\",\"datePublished\":\"2024-09-10T11:23:42+00:00\",\"mainEntityOfPage\":{\"@id\":\"https:\/\/zavitushki.com\/pt\/the-evolution-of-morgenstern-s-hairstyles-from\/\"},\"wordCount\":1430,\"commentCount\":0,\"articleSection\":[\"Beleza\"],\"inLanguage\":\"pt-PT\",\"potentialAction\":[{\"@type\":\"CommentAction\",\"name\":\"Comment\",\"target\":[\"https:\/\/zavitushki.com\/pt\/the-evolution-of-morgenstern-s-hairstyles-from\/#respond\"]}]},{\"@type\":\"WebPage\",\"@id\":\"https:\/\/zavitushki.com\/pt\/the-evolution-of-morgenstern-s-hairstyles-from\/\",\"url\":\"https:\/\/zavitushki.com\/pt\/the-evolution-of-morgenstern-s-hairstyles-from\/\",\"name\":\"As rastas de Morgenstern: fotografias com rastas masculinas vermelhas, azuis, azuis claras, cor de laranja e sem rastas, quantas rastas, qual \u00e9 o nome do penteado, como fazer uma palmeira como um rapper, qual \u00e9 o aspeto atual, a evolu\u00e7\u00e3o dos cortes de cabelo da estrela\",\"isPartOf\":{\"@id\":\"https:\/\/zavitushki.com\/pt\/#website\"},\"datePublished\":\"2024-09-10T11:23:42+00:00\",\"author\":{\"@id\":\"https:\/\/zavitushki.com\/pt\/#\/schema\/person\/45dc0c60617aaa2a318722ee4995a547\"},\"description\":\"Explore a derradeira transforma\u00e7\u00e3o dos penteados de Morgenstern, desde os seus bonitos carac\u00f3is iniciais at\u00e9 \u00e0s suas ousadas rastas masculinas. Descubra a evolu\u00e7\u00e3o da sua apar\u00eancia e estilo \u00fanicos.\",\"breadcrumb\":{\"@id\":\"https:\/\/zavitushki.com\/pt\/the-evolution-of-morgenstern-s-hairstyles-from\/#breadcrumb\"},\"inLanguage\":\"pt-PT\",\"potentialAction\":[{\"@type\":\"ReadAction\",\"target\":[\"https:\/\/zavitushki.com\/pt\/the-evolution-of-morgenstern-s-hairstyles-from\/\"]}]},{\"@type\":\"BreadcrumbList\",\"@id\":\"https:\/\/zavitushki.com\/pt\/the-evolution-of-morgenstern-s-hairstyles-from\/#breadcrumb\",\"itemListElement\":[{\"@type\":\"ListItem\",\"position\":1,\"name\":\"Lar\",\"item\":\"https:\/\/zavitushki.com\/pt\/\"},{\"@type\":\"ListItem\",\"position\":2,\"name\":\"A evolu\u00e7\u00e3o dos penteados de Morgenstern: dos carac\u00f3is bonitos aos dreadlocks masculinos\"}]},{\"@type\":\"WebSite\",\"@id\":\"https:\/\/zavitushki.com\/pt\/#website\",\"url\":\"https:\/\/zavitushki.com\/pt\/\",\"name\":\"Zavitushki.com\",\"description\":\"Revista online feminina\",\"potentialAction\":[{\"@type\":\"SearchAction\",\"target\":{\"@type\":\"EntryPoint\",\"urlTemplate\":\"https:\/\/zavitushki.com\/pt\/?s={search_term_string}\"},\"query-input\":{\"@type\":\"PropertyValueSpecification\",\"valueRequired\":true,\"valueName\":\"search_term_string\"}}],\"inLanguage\":\"pt-PT\"},{\"@type\":\"Person\",\"@id\":\"https:\/\/zavitushki.com\/pt\/#\/schema\/person\/45dc0c60617aaa2a318722ee4995a547\",\"name\":\"Ana Lebedeva\",\"image\":{\"@type\":\"ImageObject\",\"inLanguage\":\"pt-PT\",\"@id\":\"https:\/\/zavitushki.com\/pt\/#\/schema\/person\/image\/\",\"url\":\"https:\/\/secure.gravatar.com\/avatar\/d16bc74b090316ac109da7a6a5384743d540f2b2446266b334a6912401d637b2?s=96&d=mm&r=g\",\"contentUrl\":\"https:\/\/secure.gravatar.com\/avatar\/d16bc74b090316ac109da7a6a5384743d540f2b2446266b334a6912401d637b2?s=96&d=mm&r=g\",\"caption\":\"Ana Lebedeva\"},\"description\":\"Cabeleireiro-estilista com um interesse especial em cortes de cabelo e penteados criativos. Inspiro-me em ideias vanguardistas e esfor\u00e7o-me por lhes dar vida. Tenho a certeza de que cada penteado deve refletir a singularidade da personalidade e real\u00e7ar o estilo individual.\",\"url\":\"https:\/\/zavitushki.com\/pt\/author\/author-publications-pt_6\/\"}]}<\/script>\n<!-- \/ Yoast SEO plugin. -->","yoast_head_json":{"title":"As rastas de Morgenstern: fotografias com rastas masculinas vermelhas, azuis, azuis claras, cor de laranja e sem rastas, quantas rastas, qual \u00e9 o nome do penteado, como fazer uma palmeira como um rapper, qual \u00e9 o aspeto atual, a evolu\u00e7\u00e3o dos cortes de cabelo da estrela","description":"Explore a derradeira transforma\u00e7\u00e3o dos penteados de Morgenstern, desde os seus bonitos carac\u00f3is iniciais at\u00e9 \u00e0s suas ousadas rastas masculinas. Descubra a evolu\u00e7\u00e3o da sua apar\u00eancia e estilo \u00fanicos.","robots":{"index":"index","follow":"follow","max-snippet":"max-snippet:-1","max-image-preview":"max-image-preview:large","max-video-preview":"max-video-preview:-1"},"canonical":"https:\/\/zavitushki.com\/pt\/the-evolution-of-morgenstern-s-hairstyles-from\/","og_locale":"pt_PT","og_type":"article","og_title":"As rastas de Morgenstern: fotografias com rastas masculinas vermelhas, azuis, azuis claras, cor de laranja e sem rastas, quantas rastas, qual \u00e9 o nome do penteado, como fazer uma palmeira como um rapper, qual \u00e9 o aspeto atual, a evolu\u00e7\u00e3o dos cortes de cabelo da estrela","og_description":"Explore a derradeira transforma\u00e7\u00e3o dos penteados de Morgenstern, desde os seus bonitos carac\u00f3is iniciais at\u00e9 \u00e0s suas ousadas rastas masculinas. Descubra a evolu\u00e7\u00e3o da sua apar\u00eancia e estilo \u00fanicos.","og_url":"https:\/\/zavitushki.com\/pt\/the-evolution-of-morgenstern-s-hairstyles-from\/","og_site_name":"Zavitushki.com","article_published_time":"2024-09-10T11:23:42+00:00","author":"Ana Lebedeva","twitter_card":"summary_large_image","twitter_misc":{"Escrito por":"Ana Lebedeva","Tempo estimado de leitura":"7 minutos"},"schema":{"@context":"https:\/\/schema.org","@graph":[{"@type":"Article","@id":"https:\/\/zavitushki.com\/pt\/the-evolution-of-morgenstern-s-hairstyles-from\/#article","isPartOf":{"@id":"https:\/\/zavitushki.com\/pt\/the-evolution-of-morgenstern-s-hairstyles-from\/"},"author":{"name":"Ana Lebedeva","@id":"https:\/\/zavitushki.com\/pt\/#\/schema\/person\/45dc0c60617aaa2a318722ee4995a547"},"headline":"A evolu\u00e7\u00e3o dos penteados de Morgenstern: dos carac\u00f3is bonitos aos dreadlocks masculinos","datePublished":"2024-09-10T11:23:42+00:00","mainEntityOfPage":{"@id":"https:\/\/zavitushki.com\/pt\/the-evolution-of-morgenstern-s-hairstyles-from\/"},"wordCount":1430,"commentCount":0,"articleSection":["Beleza"],"inLanguage":"pt-PT","potentialAction":[{"@type":"CommentAction","name":"Comment","target":["https:\/\/zavitushki.com\/pt\/the-evolution-of-morgenstern-s-hairstyles-from\/#respond"]}]},{"@type":"WebPage","@id":"https:\/\/zavitushki.com\/pt\/the-evolution-of-morgenstern-s-hairstyles-from\/","url":"https:\/\/zavitushki.com\/pt\/the-evolution-of-morgenstern-s-hairstyles-from\/","name":"As rastas de Morgenstern: fotografias com rastas masculinas vermelhas, azuis, azuis claras, cor de laranja e sem rastas, quantas rastas, qual \u00e9 o nome do penteado, como fazer uma palmeira como um rapper, qual \u00e9 o aspeto atual, a evolu\u00e7\u00e3o dos cortes de cabelo da estrela","isPartOf":{"@id":"https:\/\/zavitushki.com\/pt\/#website"},"datePublished":"2024-09-10T11:23:42+00:00","author":{"@id":"https:\/\/zavitushki.com\/pt\/#\/schema\/person\/45dc0c60617aaa2a318722ee4995a547"},"description":"Explore a derradeira transforma\u00e7\u00e3o dos penteados de Morgenstern, desde os seus bonitos carac\u00f3is iniciais at\u00e9 \u00e0s suas ousadas rastas masculinas. Descubra a evolu\u00e7\u00e3o da sua apar\u00eancia e estilo \u00fanicos.","breadcrumb":{"@id":"https:\/\/zavitushki.com\/pt\/the-evolution-of-morgenstern-s-hairstyles-from\/#breadcrumb"},"inLanguage":"pt-PT","potentialAction":[{"@type":"ReadAction","target":["https:\/\/zavitushki.com\/pt\/the-evolution-of-morgenstern-s-hairstyles-from\/"]}]},{"@type":"BreadcrumbList","@id":"https:\/\/zavitushki.com\/pt\/the-evolution-of-morgenstern-s-hairstyles-from\/#breadcrumb","itemListElement":[{"@type":"ListItem","position":1,"name":"Lar","item":"https:\/\/zavitushki.com\/pt\/"},{"@type":"ListItem","position":2,"name":"A evolu\u00e7\u00e3o dos penteados de Morgenstern: dos carac\u00f3is bonitos aos dreadlocks masculinos"}]},{"@type":"WebSite","@id":"https:\/\/zavitushki.com\/pt\/#website","url":"https:\/\/zavitushki.com\/pt\/","name":"Zavitushki.com","description":"Revista online feminina","potentialAction":[{"@type":"SearchAction","target":{"@type":"EntryPoint","urlTemplate":"https:\/\/zavitushki.com\/pt\/?s={search_term_string}"},"query-input":{"@type":"PropertyValueSpecification","valueRequired":true,"valueName":"search_term_string"}}],"inLanguage":"pt-PT"},{"@type":"Person","@id":"https:\/\/zavitushki.com\/pt\/#\/schema\/person\/45dc0c60617aaa2a318722ee4995a547","name":"Ana Lebedeva","image":{"@type":"ImageObject","inLanguage":"pt-PT","@id":"https:\/\/zavitushki.com\/pt\/#\/schema\/person\/image\/","url":"https:\/\/secure.gravatar.com\/avatar\/d16bc74b090316ac109da7a6a5384743d540f2b2446266b334a6912401d637b2?s=96&d=mm&r=g","contentUrl":"https:\/\/secure.gravatar.com\/avatar\/d16bc74b090316ac109da7a6a5384743d540f2b2446266b334a6912401d637b2?s=96&d=mm&r=g","caption":"Ana Lebedeva"},"description":"Cabeleireiro-estilista com um interesse especial em cortes de cabelo e penteados criativos. Inspiro-me em ideias vanguardistas e esfor\u00e7o-me por lhes dar vida. Tenho a certeza de que cada penteado deve refletir a singularidade da personalidade e real\u00e7ar o estilo individual.","url":"https:\/\/zavitushki.com\/pt\/author\/author-publications-pt_6\/"}]}},"_links":{"self":[{"href":"https:\/\/zavitushki.com\/pt\/wp-json\/wp\/v2\/posts\/6521","targetHints":{"allow":["GET"]}}],"collection":[{"href":"https:\/\/zavitushki.com\/pt\/wp-json\/wp\/v2\/posts"}],"about":[{"href":"https:\/\/zavitushki.com\/pt\/wp-json\/wp\/v2\/types\/post"}],"author":[{"embeddable":true,"href":"https:\/\/zavitushki.com\/pt\/wp-json\/wp\/v2\/users\/25"}],"replies":[{"embeddable":true,"href":"https:\/\/zavitushki.com\/pt\/wp-json\/wp\/v2\/comments?post=6521"}],"version-history":[{"count":0,"href":"https:\/\/zavitushki.com\/pt\/wp-json\/wp\/v2\/posts\/6521\/revisions"}],"wp:attachment":[{"href":"https:\/\/zavitushki.com\/pt\/wp-json\/wp\/v2\/media?parent=6521"}],"wp:term":[{"taxonomy":"category","embeddable":true,"href":"https:\/\/zavitushki.com\/pt\/wp-json\/wp\/v2\/categories?post=6521"},{"taxonomy":"post_tag","embeddable":true,"href":"https:\/\/zavitushki.com\/pt\/wp-json\/wp\/v2\/tags?post=6521"}],"curies":[{"name":"wp","href":"https:\/\/api.w.org\/{rel}","templated":true}]}}