{"id":6234,"date":"2024-09-10T14:46:49","date_gmt":"2024-09-10T11:46:49","guid":{"rendered":"https:\/\/zavitushki.com\/pt\/all-about-keratin-hair-straightening-i-talk-about\/"},"modified":"2024-09-10T14:46:49","modified_gmt":"2024-09-10T11:46:49","slug":"all-about-keratin-hair-straightening-i-talk-about","status":"publish","type":"post","link":"https:\/\/zavitushki.com\/pt\/all-about-keratin-hair-straightening-i-talk-about\/","title":{"rendered":"Tudo sobre o alisamento do cabelo com queratina! Falo sobre as nuances, desfa\u00e7o os mitos e partilho os resultados"},"content":{"rendered":"\n<p>O alisamento com queratina pode ser a resposta que tem procurado se alguma vez imaginou ter um cabelo liso e sem frisado que brilha com um brilho natural. Este tratamento muito apreciado tem muito mais para al\u00e9m do que parece \u00e0 primeira vista, apesar da sua promessa de meses de cabelo suave e male\u00e1vel. Iremos abordar as especificidades do alisamento do cabelo com queratina nesta publica\u00e7\u00e3o, incluindo o que implica e que tipo de resultados deve esperar razoavelmente.<\/p>\n<p>Tamb\u00e9m falaremos sobre alguns mal-entendidos e mitos generalizados em rela\u00e7\u00e3o ao procedimento. Vamos esclarecer tudo e ajud\u00e1-la a fazer uma escolha informada, respondendo a quaisquer d\u00favidas que possa ter relativamente a qualquer coisa, desde a necessidade de manuten\u00e7\u00e3o at\u00e9 \u00e0 seguran\u00e7a dos produtos de queratina. Este guia dar-lhe-\u00e1 a clareza de que necessita, quer esteja a pensar em fazer um alisamento com queratina pela primeira vez ou esteja apenas a perguntar como funciona.<\/p>\n<p>Quando terminar, saber\u00e1 exatamente o que \u00e9 o alisamento com queratina, como pode ajudar o seu cabelo e o que deve ter em conta para garantir que obt\u00e9m os melhores resultados. Vamos l\u00e1 descobrir as verdades sobre este tratamento capilar muito apreciado.<\/p>\n<table>\n<tbody>\n<tr>\n<td><strong>T\u00f3pico<\/strong><\/td>\n<td><strong>Descri\u00e7\u00e3o<\/strong><\/td>\n<\/tr>\n<tr>\n<td>O que \u00e9 o Alisamento com Queratina?<\/td>\n<td>O alisamento com queratina \u00e9 um tratamento que alisa e alisa o cabelo atrav\u00e9s da aplica\u00e7\u00e3o de uma f\u00f3rmula \u00e0 base de queratina. Ajuda a reduzir o frisado e torna o cabelo mais male\u00e1vel.<\/td>\n<\/tr>\n<tr>\n<td>Como funciona?<\/td>\n<td>O tratamento envolve a aplica\u00e7\u00e3o de uma solu\u00e7\u00e3o de queratina no cabelo, que \u00e9 depois selada com o calor de um ferro de engomar. Este processo ajuda a unir a queratina ao cabelo, criando um aspeto mais suave e liso.<\/td>\n<\/tr>\n<tr>\n<td>Benef\u00edcios<\/td>\n<td>O alisamento com queratina pode tornar o cabelo mais brilhante, menos frisado e mais f\u00e1cil de pentear. Tamb\u00e9m pode reduzir o tempo de secagem com o secador e de cria\u00e7\u00e3o de penteados.<\/td>\n<\/tr>\n<tr>\n<td>Mitos<\/td>\n<td>Alguns mitos incluem o facto de tornar o cabelo completamente liso e de alterar permanentemente a estrutura do cabelo. Na realidade, os resultados variam e, normalmente, duram alguns meses antes de necessitarem de retoques.<\/td>\n<\/tr>\n<tr>\n<td>Cuidados p\u00f3s-tratamento<\/td>\n<td>Para manter os resultados, evite lavar o cabelo com demasiada frequ\u00eancia e utilize champ\u00f4s sem sulfatos. Tente tamb\u00e9m reduzir ao m\u00ednimo os penteados com calor.<\/td>\n<\/tr>\n<tr>\n<td>Resultados<\/td>\n<td>Muitas pessoas sentem o cabelo mais suave, mais brilhante e com menos frisado. No entanto, a efic\u00e1cia pode depender do tipo de cabelo e da qualidade do tratamento.<\/td>\n<\/tr>\n<\/tbody>\n<\/table>\n<h2>O alisamento com queratina \u00e9 uma oportunidade para ter um cabelo liso<\/h2>\n<p>A maioria das raparigas com cabelo ondulado ou encaracolado j\u00e1 deve ter pensado em fazer um alisamento com queratina em algum momento das suas vidas. Embora agora adore os seus carac\u00f3is naturais, estou ciente de que houve muitos desafios a ultrapassar antes de serem aceites, tais como a influ\u00eancia da sociedade, a discord\u00e2ncia entre a apar\u00eancia e o cabelo (sou distinta, o meu cabelo \u00e9 separado), etc. J\u00e1 experimentei isto pessoalmente.<\/p>\n<p>No entanto, nem toda a gente \u00e9 capaz de aceitar a sua estrutura inata. N\u00e3o consegui. Este post cont\u00e9m as minhas opini\u00f5es e conclus\u00f5es.<\/p>\n<p>Desde 2017, tenho usado um alisador de cabelo sem parar, quase nunca alternando entre ele e a escovagem do cabelo. Apesar de a utiliza\u00e7\u00e3o de um alisador de cabelo causar um trauma grave no cabelo, consegui deixar crescer o meu cabelo desde o queixo at\u00e9 \u00e0s omoplatas.<\/p>\n<p><img decoding=\"async\" class=\"aligncenter\"  src=\"\/wp-content\/uploads\/2024\/09\/vsjo-o-keratinovom-vyprjamlenii-volos-rasskazyvaju_1.jpg\"><\/p>\n<p>Se o meu cabelo n\u00e3o tivesse come\u00e7ado a partir-se e a rachar tanto, teria continuado a usar um alisador de cabelo. Parece que se excederam. E nenhuma quantidade de laca conseguiria domar esta \u00e1rvore de Natal indom\u00e1vel em comprimento.<\/p>\n<p><img decoding=\"async\" class=\"aligncenter\"  src=\"\/wp-content\/uploads\/2024\/09\/vsjo-o-keratinovom-vyprjamlenii-volos-rasskazyvaju_4.jpg\"><\/p>\n<p>Depois disso, pensei um pouco sobre a queratina e at\u00e9 fiz um inqu\u00e9rito posterior, com o objetivo de determinar o rumo futuro do movimento e avaliar todas as vantagens e desvantagens. Como a queratina est\u00e1 associada \u00e0 raiva, \u00e0 falta de comunica\u00e7\u00e3o e \u00e0 condena\u00e7\u00e3o, eu tinha medo dela. No entanto, s\u00f3 tenho um cabelo e, se lhe acontecer alguma coisa, corto-o \u00e0 rapaz. N\u00e3o era algo que eu tivesse planeado.<\/p>\n<p>No fim de contas, o interesse prevaleceu. Fiz uma escolha. Por isso, hoje tenho uma hist\u00f3ria para partilhar convosco.<\/p>\n<h3>Primeira experi\u00eancia<\/h3>\n<p>H\u00e1 mais de seis meses que n\u00e3o visitava a rede social proibida, mas n\u00e3o havia nada a fazer porque a maioria dos mestres residia l\u00e1, pelo que passei mais de um dia \u00e0 procura de um mestre adequado. Para ser sincera, foi um verdadeiro desafio. Escolher uma pessoa com base apenas em fotografias para confiar o seu bem mais precioso, o seu cabelo, \u00e9 uma decis\u00e3o dif\u00edcil. Mesmo assim, decidi-me por algo. Dei-me duas semanas de anteced\u00eancia, ou seja, at\u00e9 25 de maio, para me inscrever e ter tempo para pensar em tudo.<\/p>\n<p>25 de maio de 2022 Chegou o dia X. Os meus pensamentos n\u00e3o mudaram. Estou a planear fazer um alisamento de queratina. \u00c9 emocionante, assustador e estimulante ao mesmo tempo: o engomar est\u00e1 feito.<\/p>\n<p>O cabeleireiro simp\u00e1tico cumprimentou-me. Afinal, o est\u00fadio era ador\u00e1vel e espa\u00e7oso. Tomaram em considera\u00e7\u00e3o o meu historial capilar e o resultado pretendido, sentaram-me numa cadeira e puseram m\u00e3os \u00e0 obra.<\/p>\n<ol>\n<li><i>Lav\u00e1mos<\/i> a minha cabe\u00e7a <i>champ\u00f4 especial<\/i> (SHGO) e <i>efectuaram um teste de elasticidade.<\/i> A cabeleireira considerou os cabelos danificados e, com base nisso, decidiu combinar v\u00e1rias composi\u00e7\u00f5es no seu trabalho.<\/li>\n<li><i>Enrolado<\/i> do cabelo numa toalha descart\u00e1vel, e depois <i>sec\u00e1-lo com um secador de cabelo.<\/i><\/li>\n<li><i>Come\u00e7aram a aplicar a composi\u00e7\u00e3o.<\/i> Madeixa a madeixa, cabelo a cabelo &#8211; meticulosamente, sem falhar um mil\u00edmetro.<\/li>\n<li>Ofereceram-me ch\u00e1 com doces e <i>sentar-me com a composi\u00e7\u00e3o no meu cabelo<\/i> cerca de 30 minutos. Recusei o ch\u00e1, mas <i>sentar<\/i> ainda <i>tive de.<\/i>A Internet era fraca dentro de casa, por isso tive de jogar Bubble Shooter durante meia hora. )<\/li>\n<li><i>Cabelos secos com a composi\u00e7\u00e3o a 100%.<\/i> Demora muito tempo, mas \u00e9 necess\u00e1rio.<\/li>\n<li><i>Come\u00e7\u00e1mos a evaporar a composi\u00e7\u00e3o.<\/i> Nesta fase, o mestre, com base no grau de danos no cabelo, seleciona a temperatura ideal do ferro e o n\u00famero m\u00e1ximo de pux\u00f5es de uma madeixa (5, 10, 15, etc.).).d.). N\u00e3o haver\u00e1 pormenores, porque por alguma raz\u00e3o a artes\u00e3 n\u00e3o considerou necess\u00e1rio partilhar esta informa\u00e7\u00e3o comigo. No entanto, visualmente tudo parecia assustador: um &ldquo;fumo&rdquo; esbranqui\u00e7ado saiu da chapinha e do cabelo. Isto \u00e9 normal, \u00e9 assim que a composi\u00e7\u00e3o se evapora.<\/li>\n<li>Para terminar, disseram-me <i>para me sentar<\/i> dez minutos numa cadeira e <i>Deixar arrefecer o cabelo<\/i>. <i>Composi\u00e7\u00e3o do cabelo <u><b>n\u00e3o lavar<\/b>.<\/u><\/i> Disseram-me que tinha de ficar fixa durante 4-5 horas. Sa\u00ed do est\u00fadio por volta das 14 horas, disseram-me para o lavar por volta das 18 horas. Fiquei com o cabelo liso, mas ligeiramente penteado. S\u00e3o agrad\u00e1veis ao tato, suaves e brilhantes. Fiquei bastante satisfeita com o resultado, mas disse a mim pr\u00f3pria para n\u00e3o tirar conclus\u00f5es precipitadas.<\/li>\n<\/ol>\n<p><img decoding=\"async\" class=\"aligncenter\"  src=\"\/wp-content\/uploads\/2024\/09\/vsjo-o-keratinovom-vyprjamlenii-volos-rasskazyvaju_5.jpg\"><\/p>\n<p>Cuidei normalmente do meu cabelo durante todo o tempo que se seguiu. N\u00e3o fiz quaisquer altera\u00e7\u00f5es porque estava a receber cuidados intensivos antes do procedimento. A \u00fanica coisa que mudou foi que comecei a lavar o meu cabelo com mais frequ\u00eancia com produtos sem sulfato, porque continuo a acreditar que os resultados durar\u00e3o mais tempo e porque este produto sem sulfato em particular \u00e9 muito bonito.<\/p>\n<p>Que altera\u00e7\u00f5es notei no cabelo ap\u00f3s o procedimento??<\/p>\n<ul>\n<li><i>O cabelo quer beber<\/i>. Concentro-me na hidrata\u00e7\u00e3o.<\/li>\n<li><i>Os produtos sem enxaguamento n\u00e3o s\u00e3o sentidos no cabelo ap\u00f3s a aplica\u00e7\u00e3o.<\/i> H\u00e1 uma sensa\u00e7\u00e3o de que os fios absorvem tudo. Pode-se exagerar na quantidade.<\/li>\n<li><i>Temporariamente, n\u00e3o h\u00e1 necessidade de produtos restauradores<\/i>, em.h. ampolas ou cuidados a frio.<\/li>\n<li><i>Cabelo ligeiramente aclarado,<\/i> literalmente por meio tom. A cor na tela ficou mais uniforme.<\/li>\n<li>O cabelo pode ser completamente seco com um secador de cabelo em literalmente 10 minutos (contra 15-20 antes).<\/li>\n<\/ul>\n<p>Infelizmente, o efeito desvaneceu-se rapidamente &#8211; literalmente, num m\u00eas e meio &#8211; com as madeixas da frente a come\u00e7arem a ondular como antes, as pontas a encaracolarem-se para dentro, o tempo de secagem a aumentar mais uma vez e a utiliza\u00e7\u00e3o de uma escova &#8211; que nem sempre foi \u00fatil &#8211; a ser necess\u00e1ria para obter o resultado desejado. Mesmo assim, o estilo manteve-se apelativo.<\/p>\n<p><img decoding=\"async\" class=\"aligncenter\"  src=\"\/wp-content\/uploads\/2024\/09\/vsjo-o-keratinovom-vyprjamlenii-volos-rasskazyvaju_6.jpg\"><img decoding=\"async\" class=\"aligncenter\"  src=\"\/wp-content\/uploads\/2024\/09\/vsjo-o-keratinovom-vyprjamlenii-volos-rasskazyvaju_7.jpg\"><img decoding=\"async\" class=\"aligncenter\"  src=\"\/wp-content\/uploads\/2024\/09\/vsjo-o-keratinovom-vyprjamlenii-volos-rasskazyvaju_8.jpg\"><\/p>\n<p>Foi tomada a decis\u00e3o de repetir o procedimento. Preferia-a ao mesmo mestre.<\/p>\n<h3>Segunda experi\u00eancia<\/h3>\n<p>Inicialmente, tinha-me inscrito para o dia 8 de novembro, mas mudei rapidamente de ideias porque estava farta de perder tanto tempo a fazer penteados, especialmente quando usar um ferro de engomar continuaria a ser igualmente dif\u00edcil. novo registo a 16\/7.<\/p>\n<p>Cheguei no dia marcado. Estava tudo na mesma como da primeira vez: um atelier encantador, um mestre am\u00e1vel. Expliquei tudo \u00e0 mestra quando ela me perguntou porque \u00e9 que eu tinha vindo t\u00e3o cedo ap\u00f3s a primeira interven\u00e7\u00e3o. Comentou como o meu cabelo estava bonito e perguntou-me se tinha a certeza de que queria fazer a opera\u00e7\u00e3o. Naturalmente, raios, eu quero! O meu cabelo voltou a encaracolar; porque \u00e9 que ainda h\u00e1 perguntas??<\/p>\n<p>A cabeleireira procurou no seu bloco de notas a \u00faltima vez que a visitei. Havia notas sobre a composi\u00e7\u00e3o em que estava a trabalhar. Ela preocupa-se genuinamente com a sa\u00fade do cabelo da cliente, e foi por isso que gostei deste momento. Mas, por acaso, a primeira vez que ela me deu Botox em vez de queratina. Informar imediatamente o cliente deste facto? E porqu\u00ea??<\/p>\n<p>Muito bem, o processo come\u00e7ou. At\u00e9 se deram ao trabalho de me dizer que desta vez iriam fazer queratina. N\u00e3o \u00e9 uma composi\u00e7\u00e3o muito forte, pois o cabelo continua quebradi\u00e7o e danificado, apesar de ter melhorado durante o per\u00edodo sem ferro. Garantiram que o impacto duraria, no m\u00ednimo, tr\u00eas meses.<\/p>\n<p><img decoding=\"async\" class=\"aligncenter\"  src=\"\/wp-content\/uploads\/2024\/09\/vsjo-o-keratinovom-vyprjamlenii-volos-rasskazyvaju_9.jpg\"><\/p>\n<p>Foram utilizadas as mesmas fases que anteriormente. Limpar, secar, aplicar a mistura, envelhecer, secar e, finalmente, evaporar a mistura. Depois de passar a ferro, tive de lavar o cabelo em casa quatro a cinco horas mais tarde. O cabeleireiro, entre outras coisas, utilizou uma m\u00e1quina para passar pelo meu cabelo e cortar uma &ldquo;espinha de peixe&rdquo;, ou seja, pontas viradas em vez de bifurcadas.<\/p>\n<p>Na entrada do atelier havia um arm\u00e1rio maravilhosamente iluminado com sinais de sa\u00edda. Estavam dispon\u00edveis nas prateleiras produtos da Davines, Chi, GK e de v\u00e1rias empresas de p\u00f3s-tratamento para manter intactos os efeitos do procedimento. Cedi e tomei o s\u00e9rum da GK, que era realmente espetacular.<\/p>\n<p>Sa\u00ed para a rua, entrei no meu carro e tirei uma fotografia. Em compara\u00e7\u00e3o com o primeiro procedimento, preferi muito mais o resultado. O cabelo \u00e9 incrivelmente liso, sombrio e suave! Os cabelos tamb\u00e9m ficaram notavelmente mais brilhantes. Se da \u00faltima vez o cabelo ficou mais claro do que meia tonelada, desta vez vai mesmo ficar.<\/p>\n<p><img decoding=\"async\" class=\"aligncenter\"  src=\"\/wp-content\/uploads\/2024\/09\/vsjo-o-keratinovom-vyprjamlenii-volos-rasskazyvaju_13.jpg\"><img decoding=\"async\" class=\"aligncenter\"  src=\"\/wp-content\/uploads\/2024\/09\/vsjo-o-keratinovom-vyprjamlenii-volos-rasskazyvaju_14.jpg\"><\/p>\n<p>Passei esse dia a cozinhar, a preparar saladas, a fazer um bolo e, de um modo geral, a p\u00f4r a mesa para preparar o anivers\u00e1rio da minha m\u00e3e. Consequentemente, era altamente inapropriado colocar o cabelo que n\u00e3o pode ser amarrado firmemente atr\u00e1s da orelha, pois isso resultaria em vincos. No entanto, consegui.<\/p>\n<p><img decoding=\"async\" class=\"aligncenter\"  src=\"\/wp-content\/uploads\/2024\/09\/vsjo-o-keratinovom-vyprjamlenii-volos-rasskazyvaju_10.jpg\"><\/p>\n<p>O meu cabelo estava extremamente liso quando o lavei, mas as pontas estavam um pouco para dentro. Depois da primeira vez, senti-me muito incomodada com este efeito e esperei que n\u00e3o voltasse a acontecer. Infelizmente.<\/p>\n<p>Comecei a cuidar cuidadosamente do meu cabelo porque, bem, ele ficou ainda mais danificado. Concentrei-me:<\/p>\n<ul>\n<li>Hidrata\u00e7\u00e3o. Meninas, o cabelo queratinizado precisa disso como nada.<\/li>\n<li>Restaura\u00e7\u00e3o. Cerca de um m\u00eas ap\u00f3s o procedimento, liguei os cuidados com a ampola. Uma vez por semana, lavei constantemente o cabelo com uma ampola (alternei-as sempre). Desta forma, o meu cabelo ficou muito melhor, notou-se.<\/li>\n<li>Os \u00f3leos sem enxaguamento s\u00e3o mais gordos. Depois experimentei completamente o \u00f3leo Lebel.<\/li>\n<\/ul>\n<p>Em suma, nada correu mal. No entanto, estaria a mentir se dissesse que estou totalmente satisfeito com a tela. Era direto, de facto. No entanto, n\u00e3o era poss\u00edvel alinhar as pontas. De facto, a secagem foi menor. O cabelo molhado, no entanto, era desagrad\u00e1vel ao toque. Ou seja, este &ldquo;mas&rdquo; inc\u00f3modo estava presente em todos os momentos.<\/p>\n<p>Os cabelos espetados, a secura visual e a dificuldade em obter brilho foram os aspetos que mais me incomodaram. Ou seja, havia brilho, mas era suave e mate e n\u00e3o parecia muito natural.<\/p>\n<p><img decoding=\"async\" class=\"aligncenter\"  src=\"\/wp-content\/uploads\/2024\/09\/vsjo-o-keratinovom-vyprjamlenii-volos-rasskazyvaju_11.jpg\"><img decoding=\"async\" class=\"aligncenter\"  src=\"\/wp-content\/uploads\/2024\/09\/vsjo-o-keratinovom-vyprjamlenii-volos-rasskazyvaju_12.jpg\"><\/p>\n<p>Fiquei sempre insatisfeito com o resultado. Depois, um verme de obsess\u00e3o come\u00e7ou a crescer dentro da minha cabe\u00e7a: ser\u00e1 que o problema est\u00e1 no meu cabelo, ou talvez nas m\u00e3os do mestre?? E tomei a decis\u00e3o de visitar outro mestre para confirmar isto. Tomar a decis\u00e3o de o fazer foi t\u00e3o dif\u00edcil como ir pela primeira vez a um sal\u00e3o de cabeleireiro para alisar o cabelo.<\/p>\n<h3>Terceira experi\u00eancia<\/h3>\n<p>Decidi, sem pensar duas vezes, ir ter com uma rapariga que conhe\u00e7o \u00e0 revelia, que faz isto h\u00e1 mais de um ano e que \u00e9 realmente apaixonada pelo assunto. Al\u00e9m disso, ela tem um cabelo lind\u00edssimo e espesso que lhe chega \u00e0 cintura. Para ser sincero, o pre\u00e7o acima da m\u00e9dia fez-me recusar quando a quis ver pela primeira vez. Desta vez, optei por n\u00e3o cortar nos pormenores.<\/p>\n<p>Comprometi-me com 27.10. Cheguei no dia marcado e a primeira vantagem foi o facto de este est\u00fadio estar mais bem localizado do que o anterior. O escrit\u00f3rio parecia espa\u00e7oso, leve e confort\u00e1vel, e era evidente que tinha sido decorado com bom gosto. O mestre conquistou-me imediatamente. Ela perguntou muito sobre o passado do meu cabelo, a manuten\u00e7\u00e3o, o resultado desejado da cirurgia, alergias e outros assuntos. Ela convenceu-me.<\/p>\n<p>Al\u00e9m disso, esta mestra perguntou-me se eu queria mesmo fazer a opera\u00e7\u00e3o seguinte e se achava que o meu cabelo ainda estava suficientemente liso. Eu desejava-o. E assim come\u00e7\u00e1mos a trabalhar.<\/p>\n<p><img decoding=\"async\" class=\"aligncenter\"  src=\"\/wp-content\/uploads\/2024\/09\/vsjo-o-keratinovom-vyprjamlenii-volos-rasskazyvaju_15.jpg\"><\/p>\n<ol>\n<li><i>Lavei o meu cabelo com SHGO<\/i>. O mestre efectuou um teste de elasticidade (danos) do cabelo e sugeriu que se fizesse uma base para que o cabelo aguentasse mais tempo o efeito e ficasse menos danificado. Eu li que isso \u00e9 poss\u00edvel, mas o mestre anterior n\u00e3o me ofereceu nada disso. E eu sou totalmente a favor! Penso que o resultado ser\u00e1 muito melhor desta forma.<\/li>\n<li>Deleite <i>aplicou uma composi\u00e7\u00e3o reparadora a frio no cabelo<\/i> (Vi que a composi\u00e7\u00e3o era da marca Donatti). Colocar uma touca t\u00e9rmica por cima e cronometrar 20 minutos &#8211; durante este tempo, a composi\u00e7\u00e3o deve &ldquo;remendar&rdquo; e nutre o cabelo. Enquanto a m\u00e1scara estava a atuar no cabelo, bebi um delicioso ch\u00e1 quente com bolachas e vi um filme na televis\u00e3o, que estava gentilmente ligada em segundo plano.<\/li>\n<li>Ap\u00f3s 20 minutos, <i>senti o cheiro da composi\u00e7\u00e3o<\/i> do cabelo (sem champ\u00f4) e <i>secou o cabelo<\/i> com uma toalha descart\u00e1vel.<\/li>\n<li>100% <i>secar o cabelo com um secador de cabelo<\/i> e <i>come\u00e7ou a aplicar a composi\u00e7\u00e3o de queratina madeixa a madeixa<\/i>.<\/li>\n<li><i>Secar o cabelo com um secador at\u00e9 ficar seco<\/i>. Sim, de novo.<\/li>\n<li><i>Come\u00e7ou a evaporar-se a composi\u00e7\u00e3o do cabelo.<\/i> Este \u00e9 o mais longo e mais trabalhoso de todos os processos do procedimento de alisamento com queratina.<\/li>\n<li>Quando evapor\u00e1mos a composi\u00e7\u00e3o, o cabelo ficou perfeito. T\u00e3o liso, macio e fluido que me deu vontade de saltar de alegria! Mas acontece que isto n\u00e3o \u00e9 tudo. <i>A artes\u00e3 voltou a lavar o meu cabelo!<\/i> Ela lavou-o a s\u00e9rio, com champ\u00f4.<\/li>\n<li>Depois da lavagem, em conclus\u00e3o, <i>aplicou uma m\u00e1scara \u00e1cida<\/i>, que tem como objetivo alisar ao m\u00e1ximo a cut\u00edcula e estabilizar o cabelo ap\u00f3s a queratina; <i>mantivemo-lo ligado durante 10 minutos.<\/i><\/li>\n<li>E de novo <i>secou o meu cabelo com um secador de cabelo.<\/i> E j\u00e1 perdeu a conta \u00e0s vezes que o meu cabelo foi lavado e seco? Felizmente, n\u00e3o vou ter de contar mais. Este foi o \u00faltimo passo. Bem, sem contar com o aparar das pontas.<\/li>\n<\/ol>\n<p>Foram necess\u00e1rias quatro horas para completar o processo para o meu comprimento e espessura. Mas o tempo passa depressa porque o mestre \u00e9 muito am\u00e1vel e acess\u00edvel. Na altura em que me levantei da cadeira, soube que iria ter com ela e n\u00e3o com mais ningu\u00e9m. Naturalmente, outros factores tamb\u00e9m contribu\u00edram para fazer pender a balan\u00e7a a seu favor.<\/p>\n<p>Antes de mais, em compara\u00e7\u00e3o com o mestre anterior, foi muito mais cuidadosa com o meu cabelo, penteando-o cuidadosamente em vez de o puxar ou rasgar. Em segundo lugar, retirou a composi\u00e7\u00e3o do meu cabelo, pelo que nem precisei de sair do est\u00fadio para ver o resultado do procedimento. Em terceiro lugar, o resultado foi espetacular! tanto literal como metaforicamente. Em quarto lugar, a sua evidente afei\u00e7\u00e3o pelo cabelo conquistou-me. Ela \u00e9 uma daquelas pessoas que, \u00e0 dist\u00e2ncia, se nota que \u00e9 apaixonada pela sua atividade. No geral, o puzzle encaixou muito bem.<\/p>\n<p>No final do tratamento, fui informada de que este alisamento com queratina seria o \u00faltimo durante o semestre seguinte, pois n\u00e3o deveria ser efectuado com demasiada frequ\u00eancia. Acredito na mestra quando ela diz que a restaura\u00e7\u00e3o a frio pode preservar o efeito de queda.<\/p>\n<p><img decoding=\"async\" class=\"aligncenter\"  src=\"\/wp-content\/uploads\/2024\/09\/vsjo-o-keratinovom-vyprjamlenii-volos-rasskazyvaju_16.jpg\"><\/p>\n<p>Mesmo depois de ter visitado o est\u00fadio da fada do cabelo h\u00e1 dois meses, ainda estou contente com o resultado. Naturalmente, uso uma escova para ajudar no processo de secagem, mas isso requer dois movimentos. Para al\u00e9m disso, o cabelo \u00e9 brilhante, liso e macio; mesmo que a neve o molhe, n\u00e3o se enrola (embora com a composi\u00e7\u00e3o do mestre anterior, o cabelo se tenha enrolado com a chuva). Este \u00e9 o significado de localizar o &ldquo;correto&rdquo; mestre!<\/p>\n<h2>Sobre o cabelo depois da queratina. Como cuidar<\/h2>\n<p>Na minha opini\u00e3o, isto merece um ponto de discuss\u00e3o \u00e0 parte no meu conto. Muitas pessoas n\u00e3o sabem o que vai acontecer ao seu cabelo depois deste procedimento. E eu digo-vos.<\/p>\n<p><img decoding=\"async\" class=\"aligncenter\"  src=\"\/wp-content\/uploads\/2024\/09\/vsjo-o-keratinovom-vyprjamlenii-volos-rasskazyvaju_17.jpg\"><\/p>\n<ul>\n<li><i>O cabelo fica liso sem grande esfor\u00e7o.<\/i> Mas sem pentear com uma escova, o efeito \u00e9 semelhante ao de um sal\u00e3o &ldquo;cabelo a cabelo&rdquo;, n\u00e3o ser\u00e1.<\/li>\n<li><i>Sem brilho e brilho de revista.<\/i> A tela \u00e9 moderadamente exuberante e tem um aspeto natural.<\/li>\n<li>Em compara\u00e7\u00e3o com o &ldquo;ferro&rdquo; cabelo <i><b>significativamente<\/b> A fragilidade diminuiu.<\/i> Tenho pontos brancos nas pontas, mas vou cort\u00e1-los gradualmente.<\/li>\n<li><i>Brilho moderado do cabelo<\/i>. N\u00e3o parece cera, mas n\u00e3o h\u00e1 &ldquo;brilho interior&rdquo; .<\/li>\n<li><i>O cabelo fica danificado<\/i>, mesmo que n\u00e3o pare\u00e7am assim. Gosto de pentear o cabelo molhado e, depois da queratina, isso deve ser feito com <i>cuidado<\/i> &#8211; <i>existe o risco de rasgar os cabelos<\/i> com movimentos descuidados.<\/li>\n<\/ul>\n<p>Como cuidar deles? Naturalmente, o tipo de cabelo de cada pessoa \u00e9 \u00fanico, pelo que n\u00e3o h\u00e1 um esquema que seja perfeito para toda a gente. Vou discutir convosco a minha filosofia de cuidados com o cabelo queratinizado.<\/p>\n<ol>\n<li>A hidrata\u00e7\u00e3o \u00e9 a cabe\u00e7a de tudo. Independentemente da esta\u00e7\u00e3o do ano, concentro-me na hidrata\u00e7\u00e3o, porque.. Depois da queratina, o cabelo quer, antes de mais, beber. A m\u00e1scara Hydra da Kaaral \u00e9 a que mais me agrada.<\/li>\n<li>A nutri\u00e7\u00e3o e a restaura\u00e7\u00e3o est\u00e3o presentes nos meus cuidados em partes iguais, mas desempenham um papel secund\u00e1rio e de apoio em rela\u00e7\u00e3o \u00e0 hidrata\u00e7\u00e3o.<\/li>\n<li>Os cuidados com a ampola s\u00e3o indispens\u00e1veis! D\u00e1 um efeito prolongado e retira mesmo os produtos fracos. Com as ampolas, o cabelo manter-se-\u00e1 visualmente saud\u00e1vel durante mais tempo.<\/li>\n<li>Champ\u00f4 sem sulfato para alternar com o sulfato. Ap\u00f3s o alisamento com queratina, o meu hor\u00e1rio de lavagem do cabelo mudou um pouco (comecei a lav\u00e1-lo com um pouco mais de frequ\u00eancia), e uma limpeza agressiva constante pode secar n\u00e3o s\u00f3 o couro cabeludo, mas tamb\u00e9m o comprimento. O meu melhor sem sulfatos \u00e9 o Barex com flor de bananeira e algas marinhas (comprei um litro h\u00e1 muito tempo e n\u00e3o quero saber de mais nada).<\/li>\n<li>N\u00e3o posso ir a lado nenhum sem um secador de cabelo! Mesmo antes da queratina, eu secava sempre o meu cabelo exclusivamente com um secador, mas agora tornou-se uma necessidade. No meu caso, o meu cabelo vai secar amassado, mate e sem brilho por si s\u00f3.<\/li>\n<\/ol>\n<p>N\u00e3o diria que cuidar do cabelo ap\u00f3s o alisamento com queratina \u00e9 particularmente dif\u00edcil ou confuso. De facto, as exig\u00eancias para o cabelo v\u00e3o, sem d\u00favida, alterar-se. Mas que man\u00edaco do cabelo vacilaria perante uma barreira destas??<\/p>\n<h2>Alisamento com queratina em tese<\/h2>\n<p>Tal como qualquer outro processo, a queratina tem carater\u00edsticas \u00fanicas. N\u00e3o s\u00f3 existe colora\u00e7\u00e3o, como tamb\u00e9m existe a mesma ondula\u00e7\u00e3o qu\u00edmica. Estas carater\u00edsticas servir\u00e3o de base para a minha hist\u00f3ria futura. Alguns destes produtos provavelmente reconhecer\u00e1, enquanto outros ser\u00e3o novos para si.<\/p>\n<blockquote><p>\n   Os produtos que utilizam a queratina para alisar o cabelo aclaram o cabelo pintado em meio tom.\n  <\/p><\/blockquote>\n<p>Ap\u00f3s o procedimento, o cabelo pintado torna-se mais claro, o que significa que o pigmento foi removido. Algumas loiras escolhem composi\u00e7\u00f5es com varia\u00e7\u00f5es subtis de cor, como o azul ou o roxo, em rela\u00e7\u00e3o a esta situa\u00e7\u00e3o. N\u00e3o tenho a certeza se a queratina tem este tipo de efeito no cabelo natural, mas teoricamente n\u00e3o deveria ter. Isto s\u00f3 foi vantajoso para mim porque, mesmo um ano e meio depois de o ter lavado, a minha cabe\u00e7a ainda tinha uma pitada de multicolora\u00e7\u00e3o.) A cor do meu cabelo ficou mais consistente em todo o seu comprimento depois de receber a queratina.<\/p>\n<p><img decoding=\"async\" class=\"aligncenter\"  src=\"\/wp-content\/uploads\/2024\/09\/vsjo-o-keratinovom-vyprjamlenii-volos-rasskazyvaju_18.jpg\"><\/p>\n<blockquote><p>\n   O alisamento com queratina n\u00e3o \u00e9 um procedimento de cuidado; pelo contr\u00e1rio, danifica o cabelo em vez de o reparar.\n  <\/p><\/blockquote>\n<p>Um \u00fanico alisamento com queratina pode n\u00e3o danificar muito o seu cabelo, mas v\u00e1rios alisamentos causam-no sem d\u00favida. Depois de ter recebido um tratamento com Botox e dois tratamentos com queratina, os meus fios de cabelo atingem agora o quarto grau de danos (esticam quando molhados, mas j\u00e1 o faziam anteriormente, \u00e9 importante notar). Os testes de elasticidade do cabelo mostram que o cabelo estica mas depois volta ao seu estado inicial. Isto n\u00e3o \u00e9 motivo de riso &#8211; este tipo de cabelo precisa de mais aten\u00e7\u00e3o.<\/p>\n<p><img decoding=\"async\" class=\"aligncenter\"  src=\"\/wp-content\/uploads\/2024\/09\/vsjo-o-keratinovom-vyprjamlenii-volos-rasskazyvaju_19.jpg\"><\/p>\n<blockquote><p>\n   Ocasionalmente, alguns cabelos da cabe\u00e7a podem endurecer e ficar pretos.\n  <\/p><\/blockquote>\n<p>N\u00e3o estava nada preparada para isto e at\u00e9 a Internet desconhecia que a queratina pudesse ter este efeito. Notei cabelos escuros e duros em v\u00e1rios s\u00edtios da cabe\u00e7a logo ap\u00f3s o segundo procedimento. Estes cabelos mutantes t\u00eam uma estrutura irregular, s\u00e3o desconfort\u00e1veis ao toque e s\u00e3o duas a tr\u00eas vezes mais espessos (tipo asi\u00e1tico) do que o meu cabelo natural. Parecem-se com cabelos brancos v\u00edtreos. H\u00e1 cabelos que s\u00e3o todos pretos, e depois h\u00e1 os t\u00edpicos cabelos ruivos que t\u00eam uma base preta (come\u00e7ando na raiz e estendendo-se at\u00e9 tr\u00eas cent\u00edmetros).<\/p>\n<p><img decoding=\"async\" class=\"aligncenter\"  src=\"\/wp-content\/uploads\/2024\/09\/vsjo-o-keratinovom-vyprjamlenii-volos-rasskazyvaju_2.jpg\"><img decoding=\"async\" class=\"aligncenter\"  src=\"\/wp-content\/uploads\/2024\/09\/vsjo-o-keratinovom-vyprjamlenii-volos-rasskazyvaju_3.jpg\"><\/p>\n<p>Eu removi-os no in\u00edcio porque n\u00e3o os aceitava (pelo menos 100 aberra\u00e7\u00f5es foram removidas no total). Agora que relaxei um pouco, estou a estic\u00e1-los ligeiramente em vez de os puxar para fora, e eles esticam surpreendentemente com facilidade, tornando-os menos r\u00edgidos e mais finos e menos emaranhados. Estou ciente de que, desta forma, eles s\u00e3o ainda mais danificados. No entanto, \u00e9 irrelevante. Este tipo de cabelo ir\u00e1 provavelmente parar de crescer. Segui a din\u00e2mica do seu crescimento para chegar a esta conclus\u00e3o. Alerta de spoiler: ap\u00f3s dois meses, o cabelo ainda parecia preto no in\u00edcio.<\/p>\n<p>De forma not\u00e1vel, o meu segundo mestre de queratina descobriu os mesmos p\u00ealos r\u00edgidos e salientes logo depois de lhe ter falado sobre os fant\u00e1sticos p\u00ealos mutantes. Assim, \u00e9 poss\u00edvel que, ap\u00f3s o alisamento com queratina, uma falha na matriz como esta n\u00e3o seja t\u00e3o invulgar no cabelo.<\/p>\n<blockquote><p>\n   A espessura e o volume do cabelo parecem diminuir ap\u00f3s o procedimento.\n  <\/p><\/blockquote>\n<p>Mesmo quem tem os conhecimentos mais b\u00e1sicos sobre cuidados com o cabelo est\u00e1 provavelmente ciente do principal efeito secund\u00e1rio do alisamento com queratina, que \u00e9 uma perda vis\u00edvel da espessura e do volume do cabelo. A falta de espessura \u00e9 menos evidente se o seu cabelo for fino, poroso ou ondulado. O cabelo fica completamente liso depois da queratina, e \u00e9 aqui que tudo fica exposto. Eu tenho cabelo liso, por isso prefiro que a tela seja lisa em vez de visualmente espessa (embora n\u00e3o recuse uma tran\u00e7a do tamanho de um punho, claro). Se est\u00e1 habituado \u00e0 beleza do cabelo, n\u00e3o se preocupe com a queratina, pois s\u00f3 ficar\u00e1 desiludido.<\/p>\n<p><img decoding=\"async\" class=\"aligncenter\"  src=\"\/wp-content\/uploads\/2024\/09\/vsjo-o-keratinovom-vyprjamlenii-volos-rasskazyvaju_20.jpg\"><\/p>\n<p>Naturalmente, o volume da raiz tamb\u00e9m vai diminuir. Em maior ou menor grau, dependendo das partes constituintes. \u00c9 prefer\u00edvel falar com o mestre sobre este assunto. Um profissional ter\u00e1 em aten\u00e7\u00e3o as suas prefer\u00eancias, mas um vigarista limita-se a copiar tudo sem ter em conta as qualidades \u00fanicas do cabelo da cliente.<\/p>\n<blockquote><p>\n   O resultado do procedimento \u00e9 exclusivamente determinado pelo n\u00edvel de compet\u00eancia do mestre.\n  <\/p><\/blockquote>\n<p>\u00c9 \u00f3bvio para algu\u00e9m que este momento pode decidir o destino do cabelo. Parece bastante simples: use SHGO para lavar o cabelo, aplique a composi\u00e7\u00e3o, use um ferro para a evaporar, enxag\u00fae e pronto &#8211; tem o cabelo dos seus sonhos. No entanto, n\u00e3o haveria programas de forma\u00e7\u00e3o avan\u00e7ada nem escolas inteiras dedicadas a ensinar o of\u00edcio do alisamento com queratina se tudo fosse assim t\u00e3o f\u00e1cil. Trabalhar com o cabelo envolve sempre muitas nuances, independentemente de o seu cabelo ser pintado ou ter carac\u00f3is.<\/p>\n<p>Visitaria um pintor que se oferecesse para pagar 1500 d\u00f3lares para transformar o seu cabelo preto numa loira branca impec\u00e1vel?? De modo algum? Por isso, porque \u00e9 que olhamos para aqueles que prestam servi\u00e7os de alisamento do cabelo por tost\u00f5es? Somos todos assim, por isso n\u00e3o digam que ele n\u00e3o parece.<\/p>\n<p>Uma pessoa sem experi\u00eancia de trabalho, com um or\u00e7amento apertado, autodidata (o que nem sempre \u00e9 mau, mas conduz a certas ideias), etc.d. etc.p. provavelmente vai estragar o seu cabelo. Se quiser ser feliz, fa\u00e7a a escolha certa e n\u00e3o corte nos custos.<\/p>\n<blockquote><p>\n   90% do que acontece ao seu cabelo ap\u00f3s o processo de alisamento com queratina depende de si.\n  <\/p><\/blockquote>\n<p>A queratina n\u00e3o \u00e9 um procedimento de cuidado, como j\u00e1 descobrimos. Deve estar ciente de que o seu cabelo est\u00e1 danificado quando sai do sal\u00e3o de cabeleireiro. Embora n\u00e3o se veja, \u00e9 verdade. Deve agora trat\u00e1-la como se estivesse partida. Se descurar os cuidados (uma vez que j\u00e1 est\u00e3o brilhantes, porque \u00e9 que precisam de uma m\u00e1scara?? ), \u00e9 prov\u00e1vel que o cabelo comece a partir-se e, eventualmente, para usar uma linguagem de cal\u00e3o, a cair.<\/p>\n<p>Por vezes, o cabeleireiro cometeu um erro e o seu cabelo caiu &#8211; a culpa n\u00e3o \u00e9 sua. No entanto, com os cuidados certos, o cabelo que foi sujeito a um master killer pode ser salvo ou, pelo menos, impedido de morrer. Sem preocupa\u00e7\u00f5es, sem cansa\u00e7o. De facto.<\/p>\n<p>Como o meu cabelo era constantemente alisado e pintado antes de ir a um sal\u00e3o de cabeleireiro, cuidava dele como tal, por isso os meus cuidados p\u00f3s-queratina n\u00e3o mudaram muito. No entanto, as pessoas que consideram que o alisamento com queratina \u00e9 uma despesa \u00fanica devem ter em conta o facto de que a manuten\u00e7\u00e3o da beleza custar\u00e1 sempre dinheiro.<\/p>\n<blockquote><p>\n   Ter\u00e1 de lavar o seu cabelo com mais frequ\u00eancia ap\u00f3s o alisamento com queratina.\n  <\/p><\/blockquote>\n<p>De facto, o hor\u00e1rio de lavagem vai mudar, no m\u00ednimo, um dia. Al\u00e9m disso, isto n\u00e3o tem nada a ver com a regula\u00e7\u00e3o seb\u00e1cea do couro cabeludo. Quanto aos cabelos encaracolados desde a raiz, podemos apenas supor que j\u00e1 reparou que os cabelos com volume na raiz s\u00e3o menos oleosos. Como j\u00e1 sabemos, o volume ser\u00e1 alisado ap\u00f3s a queratina. O sebo distribui-se mais facilmente nos cabelos que n\u00e3o est\u00e3o perpendiculares \u00e0s ra\u00edzes, o que n\u00e3o pode ser evitado.<\/p>\n<p>No in\u00edcio, costumava lavar o meu cabelo todos os dias. gradualmente, cheg\u00e1mos \u00e0 conclus\u00e3o de que um dia sim outro n\u00e3o seria uma boa altura para o lavar. Hoje em dia, se o meu cabelo estiver preso num rabo-de-cavalo ou num carrapito ao terceiro dia, posso at\u00e9 dar-me ao luxo de o lavar uma vez de tr\u00eas em tr\u00eas dias.<\/p>\n<p>Penso que a utiliza\u00e7\u00e3o regular de um champ\u00f4 bastante suave me ajudar\u00e1 a sair desta situa\u00e7\u00e3o.<\/p>\n<p>O alisamento com queratina n\u00e3o \u00e9 para si se acredita na secagem natural. Ter\u00e1 de utilizar regularmente um secador de cabelo para obter os resultados desejados. N\u00e3o ser\u00e1 poss\u00edvel lavar o cabelo, ir para a cama com a cabe\u00e7a molhada e, ao acordar, ter o cabelo liso e brilhante.<\/p>\n<p>No entanto, n\u00e3o entre em p\u00e2nico; o cabelo seca consideravelmente mais r\u00e1pido ap\u00f3s a queratina. Por exemplo, consegui reduzir o meu tempo de secagem com modela\u00e7\u00e3o de 40 para 20 minutos, ou seja, duas vezes.<\/p>\n<h2>Desmascarar os mitos sobre a queratina<\/h2>\n<p>Existem muitos mitos e ideias erradas sobre o alisamento com queratina, a maioria dos quais s\u00e3o espalhados por pessoas que n\u00e3o est\u00e3o relacionadas com o tema da queratina ou do cabelo em geral. Quero discutir aqui a mais conhecida.<\/p>\n<blockquote><p>\n   Ap\u00f3s o tratamento com queratina, o champ\u00f4 sem sulfatos deve ser utilizado exclusivamente para lavar a cabe\u00e7a.\n  <\/p><\/blockquote>\n<p>N\u00e3o, isso n\u00e3o \u00e9 verdade. No passado, os mestres aconselhavam vivamente a utiliza\u00e7\u00e3o de produtos sem sulfatos para prolongar o efeito. No entanto, a ind\u00fastria da beleza est\u00e1 em constante evolu\u00e7\u00e3o; novas composi\u00e7\u00f5es, mais seguras e mais fi\u00e1veis, substitu\u00edram as ultrapassadas. Os especialistas aconselham agora a lavagem do cabelo com um champ\u00f4 adequado ao seu tipo de couro cabeludo, em vez de um champ\u00f4 estritamente isento de SLS e SLES. Para al\u00e9m disso, a mistura remove o cabelo simultaneamente com um produto com e sem sulfato.<\/p>\n<blockquote><p>\n   A queratina d\u00e1 ao seu cabelo um aspeto permanentemente liso.\n  <\/p><\/blockquote>\n<p>N\u00e3o, isso n\u00e3o \u00e9 verdade. Com o tempo, a composi\u00e7\u00e3o desvanece-se do cabelo, deixando a estrutura essencialmente inalterada. Naturalmente, poder\u00e1 eventualmente voltar a ter ondas relaxadas em vez de carac\u00f3is el\u00e1sticos, mas a suavidade espelhada do seu cabelo n\u00e3o durar\u00e1 para sempre. A manuten\u00e7\u00e3o do efeito do cabelo liso exige uma comunica\u00e7\u00e3o r\u00e1pida com o mestre (o mestre define o hor\u00e1rio das visitas).<\/p>\n<p>As minhas madeixas da frente come\u00e7aram a cair em bonitas ondas dois meses ap\u00f3s o primeiro procedimento de alisamento, e tamb\u00e9m revelaram o seu &ldquo;I&rdquo; escondido \u00e0 chuva.<\/p>\n<p><img decoding=\"async\" class=\"aligncenter\"  src=\"\/wp-content\/uploads\/2024\/09\/vsjo-o-keratinovom-vyprjamlenii-volos-rasskazyvaju_21.jpg\"><\/p>\n<blockquote><p>\n   O cabelo queratinizado torna-se menos s\u00f3lido do ponto de vista estrutural.\n  <\/p><\/blockquote>\n<p>Apenas um pouco exato. O cabelo perde a sua forma rapidamente e mant\u00e9m-na mal depois de receber queratina; no entanto, quanto mais da composi\u00e7\u00e3o for removida do cabelo, mais oportunidades de encaracolar existem. Dois meses ap\u00f3s a interven\u00e7\u00e3o, o meu cabelo continua a ficar liso, n\u00e3o s\u00f3 depois dos p\u00e3ezinhos, mas tamb\u00e9m depois das tran\u00e7as. Mas ningu\u00e9m desistiu dos penteados a quente e da laca.<\/p>\n<p><img decoding=\"async\" class=\"aligncenter\"  src=\"\/wp-content\/uploads\/2024\/09\/vsjo-o-keratinovom-vyprjamlenii-volos-rasskazyvaju_22.jpg\"><\/p>\n<p>A incapacidade de obter ondas ou carac\u00f3is \u00e9 mais uma vantagem na minha opini\u00e3o.<\/p>\n<blockquote><p>\n   O cabelo tratado com queratina n\u00e3o pode ser pintado.\n  <\/p><\/blockquote>\n<p>Isso n\u00e3o \u00e9 verdade, n\u00e3o. Depois de um tratamento com queratina, o cabelo continua a ser cabelo, por isso pode pente\u00e1-lo, cort\u00e1-lo, pint\u00e1-lo e fazer tudo o que quiser. No entanto, deve ter em conta que, uma vez que estes fios j\u00e1 est\u00e3o danificados, a colora\u00e7\u00e3o pode causar mais danos (dependendo do \u00f3xido, da frequ\u00eancia de repeti\u00e7\u00e3o e de outras subtilezas).<\/p>\n<p>Deve revelar ao cabeleireiro que fez botox, nanoplastia ou alisamento com queratina se tenciona alterar drasticamente a cor. O seu cabelo ser\u00e1 poupado com este tratamento. E \u00e9 arriscado efetuar uma s\u00e9rie de tarefas t\u00e3o complicadas em casa. seja no cabelo ou n\u00e3o, mas sobretudo quando h\u00e1 queratina.<\/p>\n<blockquote><p>\n   Para conseguir madeixas lisas e elegantes, o alisamento com queratina tem vindo a ganhar popularidade, mas \u00e9 fundamental saber em que consiste realmente. Nesta publica\u00e7\u00e3o, vamos analisar as especificidades dos tratamentos com queratina, desfazer equ\u00edvocos comuns e explicar o que se pode esperar em termos de resultados. Quer esteja a pensar em fazer o tratamento ou esteja apenas a fazer perguntas, encontrar\u00e1 informa\u00e7\u00f5es \u00fateis para orientar a sua escolha.\n  <\/p><\/blockquote>\n<h2>E ainda, o que \u00e9 melhor: queratina ou ferro de alisar<\/h2>\n<p>Naturalmente, cada pessoa responder\u00e1 a esta pergunta de forma diferente. Tomei uma posi\u00e7\u00e3o por minha conta.<\/p>\n<table>\n<tbody>\n<tr>\n<td><i>Alisamento com queratina<\/i><\/td>\n<td><i>O ferro de alisar<\/i><\/td>\n<\/tr>\n<tr>\n<td><i>Danifica o cabelo?<\/i><\/td>\n<td>sim<\/td>\n<td>sim<\/td>\n<\/tr>\n<tr>\n<td><i>Aumenta a quebra do cabelo?<\/i><\/td>\n<td>n\u00e3o<\/td>\n<td>sim<\/td>\n<\/tr>\n<tr>\n<td><i>Adequado para cabelos danificados?<\/i><\/td>\n<td>sim, mas nem todas as composi\u00e7\u00f5es<\/td>\n<td>n\u00e3o<\/td>\n<\/tr>\n<tr>\n<td><i>Este tipo de cabelo requer cuidados especiais?<\/i><\/td>\n<td>sim<\/td>\n<td>sim<\/td>\n<\/tr>\n<tr>\n<td><i>Pode faz\u00ea-lo voc\u00ea mesmo?<\/i><\/td>\n<td>sim, mas n\u00e3o o recomendo<\/td>\n<td>sim<\/td>\n<\/tr>\n<tr>\n<td><i>Quanto tempo para pentear esse cabelo?<\/i><\/td>\n<td>n\u00e3o muito tempo<\/td>\n<td>h\u00e1 muito tempo<\/td>\n<\/tr>\n<\/tbody>\n<\/table>\n<p>O alisamento com queratina \u00e9 mais um aliado do que um inimigo. Verifiquei pessoalmente que melhora significativamente o seu cabelo, mais do que um ferro de alisar. N\u00e3o me arrependo de ter usado a chapinha durante tanto tempo; \u00e9 o meu estilo. No entanto, penso que poderia ter deixado crescer o meu cabelo comprido mais cedo se tivesse feito a queratina mais cedo. Isto tamb\u00e9m poupa uma quantidade significativa de tempo.<\/p>\n<h2>Algumas dicas para escolher um cabeleireiro<\/h2>\n<p>A sele\u00e7\u00e3o de um cabeleireiro \u00e9 um verdadeiro desafio. Gostaria de partilhar aqui algumas observa\u00e7\u00f5es que podem ajud\u00e1-lo a selecionar esse mestre exato.<\/p>\n<p><img decoding=\"async\" class=\"aligncenter\"  src=\"\/wp-content\/uploads\/2024\/09\/vsjo-o-keratinovom-vyprjamlenii-volos-rasskazyvaju_23.jpg\"><\/p>\n<ul>\n<li><i>Prestar aten\u00e7\u00e3o \u00e0 experi\u00eancia profissional do mestre.<\/i> Se ele n\u00e3o o indicar no cabe\u00e7alho do perfil, pode ver a data de publica\u00e7\u00e3o da primeira mensagem. Quanto mais longa for a experi\u00eancia de trabalho, menos prov\u00e1vel \u00e9 que o seu cabelo seja morto. No m\u00ednimo, esse mestre tem mais experi\u00eancia.<\/li>\n<li><i>Destaque um momento como a forma de comunica\u00e7\u00e3o.<\/i> Se iniciou uma correspond\u00eancia e o mestre fala informalmente, envia mensagens de voz ou n\u00e3o est\u00e1 claramente interessado no cliente, isto \u00e9 um sinal de aviso. Isto tamb\u00e9m pode incluir marketing agressivo, quando, passado algum tempo, uma pessoa volta a escrever-lhe com as suas ofertas.<\/li>\n<li><i>Ver como a pessoa gere a sua p\u00e1gina.<\/i> Uma grande vantagem se ele tiver um blogue visualmente agrad\u00e1vel e intuitivo. Isto significa que ele est\u00e1 a tentar atrair clientes e faz\u00ea-los &ldquo;responder&rdquo;.<\/li>\n<li><i>Verificar qu\u00e3o densa \u00e9 a entrada do mestre.<\/i> Obviamente: se a grava\u00e7\u00e3o for densa, ent\u00e3o a pessoa \u00e9 popular na sua atividade. Por isso, os clientes est\u00e3o a tentar chegar at\u00e9 ele. Para que ele seja de confian\u00e7a.<\/li>\n<li>Tamb\u00e9m <i>Uma carater\u00edstica pouco \u00f3bvia<\/i> Profissional nesta atividade &#8211; <i>Cabelo bonito<\/i>. Se ele consegue cuidar do seu cabelo, provavelmente conseguir\u00e1 faz\u00ea-lo lindamente.<\/li>\n<li>Se o mestre coloca nos seus posts\/est\u00f3rias n\u00e3o s\u00f3 a vista das costas, mas tamb\u00e9m as fotos das raparigas de frente (por assim dizer, vista geral), bem como o cabelo ao fim de algum tempo, <i>Para que ela tenha a certeza dos resultados do seu trabalho.<\/i> As p\u00e1ginas com fotos de cabelos focados, opostos a uma luz direcional brilhante, aconselham a dar a volta, os cabelos dessas fotos s\u00e3o muitas vezes bonitos apenas na Internet.<\/li>\n<li><i>O mestre n\u00e3o deve ser o Shvets, nem o Reaper, nem o Dud Game.<\/i> Se ele alisa o cabelo, e alonga as pestanas, e lamina as sobrancelhas, e depila as axilas, ent\u00e3o o seu profissionalismo est\u00e1 dividido em v\u00e1rios graus entre todas estas \u00e1reas, e, provavelmente, n\u00e3o atingiu o topo em nenhuma das \u00e1reas, espalhando-se demasiado em ambas.<\/li>\n<\/ul>\n<p>Naturalmente, nenhum dos factores acima mencionados pode, por si s\u00f3, garantir que o mestre \u00e9 realmente competente. Quanto mais meticulosa for a sele\u00e7\u00e3o, maior ser\u00e1 a probabilidade de encontrar um verdadeiro especialista na ind\u00fastria do alisamento capilar.<\/p>\n<p>Para quem procura um cabelo elegante e male\u00e1vel, o alisamento capilar com queratina pode ser um fator de mudan\u00e7a. Este tratamento proporciona uma forma vi\u00e1vel de obter uma apar\u00eancia polida e controlar o frisado. Pode decidir se o processo \u00e9 adequado para si, sabendo como funciona e o que esperar.<\/p>\n<p>Distinguir a verdade da fic\u00e7\u00e3o relativamente aos tratamentos de queratina \u00e9 crucial. Embora alguns mitos afirmem que estes tratamentos s\u00e3o perigosos ou inadequados para determinados tipos de cabelo, a verdade \u00e9 que, quando aplicados corretamente, podem melhorar a sa\u00fade do cabelo e produzir resultados fant\u00e1sticos. Para garantir que o tratamento \u00e9 personalizado de acordo com as necessidades espec\u00edficas do seu cabelo, falar com um estilista profissional pode ser \u00fatil.<\/p>\n<p>Um cabelo mais suave, mais brilhante e mais f\u00e1cil de pentear s\u00e3o os benef\u00edcios finais do alisamento com queratina. \u00c9 poss\u00edvel obter resultados duradouros com a manuten\u00e7\u00e3o e os cuidados corretos, dando-lhe a autoconfian\u00e7a para desfrutar do seu cabelo todos os dias. O tratamento com queratina pode ser uma adi\u00e7\u00e3o ben\u00e9fica ao seu regime de beleza, quer o seu objetivo seja passar menos tempo a criar penteados ou apenas fazer uma mudan\u00e7a.<\/p>\n<h2>V\u00eddeo sobre o tema<\/h2>\n<h3>Life hack para mestres &#8211; pontas ideais com o alisamento do cabelo com queratina #shorts<\/h3>\n<p><iframe loading=\"lazy\" width=\"560\" height=\"315\" src=\"https:\/\/www.youtube.com\/embed\/FLHyNAB7vek\" frameborder=\"0\" allow=\"autoplay; encrypted-media\" allowfullscreen><\/iframe><\/p>\n<h3>Toda a verdade sobre o alisamento com queratina neste v\u00eddeo #hair #keratinstraightening<\/h3>\n<p><iframe loading=\"lazy\" width=\"560\" height=\"315\" src=\"https:\/\/www.youtube.com\/embed\/lQGe505QgtI\" frameborder=\"0\" allow=\"autoplay; encrypted-media\" allowfullscreen><\/iframe><\/p>\n<h3>Mitos sobre a queratina. TOP-4. Toda a verdade sobre o alisamento do cabelo com queratina.<\/h3>\n<p><iframe loading=\"lazy\" width=\"560\" height=\"315\" src=\"https:\/\/www.youtube.com\/embed\/_OGagY074Uk\" frameborder=\"0\" allow=\"autoplay; encrypted-media\" allowfullscreen><\/iframe><\/p>\n<h3>MITOS SOBRE O ALISAMENTO COM QUERATINA PARTE 2&amp;#129322; A QUERATINA PROVOCA QUEDA DE CABELO ??? &amp;#129300;<\/h3>\n<p><iframe loading=\"lazy\" width=\"560\" height=\"315\" src=\"https:\/\/www.youtube.com\/embed\/aGN4xIHUlbo\" frameborder=\"0\" allow=\"autoplay; encrypted-media\" allowfullscreen><\/iframe><\/p>\n<h3>IMPORTANTE SABER!!! MITOS sobre o alisamento com queratina!<\/h3>\n<p><iframe loading=\"lazy\" width=\"560\" height=\"315\" src=\"https:\/\/www.youtube.com\/embed\/NBd3z1Ne41I\" frameborder=\"0\" allow=\"autoplay; encrypted-media\" allowfullscreen><\/iframe><\/p>\n","protected":false},"excerpt":{"rendered":"<p>O alisamento com queratina pode ser a resposta que tem procurado se alguma vez imaginou ter um cabelo liso e sem frisado que brilha com um brilho natural. Este tratamento muito apreciado tem muito mais para al\u00e9m do que parece \u00e0 primeira vista, apesar da sua promessa de meses de cabelo suave e male\u00e1vel. Iremos [&hellip;]<\/p>\n","protected":false},"author":23,"featured_media":0,"comment_status":"open","ping_status":"open","sticky":false,"template":"","format":"standard","meta":{"footnotes":""},"categories":[24],"tags":[],"class_list":["post-6234","post","type-post","status-publish","format-standard","","category-hair"],"yoast_head":"<!-- This site is optimized with the Yoast SEO plugin v26.7 - https:\/\/yoast.com\/wordpress\/plugins\/seo\/ -->\n<title>Tudo sobre o alisamento do cabelo com queratina: experi\u00eancia pessoal, an\u00e1lise dos mitos, conselhos, fotografias e resultados<\/title>\n<meta name=\"description\" content=\"Descubra tudo sobre o alisamento com queratina! Explore o processo, desfa\u00e7a os mitos comuns e veja resultados reais. Saiba como os tratamentos com queratina podem transformar o seu cabelo e o que esperar antes e depois. Perfeito para quem est\u00e1 a considerar esta popular solu\u00e7\u00e3o de alisamento.\" \/>\n<meta name=\"robots\" content=\"index, follow, max-snippet:-1, max-image-preview:large, max-video-preview:-1\" \/>\n<link rel=\"canonical\" href=\"https:\/\/zavitushki.com\/pt\/all-about-keratin-hair-straightening-i-talk-about\/\" \/>\n<meta property=\"og:locale\" content=\"pt_PT\" \/>\n<meta property=\"og:type\" content=\"article\" \/>\n<meta property=\"og:title\" content=\"Tudo sobre o alisamento do cabelo com queratina: experi\u00eancia pessoal, an\u00e1lise dos mitos, conselhos, fotografias e resultados\" \/>\n<meta property=\"og:description\" content=\"Descubra tudo sobre o alisamento com queratina! Explore o processo, desfa\u00e7a os mitos comuns e veja resultados reais. Saiba como os tratamentos com queratina podem transformar o seu cabelo e o que esperar antes e depois. Perfeito para quem est\u00e1 a considerar esta popular solu\u00e7\u00e3o de alisamento.\" \/>\n<meta property=\"og:url\" content=\"https:\/\/zavitushki.com\/pt\/all-about-keratin-hair-straightening-i-talk-about\/\" \/>\n<meta property=\"og:site_name\" content=\"Zavitushki.com\" \/>\n<meta property=\"article:published_time\" content=\"2024-09-10T11:46:49+00:00\" \/>\n<meta name=\"author\" content=\"Olga Smirnova\" \/>\n<meta name=\"twitter:card\" content=\"summary_large_image\" \/>\n<meta name=\"twitter:label1\" content=\"Escrito por\" \/>\n\t<meta name=\"twitter:data1\" content=\"Olga Smirnova\" \/>\n\t<meta name=\"twitter:label2\" content=\"Tempo estimado de leitura\" \/>\n\t<meta name=\"twitter:data2\" content=\"32 minutos\" \/>\n<script type=\"application\/ld+json\" class=\"yoast-schema-graph\">{\"@context\":\"https:\/\/schema.org\",\"@graph\":[{\"@type\":\"Article\",\"@id\":\"https:\/\/zavitushki.com\/pt\/all-about-keratin-hair-straightening-i-talk-about\/#article\",\"isPartOf\":{\"@id\":\"https:\/\/zavitushki.com\/pt\/all-about-keratin-hair-straightening-i-talk-about\/\"},\"author\":{\"name\":\"Olga Smirnova\",\"@id\":\"https:\/\/zavitushki.com\/pt\/#\/schema\/person\/ecc9bd88762b6d608716bf156feb1201\"},\"headline\":\"Tudo sobre o alisamento do cabelo com queratina! Falo sobre as nuances, desfa\u00e7o os mitos e partilho os resultados\",\"datePublished\":\"2024-09-10T11:46:49+00:00\",\"mainEntityOfPage\":{\"@id\":\"https:\/\/zavitushki.com\/pt\/all-about-keratin-hair-straightening-i-talk-about\/\"},\"wordCount\":6390,\"commentCount\":0,\"articleSection\":[\"Cabelo\"],\"inLanguage\":\"pt-PT\",\"potentialAction\":[{\"@type\":\"CommentAction\",\"name\":\"Comment\",\"target\":[\"https:\/\/zavitushki.com\/pt\/all-about-keratin-hair-straightening-i-talk-about\/#respond\"]}]},{\"@type\":\"WebPage\",\"@id\":\"https:\/\/zavitushki.com\/pt\/all-about-keratin-hair-straightening-i-talk-about\/\",\"url\":\"https:\/\/zavitushki.com\/pt\/all-about-keratin-hair-straightening-i-talk-about\/\",\"name\":\"Tudo sobre o alisamento do cabelo com queratina: experi\u00eancia pessoal, an\u00e1lise dos mitos, conselhos, fotografias e resultados\",\"isPartOf\":{\"@id\":\"https:\/\/zavitushki.com\/pt\/#website\"},\"datePublished\":\"2024-09-10T11:46:49+00:00\",\"author\":{\"@id\":\"https:\/\/zavitushki.com\/pt\/#\/schema\/person\/ecc9bd88762b6d608716bf156feb1201\"},\"description\":\"Descubra tudo sobre o alisamento com queratina! Explore o processo, desfa\u00e7a os mitos comuns e veja resultados reais. Saiba como os tratamentos com queratina podem transformar o seu cabelo e o que esperar antes e depois. Perfeito para quem est\u00e1 a considerar esta popular solu\u00e7\u00e3o de alisamento.\",\"breadcrumb\":{\"@id\":\"https:\/\/zavitushki.com\/pt\/all-about-keratin-hair-straightening-i-talk-about\/#breadcrumb\"},\"inLanguage\":\"pt-PT\",\"potentialAction\":[{\"@type\":\"ReadAction\",\"target\":[\"https:\/\/zavitushki.com\/pt\/all-about-keratin-hair-straightening-i-talk-about\/\"]}]},{\"@type\":\"BreadcrumbList\",\"@id\":\"https:\/\/zavitushki.com\/pt\/all-about-keratin-hair-straightening-i-talk-about\/#breadcrumb\",\"itemListElement\":[{\"@type\":\"ListItem\",\"position\":1,\"name\":\"Lar\",\"item\":\"https:\/\/zavitushki.com\/pt\/\"},{\"@type\":\"ListItem\",\"position\":2,\"name\":\"Tudo sobre o alisamento do cabelo com queratina! Falo sobre as nuances, desfa\u00e7o os mitos e partilho os resultados\"}]},{\"@type\":\"WebSite\",\"@id\":\"https:\/\/zavitushki.com\/pt\/#website\",\"url\":\"https:\/\/zavitushki.com\/pt\/\",\"name\":\"Zavitushki.com\",\"description\":\"Revista online feminina\",\"potentialAction\":[{\"@type\":\"SearchAction\",\"target\":{\"@type\":\"EntryPoint\",\"urlTemplate\":\"https:\/\/zavitushki.com\/pt\/?s={search_term_string}\"},\"query-input\":{\"@type\":\"PropertyValueSpecification\",\"valueRequired\":true,\"valueName\":\"search_term_string\"}}],\"inLanguage\":\"pt-PT\"},{\"@type\":\"Person\",\"@id\":\"https:\/\/zavitushki.com\/pt\/#\/schema\/person\/ecc9bd88762b6d608716bf156feb1201\",\"name\":\"Olga Smirnova\",\"image\":{\"@type\":\"ImageObject\",\"inLanguage\":\"pt-PT\",\"@id\":\"https:\/\/zavitushki.com\/pt\/#\/schema\/person\/image\/\",\"url\":\"https:\/\/secure.gravatar.com\/avatar\/54caba17b5890625e2f1ab7b641a7ceaca93f9d0f352bfd60cfd7842d95f4303?s=96&d=mm&r=g\",\"contentUrl\":\"https:\/\/secure.gravatar.com\/avatar\/54caba17b5890625e2f1ab7b641a7ceaca93f9d0f352bfd60cfd7842d95f4303?s=96&d=mm&r=g\",\"caption\":\"Olga Smirnova\"},\"description\":\"Especialista em cuidados capilares. estudo os \u00faltimos desenvolvimentos e m\u00e9todos de restaura\u00e7\u00e3o capilar. Partilho conhecimentos sobre como manter a sa\u00fade e a beleza do cabelo, utilizando apenas produtos comprovados e eficazes.\",\"url\":\"https:\/\/zavitushki.com\/pt\/author\/author-publications-pt_4\/\"}]}<\/script>\n<!-- \/ Yoast SEO plugin. -->","yoast_head_json":{"title":"Tudo sobre o alisamento do cabelo com queratina: experi\u00eancia pessoal, an\u00e1lise dos mitos, conselhos, fotografias e resultados","description":"Descubra tudo sobre o alisamento com queratina! Explore o processo, desfa\u00e7a os mitos comuns e veja resultados reais. Saiba como os tratamentos com queratina podem transformar o seu cabelo e o que esperar antes e depois. Perfeito para quem est\u00e1 a considerar esta popular solu\u00e7\u00e3o de alisamento.","robots":{"index":"index","follow":"follow","max-snippet":"max-snippet:-1","max-image-preview":"max-image-preview:large","max-video-preview":"max-video-preview:-1"},"canonical":"https:\/\/zavitushki.com\/pt\/all-about-keratin-hair-straightening-i-talk-about\/","og_locale":"pt_PT","og_type":"article","og_title":"Tudo sobre o alisamento do cabelo com queratina: experi\u00eancia pessoal, an\u00e1lise dos mitos, conselhos, fotografias e resultados","og_description":"Descubra tudo sobre o alisamento com queratina! Explore o processo, desfa\u00e7a os mitos comuns e veja resultados reais. Saiba como os tratamentos com queratina podem transformar o seu cabelo e o que esperar antes e depois. Perfeito para quem est\u00e1 a considerar esta popular solu\u00e7\u00e3o de alisamento.","og_url":"https:\/\/zavitushki.com\/pt\/all-about-keratin-hair-straightening-i-talk-about\/","og_site_name":"Zavitushki.com","article_published_time":"2024-09-10T11:46:49+00:00","author":"Olga Smirnova","twitter_card":"summary_large_image","twitter_misc":{"Escrito por":"Olga Smirnova","Tempo estimado de leitura":"32 minutos"},"schema":{"@context":"https:\/\/schema.org","@graph":[{"@type":"Article","@id":"https:\/\/zavitushki.com\/pt\/all-about-keratin-hair-straightening-i-talk-about\/#article","isPartOf":{"@id":"https:\/\/zavitushki.com\/pt\/all-about-keratin-hair-straightening-i-talk-about\/"},"author":{"name":"Olga Smirnova","@id":"https:\/\/zavitushki.com\/pt\/#\/schema\/person\/ecc9bd88762b6d608716bf156feb1201"},"headline":"Tudo sobre o alisamento do cabelo com queratina! Falo sobre as nuances, desfa\u00e7o os mitos e partilho os resultados","datePublished":"2024-09-10T11:46:49+00:00","mainEntityOfPage":{"@id":"https:\/\/zavitushki.com\/pt\/all-about-keratin-hair-straightening-i-talk-about\/"},"wordCount":6390,"commentCount":0,"articleSection":["Cabelo"],"inLanguage":"pt-PT","potentialAction":[{"@type":"CommentAction","name":"Comment","target":["https:\/\/zavitushki.com\/pt\/all-about-keratin-hair-straightening-i-talk-about\/#respond"]}]},{"@type":"WebPage","@id":"https:\/\/zavitushki.com\/pt\/all-about-keratin-hair-straightening-i-talk-about\/","url":"https:\/\/zavitushki.com\/pt\/all-about-keratin-hair-straightening-i-talk-about\/","name":"Tudo sobre o alisamento do cabelo com queratina: experi\u00eancia pessoal, an\u00e1lise dos mitos, conselhos, fotografias e resultados","isPartOf":{"@id":"https:\/\/zavitushki.com\/pt\/#website"},"datePublished":"2024-09-10T11:46:49+00:00","author":{"@id":"https:\/\/zavitushki.com\/pt\/#\/schema\/person\/ecc9bd88762b6d608716bf156feb1201"},"description":"Descubra tudo sobre o alisamento com queratina! Explore o processo, desfa\u00e7a os mitos comuns e veja resultados reais. Saiba como os tratamentos com queratina podem transformar o seu cabelo e o que esperar antes e depois. Perfeito para quem est\u00e1 a considerar esta popular solu\u00e7\u00e3o de alisamento.","breadcrumb":{"@id":"https:\/\/zavitushki.com\/pt\/all-about-keratin-hair-straightening-i-talk-about\/#breadcrumb"},"inLanguage":"pt-PT","potentialAction":[{"@type":"ReadAction","target":["https:\/\/zavitushki.com\/pt\/all-about-keratin-hair-straightening-i-talk-about\/"]}]},{"@type":"BreadcrumbList","@id":"https:\/\/zavitushki.com\/pt\/all-about-keratin-hair-straightening-i-talk-about\/#breadcrumb","itemListElement":[{"@type":"ListItem","position":1,"name":"Lar","item":"https:\/\/zavitushki.com\/pt\/"},{"@type":"ListItem","position":2,"name":"Tudo sobre o alisamento do cabelo com queratina! Falo sobre as nuances, desfa\u00e7o os mitos e partilho os resultados"}]},{"@type":"WebSite","@id":"https:\/\/zavitushki.com\/pt\/#website","url":"https:\/\/zavitushki.com\/pt\/","name":"Zavitushki.com","description":"Revista online feminina","potentialAction":[{"@type":"SearchAction","target":{"@type":"EntryPoint","urlTemplate":"https:\/\/zavitushki.com\/pt\/?s={search_term_string}"},"query-input":{"@type":"PropertyValueSpecification","valueRequired":true,"valueName":"search_term_string"}}],"inLanguage":"pt-PT"},{"@type":"Person","@id":"https:\/\/zavitushki.com\/pt\/#\/schema\/person\/ecc9bd88762b6d608716bf156feb1201","name":"Olga Smirnova","image":{"@type":"ImageObject","inLanguage":"pt-PT","@id":"https:\/\/zavitushki.com\/pt\/#\/schema\/person\/image\/","url":"https:\/\/secure.gravatar.com\/avatar\/54caba17b5890625e2f1ab7b641a7ceaca93f9d0f352bfd60cfd7842d95f4303?s=96&d=mm&r=g","contentUrl":"https:\/\/secure.gravatar.com\/avatar\/54caba17b5890625e2f1ab7b641a7ceaca93f9d0f352bfd60cfd7842d95f4303?s=96&d=mm&r=g","caption":"Olga Smirnova"},"description":"Especialista em cuidados capilares. estudo os \u00faltimos desenvolvimentos e m\u00e9todos de restaura\u00e7\u00e3o capilar. Partilho conhecimentos sobre como manter a sa\u00fade e a beleza do cabelo, utilizando apenas produtos comprovados e eficazes.","url":"https:\/\/zavitushki.com\/pt\/author\/author-publications-pt_4\/"}]}},"_links":{"self":[{"href":"https:\/\/zavitushki.com\/pt\/wp-json\/wp\/v2\/posts\/6234","targetHints":{"allow":["GET"]}}],"collection":[{"href":"https:\/\/zavitushki.com\/pt\/wp-json\/wp\/v2\/posts"}],"about":[{"href":"https:\/\/zavitushki.com\/pt\/wp-json\/wp\/v2\/types\/post"}],"author":[{"embeddable":true,"href":"https:\/\/zavitushki.com\/pt\/wp-json\/wp\/v2\/users\/23"}],"replies":[{"embeddable":true,"href":"https:\/\/zavitushki.com\/pt\/wp-json\/wp\/v2\/comments?post=6234"}],"version-history":[{"count":0,"href":"https:\/\/zavitushki.com\/pt\/wp-json\/wp\/v2\/posts\/6234\/revisions"}],"wp:attachment":[{"href":"https:\/\/zavitushki.com\/pt\/wp-json\/wp\/v2\/media?parent=6234"}],"wp:term":[{"taxonomy":"category","embeddable":true,"href":"https:\/\/zavitushki.com\/pt\/wp-json\/wp\/v2\/categories?post=6234"},{"taxonomy":"post_tag","embeddable":true,"href":"https:\/\/zavitushki.com\/pt\/wp-json\/wp\/v2\/tags?post=6234"}],"curies":[{"name":"wp","href":"https:\/\/api.w.org\/{rel}","templated":true}]}}