{"id":6107,"date":"2024-09-10T19:10:12","date_gmt":"2024-09-10T16:10:12","guid":{"rendered":"https:\/\/zavitushki.com\/pt\/my-curly-jars-and-accessories-for-curly-hair-what\/"},"modified":"2024-09-10T19:10:12","modified_gmt":"2024-09-10T16:10:12","slug":"my-curly-jars-and-accessories-for-curly-hair-what","status":"publish","type":"post","link":"https:\/\/zavitushki.com\/pt\/my-curly-jars-and-accessories-for-curly-hair-what\/","title":{"rendered":"Os meus frascos para carac\u00f3is e acess\u00f3rios para cabelos encaracolados: sem o que n\u00e3o consigo imaginar a minha rotina KGM e o que pode ser substitu\u00eddo"},"content":{"rendered":"\n<p>Se tem cabelo encaracolado, sabe que se trata de uma escolha de estilo de vida e n\u00e3o apenas de um penteado. Para manter os carac\u00f3is no seu melhor, s\u00e3o necess\u00e1rios os produtos e as ferramentas certas para a gest\u00e3o. Com a minha rotina de cabelo encaracolado, descobri os meus frascos e acess\u00f3rios de elei\u00e7\u00e3o sem os quais n\u00e3o consigo viver ao longo do tempo.<\/p>\n<p>Embora alguns produtos sejam necess\u00e1rios, outros podem ser substitu\u00eddos consoante as necessidades. No entanto, alguns est\u00e3o sempre na minha rota\u00e7\u00e3o porque tornam o controlo dos carac\u00f3is muito mais simples. Todos os produtos, desde os pentes de dentes largos aos cremes definidores, ajudam a manter a sa\u00fade e o estilo dos meus carac\u00f3is.<\/p>\n<p>Se est\u00e1 a criar a sua pr\u00f3pria rotina para o cabelo encaracolado, partilho o que considero ser o mais eficaz e recomendo produtos para experimentar. Apesar de alguns itens serem indispens\u00e1veis, se estiver a experimentar ou a ficar sem os seus favoritos, existem alguns substitutos que podem funcionar igualmente bem.<\/p>\n<table>\n<tbody>\n<tr>\n<td>Frasco\/Acess\u00f3rio para carac\u00f3is<\/td>\n<td>Obrigat\u00f3rio ou substitu\u00edvel<\/td>\n<\/tr>\n<tr>\n<td>Creme definidor de carac\u00f3is<\/td>\n<td>Indispens\u00e1vel, define e modela os meus carac\u00f3is<\/td>\n<\/tr>\n<tr>\n<td>Pente de dentes largos<\/td>\n<td>Substitu\u00edvel, por vezes utilizo apenas os meus dedos<\/td>\n<\/tr>\n<tr>\n<td>Toalha de microfibra<\/td>\n<td>Indispens\u00e1vel, ajuda a reduzir o frisado ap\u00f3s a lavagem<\/td>\n<\/tr>\n<tr>\n<td>Condicionador sem enxaguamento<\/td>\n<td>Indispens\u00e1vel, mant\u00e9m os meus carac\u00f3is hidratados<\/td>\n<\/tr>\n<tr>\n<td>Acess\u00f3rio difusor<\/td>\n<td>Substitu\u00edvel, a secagem ao ar livre tamb\u00e9m funciona bem<\/td>\n<\/tr>\n<\/tbody>\n<\/table>\n<h2>Passo 1. Pr\u00e9-pu<\/h2>\n<p>Assim que decido lavar o meu cabelo, come\u00e7o com isto. Utilizo \u00e1gua para molhar o cabelo e depois aplico um b\u00e1lsamo ou uma m\u00e1scara, consoante o tipo de cuidados que pretendo ter com o cabelo no futuro.<\/p>\n<p>Um produto para dar volume ou nutri\u00e7\u00e3o funciona se for hidratante; se for restaurador, o hidratante \u00e9 a melhor op\u00e7\u00e3o.<\/p>\n<p>Como pinto o comprimento todos os meses, utilizo sempre primeiro produtos sem silicone, como uma m\u00e1scara hidratante ou um amaciador. O basma ainda est\u00e1 demasiado solto para ficar no meu cabelo.<\/p>\n<p>Repare que, nas minhas fotografias, o comprimento aparece mais claro e as ra\u00edzes mais escuras. N\u00e3o tenho a certeza se isto se deve ao facto de a hena ter sido fixada dessa forma ou se se queimou. No entanto, o facto mant\u00e9m-se. Embora possa estar a dizer disparates numa l\u00edngua que n\u00e3o entendo, em teoria, at\u00e9 gosto deste efeito ombre ou balayage. No entanto, uma vez que a cor \u00e9 colorida, ela rapidamente se torna irregular e desaparece.<\/p>\n<p><img decoding=\"async\" class=\"aligncenter\"  src=\"\/wp-content\/uploads\/2024\/09\/moi-kudrjavye-banki-i-aksessuary-dlja-vjushhihsja_1.jpg\"><\/p>\n<p>E depois de algumas lavagens, temos a imagem seguinte.<\/p>\n<p>N\u00e3o tenho a certeza quanto a si, mas consigo ver claramente que h\u00e1 dez cent\u00edmetros de cabelo maioritariamente encaracolado, de comprimento mais claro e ra\u00edzes escuras.<\/p>\n<p><img decoding=\"async\" class=\"aligncenter\"  src=\"\/wp-content\/uploads\/2024\/09\/moi-kudrjavye-banki-i-aksessuary-dlja-vjushhihsja_3.jpg\"><\/p>\n<p>Ainda n\u00e3o sei bem porque \u00e9 que isto est\u00e1 a acontecer, mas n\u00e3o compreendo. &amp;#129335;\u200d\u2640\ufe0f<\/p>\n<p>Voltemos agora ao pr\u00e9-pu. Pessoalmente, acho que este \u00e9 um passo crucial porque ser\u00e1 muito mais f\u00e1cil trabalhar com o seu cabelo mais tarde se o pentear corretamente antes de o lavar.<\/p>\n<p>Consegui eliminar problemas como o cabelo a dar n\u00f3s e o emaranhado constante, praticando consistentemente o pr\u00e9-pu.<\/p>\n<p>Comprei as m\u00e1scaras de azeitona e arg\u00e3o na &ldquo;Fresh cosmetics&rdquo; para o pr\u00e9-pu. Tamb\u00e9m tenho um amaciador chamado &ldquo;Ticket to Iceland&rdquo; da Planeta Organica, e ocasionalmente utilizo uma m\u00e1scara chamada Kaaral Liss para estes fins.<\/p>\n<p><img decoding=\"async\" class=\"aligncenter\"  src=\"\/wp-content\/uploads\/2024\/09\/moi-kudrjavye-banki-i-aksessuary-dlja-vjushhihsja_2.jpg\"><img decoding=\"async\" class=\"aligncenter\"  src=\"\/wp-content\/uploads\/2024\/09\/moi-kudrjavye-banki-i-aksessuary-dlja-vjushhihsja_4.jpg\"><img decoding=\"async\" class=\"aligncenter\"  src=\"\/wp-content\/uploads\/2024\/09\/moi-kudrjavye-banki-i-aksessuary-dlja-vjushhihsja_5.jpg\"><\/p>\n<p>De um modo geral, qualquer frasco serve, desde que o termine, mesmo que n\u00e3o lhe sirva ou n\u00e3o lhe agrade. N\u00e3o \u00e9 necess\u00e1rio comprar nada especialmente para estas utiliza\u00e7\u00f5es.<\/p>\n<p>A coisa mais importante a fazer nesta altura \u00e9 desembara\u00e7ar e pentear completamente o cabelo; use muita \u00e1gua e sinta-se \u00e0 vontade para adicionar mais amaciador ou m\u00e1scara. \u00c9 crucial que n\u00e3o haja movimentos abruptos. Depois de pentear e desembara\u00e7ar o cabelo, passamos ao passo seguinte.<\/p>\n<h2>Passo 2. Limpeza<\/h2>\n<p>Devido ao meu couro cabeludo normal, gosto de champ\u00f4s sem sulfatos. trocar por champ\u00f4s com sulfato. Aplico peelings e esfoliantes.<\/p>\n<p>Gosto muito dos champ\u00f4s da Vieso. Em compara\u00e7\u00e3o com o sulfato Kaaral Energy, que d\u00e1 vontade de o lavar ao fim de apenas tr\u00eas dias, estes permitem que a cabe\u00e7a fique com um aspeto decente mesmo ao quarto dia.<\/p>\n<p><img decoding=\"async\" class=\"aligncenter\"  src=\"\/wp-content\/uploads\/2024\/09\/moi-kudrjavye-banki-i-aksessuary-dlja-vjushhihsja_6.jpg\"><img decoding=\"async\" class=\"aligncenter\"  src=\"\/wp-content\/uploads\/2024\/09\/moi-kudrjavye-banki-i-aksessuary-dlja-vjushhihsja_9.jpg\"><img decoding=\"async\" class=\"aligncenter\"  src=\"\/wp-content\/uploads\/2024\/09\/moi-kudrjavye-banki-i-aksessuary-dlja-vjushhihsja_7.jpg\"><\/p>\n<p>Dou sempre dois banhos ao meu couro cabeludo! Para dar tempo ao champ\u00f4 de fazer o seu trabalho, dou-lhe alguns minutos na segunda vez. Utilizo sempre espuma gota a gota para lavar o comprimento do meu cabelo e massajar suavemente o couro cabeludo, porque preciso de me livrar de todo o produto de modela\u00e7\u00e3o. Depois disso, enxaguo com muita \u00e1gua.<\/p>\n<p>Nem sequer vou tentar o m\u00e9todo tradicional dos carac\u00f3is para limpar o couro cabeludo, que normalmente envolve a utiliza\u00e7\u00e3o de um kovosh ou a lavagem com amaciador. Os meus champ\u00f4s suaves sem sulfatos s\u00e3o suaves para o comprimento e proporcionam uma boa limpeza, por isso estou satisfeita com eles.<\/p>\n<p>Os champ\u00f4s suavizantes de sal\u00e3o da Alfaparf s\u00e3o demasiado suaves, raz\u00e3o pela qual n\u00e3o funcionaram bem para mim. No entanto, gosto de os usar; tamb\u00e9m tenho um pequenino e cor-de-rosa que \u00e9 hidratante.<\/p>\n<p><img decoding=\"async\" class=\"aligncenter\"  src=\"\/wp-content\/uploads\/2024\/09\/moi-kudrjavye-banki-i-aksessuary-dlja-vjushhihsja_8.jpg\"><\/p>\n<p>Comprei uma escova de lavar roupa porque sinto realmente falta da sensa\u00e7\u00e3o que uma escova deixa no meu couro cabeludo desde que deixei de escovar o cabelo em cabelo seco. D\u00e1 ao couro cabeludo uma massagem muito leve e suave. Ahh. Sentimentos inexplic\u00e1veis. 128579;<\/p>\n<p>De seguida, passamos ao passo seguinte ap\u00f3s a limpeza.<\/p>\n<h2>Passo 3. Condicionamento<\/h2>\n<p>Em seguida, aplicamos o amaciador depois de enxaguar o champ\u00f4.<\/p>\n<p>Aplico sempre uma m\u00e1scara depois do champ\u00f4 porque ainda tenho uma tonelada deles, mas n\u00e3o vou entrar em pormenores sobre isso aqui porque o amaciador \u00e9 o ingrediente mais importante no m\u00e9todo dos carac\u00f3is.<\/p>\n<p><img decoding=\"async\" class=\"aligncenter\"  src=\"\/wp-content\/uploads\/2024\/09\/moi-kudrjavye-banki-i-aksessuary-dlja-vjushhihsja_10.jpg\"><img decoding=\"async\" class=\"aligncenter\"  src=\"\/wp-content\/uploads\/2024\/09\/moi-kudrjavye-banki-i-aksessuary-dlja-vjushhihsja_16.jpg\"><\/p>\n<p>Um consum\u00edvel \u00e9 o amaciador. H\u00e1 alturas em que \u00e9 mesmo preciso muito. Por exemplo, n\u00e3o deve custar muito desembara\u00e7ar o cabelo para o pr\u00e9-penteado. \u00c9 uma regra n\u00e3o escrita que se deve usar cinco vezes mais amaciador do que champ\u00f4! O dinheiro n\u00e3o pode ser poupado!<\/p>\n<p>De facto, existem muitos b\u00e1lsamos incrivelmente valiosos para cabelos encaracolados com composi\u00e7\u00f5es elegantes entre os produtos baratos! O m\u00e9todo encaracolado requer um amaciador sem silicone!<\/p>\n<p>Usamos amaciador para hidratar o cabelo; podemos retir\u00e1-lo do cabelo pelo m\u00e9todo do gotejamento e, ao mesmo tempo, esprem\u00ea-lo. Pode utilizar o m\u00e9todo da bacia ou a t\u00e9cnica de espremer para condicionar.<\/p>\n<p>Tenho dois aparelhos de ar condicionado Petal Fresh e gosto muito deles:<\/p>\n<p><img decoding=\"async\" class=\"aligncenter\"  src=\"\/wp-content\/uploads\/2024\/09\/moi-kudrjavye-banki-i-aksessuary-dlja-vjushhihsja_11.jpg\"><\/p>\n<ul>\n<li>Com azeitona e uvas para hidratar;<\/li>\n<li>Com hortel\u00e3 e alecrim para dar volume.<\/li>\n<\/ul>\n<p>S\u00e3o ambos espectaculares! Excelente &ldquo;algas&rdquo; para o cabelo, que ajuda a criar carac\u00f3is e a reter a humidade.<\/p>\n<p><img decoding=\"async\" class=\"aligncenter\"  src=\"\/wp-content\/uploads\/2024\/09\/moi-kudrjavye-banki-i-aksessuary-dlja-vjushhihsja_12.jpg\"><img decoding=\"async\" class=\"aligncenter\"  src=\"\/wp-content\/uploads\/2024\/09\/moi-kudrjavye-banki-i-aksessuary-dlja-vjushhihsja_15.jpg\"><\/p>\n<p>Ap\u00f3s o condicionamento e a forma\u00e7\u00e3o dos carac\u00f3is, passamos ao passo seguinte.<\/p>\n<h2>Passo 4. Plopping<\/h2>\n<p>Enrolamos o nosso cabelo extremamente molhado numa toalha depois de o apertarmos ligeiramente para evitar que a \u00e1gua escorra. Mas n\u00e3o uma felpuda! Vai dar volume aos nossos carac\u00f3is e remover toda a humidade.<\/p>\n<p>Tenho uma toalha de turbante de tencel com duas camadas e um turbante de microfibra. Embora a microfibra seja melhor do que o tencel, ultimamente a minha m\u00e3o tem gravitado em dire\u00e7\u00e3o a ele.<\/p>\n<p><img decoding=\"async\" class=\"aligncenter\"  src=\"\/wp-content\/uploads\/2024\/09\/moi-kudrjavye-banki-i-aksessuary-dlja-vjushhihsja_14.jpg\"><img decoding=\"async\" class=\"aligncenter\"  src=\"\/wp-content\/uploads\/2024\/09\/moi-kudrjavye-banki-i-aksessuary-dlja-vjushhihsja_13.jpg\"><\/p>\n<p>A Tencel deixa o cabelo incrivelmente h\u00famido, tornando o seu manuseamento muito mais simples. Inicialmente, fiquei um pouco desiludida com este aparelho, uma vez que o turbante praticamente n\u00e3o absorve a humidade extra; em vez disso, escorria-me pelo pesco\u00e7o e pelas costas, escorregando e n\u00e3o conseguindo conter os meus cabelos longos e espessos que tinham inchado com a \u00e1gua.<\/p>\n<p>No entanto, depois de me ter habituado, agora adoro esta toalha em vez da de microfibra e, naturalmente, sonho em usar um turbante de seda. Um dia, quem sabe, vou-me mimar.<\/p>\n<p>Penso que todos sabem que o meu cabelo pode ficar frisado com uma t-shirt de algod\u00e3o normal, se n\u00e3o tiver microfibras, tencel ou seda. Tamb\u00e9m foi assim que comecei.<\/p>\n<p>Retirar ap\u00f3s 5 a 15 minutos e passar \u00e0 etapa seguinte.<\/p>\n<h2>Passo 5. Viver<\/h2>\n<p>Ainda n\u00e3o utilizei nenhum dos produtos especiais desta categoria. Utilizo os cremes sem enxaguamento dispon\u00edveis para estes fins. Estes s\u00e3o os seguintes:<\/p>\n<ul>\n<li><b>Creme de Mel Vieso;<\/b><\/li>\n<li><b>Lebel Moist Essence;<\/b><\/li>\n<li><b>Condicionador sem enxaguamento Alfaparf Nutritive:<\/b><\/li>\n<li><b>Condicionador sem enxaguamento Kaaral Liss<\/b>.<\/li>\n<\/ul>\n<p>Creio que nunca utilizei o creme Angel com immortelle; atualmente n\u00e3o se enquadra em nenhum esquema. Devido \u00e0 presen\u00e7a de prote\u00ednas na composi\u00e7\u00e3o, o Honey Vieso triunfa e vale inquestionavelmente a pena voltar a comprar.<\/p>\n<p><img decoding=\"async\" class=\"aligncenter\"  src=\"\/wp-content\/uploads\/2024\/09\/moi-kudrjavye-banki-i-aksessuary-dlja-vjushhihsja_17.jpg\"><\/p>\n<p>Alguns produtos cont\u00eam silicones, o que os torna inadequados para a utiliza\u00e7\u00e3o do m\u00e9todo encaracolado.<\/p>\n<p>De um modo geral, aplicar o creme ap\u00f3s o alisamento e introduzi-lo no cabelo com um movimento de compacta\u00e7\u00e3o. Cheguei \u00e0 conclus\u00e3o de que \u00e9 prefer\u00edvel tomar uma por\u00e7\u00e3o do tamanho de uma colher de sobremesa em vez de poupar. O produto \u00e9 distribu\u00eddo uniformemente pelo nosso cabelo, que est\u00e1 extremamente h\u00famido.<\/p>\n<p>No caso de os carac\u00f3is secarem abruptamente, pode borrif\u00e1-los com \u00e1gua utilizando uma pistola de pulveriza\u00e7\u00e3o ou molh\u00e1-los por baixo da grua. A nossa vida depende da \u00e1gua! Lembrem-se de n\u00e3o o ignorar.<\/p>\n<p><b>Se n\u00e3o tiver um lyvin.<\/b><\/p>\n<p>Passamos \u00e0 fase seguinte.<\/p>\n<h2>Passo 6. Pentear<\/h2>\n<p>Nunca \u00e9 demais real\u00e7ar a import\u00e2ncia de um excelente styling. Ele precisa de ajustar corretamente os carac\u00f3is sem secar demasiado ou danificar o cabelo.<\/p>\n<p>Escolha uma composi\u00e7\u00e3o que n\u00e3o contenha \u00e1lcool. Aqui, \u00e9 ainda mais vantajoso concentrarmo-nos em marcas especializadas em cabelos encaracolados, porque s\u00e3o normalmente as que produzem produtos de alta qualidade.<\/p>\n<p>Eu trabalho sempre em duas fases:<\/p>\n<p>Utilizo espuma para dar volume e encaracolar e gel para fixar no meu cabelo comprido.<\/p>\n<p>O Orange Angel foi o meu primeiro gel, e cumpriu admiravelmente as suas fun\u00e7\u00f5es. Depois experimentei o gel Curl Rock and Roll Strong Hold, que produz um resultado ainda melhor. \u00c9 o meu favorito at\u00e9 agora. Esta combina\u00e7\u00e3o \u00e9 fant\u00e1stica com a espuma com o mesmo nome. \u00c9 verdade que estou sem espuma neste momento. Sem d\u00favida, voltarei a faz\u00ea-lo.<\/p>\n<p><img decoding=\"async\" class=\"aligncenter\"  src=\"\/wp-content\/uploads\/2024\/09\/moi-kudrjavye-banki-i-aksessuary-dlja-vjushhihsja_18.jpg\"><img decoding=\"async\" class=\"aligncenter\"  src=\"\/wp-content\/uploads\/2024\/09\/moi-kudrjavye-banki-i-aksessuary-dlja-vjushhihsja_19.jpg\"><img decoding=\"async\" class=\"aligncenter\"  src=\"\/wp-content\/uploads\/2024\/09\/moi-kudrjavye-banki-i-aksessuary-dlja-vjushhihsja_20.jpg\"><img decoding=\"async\" class=\"aligncenter\"  src=\"\/wp-content\/uploads\/2024\/09\/moi-kudrjavye-banki-i-aksessuary-dlja-vjushhihsja_21.jpg\"><\/p>\n<p>Este primer da Curl Rock and Roll, ali\u00e1s, pode ser usado como um liven, mas eu ainda n\u00e3o tenho onde o colocar. Uma vez que todos os esquemas s\u00e3o explicados, prefiro utiliz\u00e1-lo como uma atualiza\u00e7\u00e3o. \u00c9 f\u00e1cil de compreender.<\/p>\n<p>N\u00e3o \u00e9 sentida no cabelo, n\u00e3o d\u00e1 nenhum molde e enrola o cabelo maravilhosamente!<\/p>\n<p><img decoding=\"async\" class=\"aligncenter\"  src=\"\/wp-content\/uploads\/2024\/09\/moi-kudrjavye-banki-i-aksessuary-dlja-vjushhihsja_22.jpg\"><\/p>\n<p>Estilo da empresa Noah Neste momento, estou a test\u00e1-lo. \u00c9 incrivelmente hidratante, nomeadamente a mousse. Al\u00e9m disso, o meu interesse pelas espumas proteicas aumentou.<\/p>\n<p>Espuma &ldquo;Protoqueratina&rdquo;: J\u00e1 experimentei uma vez e ajuda mesmo na forma\u00e7\u00e3o dos carac\u00f3is.<\/p>\n<p>Espuma E agora, passemos \u00e0 a\u00e7\u00e3o. Embora j\u00e1 o utilize h\u00e1 algum tempo e goste verdadeiramente dele, da pr\u00f3xima vez comprarei a espuma no Laboratorium devido ao seu pre\u00e7o significativamente mais baixo e \u00e0 sua composi\u00e7\u00e3o id\u00eantica (desenvolvimento conjunto com a So go ahead).<\/p>\n<p>Gel Taft ainda n\u00e3o experimentou.<\/p>\n<p>Tamb\u00e9m estou \u00e0 espera da espuma da Insight. excelentes cr\u00edticas para ela. Tamb\u00e9m tenho um grande respeito pela empresa Insight em geral. Talvez, no futuro, eu leve um gel.<\/p>\n<p>O cabelo foi penteado, e continu\u00e1mos.<\/p>\n<h2>Etapa 7. Secagem<\/h2>\n<p>Cada um \u00e9 livre de escolher um secador de cabelo ou m\u00e9todos de secagem naturais com base no que lhe for mais conveniente. O segundo \u00e9 a minha prefer\u00eancia.) A secagem natural \u00e9 demorada, h\u00famida, inconveniente e resulta em carac\u00f3is compridos e esticados, o que n\u00e3o me agradou.<\/p>\n<p>Por esta raz\u00e3o, prefiro usar um secador de cabelo para criar penteados. O acess\u00f3rio difusor \u00e9 mais um componente crucial. Deve ser espa\u00e7oso, aconchegante e, idealmente, ter laterais para evitar que os carac\u00f3is voem.<\/p>\n<p>Atualmente, utilizo dois secadores de cabelo:<\/p>\n<ol>\n<li><b>BaByliss Smooth Pro 2100;<\/b><\/li>\n<li><b>Super secador de cabelo<\/b> &#8211; an\u00e1logo ao or\u00e7amento do conhecido secador de cabelo.<\/li>\n<\/ol>\n<p><img decoding=\"async\" class=\"aligncenter\"  src=\"\/wp-content\/uploads\/2024\/09\/moi-kudrjavye-banki-i-aksessuary-dlja-vjushhihsja_23.jpg\"><img decoding=\"async\" class=\"aligncenter\"  src=\"\/wp-content\/uploads\/2024\/09\/moi-kudrjavye-banki-i-aksessuary-dlja-vjushhihsja_24.jpg\"><\/p>\n<p>Ambos os secadores de cabelo funcionam bem, mas recentemente dei por mim a usar o segundo, por ser mais pequeno e mais leve.<\/p>\n<p><img decoding=\"async\" class=\"aligncenter\"  src=\"\/wp-content\/uploads\/2024\/09\/moi-kudrjavye-banki-i-aksessuary-dlja-vjushhihsja_25.jpg\"><\/p>\n<p>Seco sempre o meu cabelo \u00e0 velocidade m\u00e1xima e \u00e0 temperatura m\u00ednima (1 modo). Aqui a r\u00e9plica sopra ar muito, muito quente neste modo &#8211; eu nem sequer seco a zona das ra\u00edzes desta forma, pois h\u00e1 o risco de me queimar (j\u00e1 tive isso). Depois, untei o couro cabeludo com gel de alo\u00e9. Ajudou. Mas o meu cabelo seca em 20 minutos. E, claro, eu alterno sempre os modos de temperatura.<\/p>\n<p>Relativamente ao difusor, as ta\u00e7as de ambos os secadores de cabelo s\u00e3o bastante espa\u00e7osas e o BaByliss at\u00e9 tem uma funcionalidade muito agrad\u00e1vel.<\/p>\n<p><img decoding=\"async\" class=\"aligncenter\"  src=\"\/wp-content\/uploads\/2024\/09\/moi-kudrjavye-banki-i-aksessuary-dlja-vjushhihsja_34.jpg\"><\/p>\n<p>Os carac\u00f3is saltam para tr\u00e1s e enrolam-se com mais for\u00e7a porque foram secos com um difusor.<\/p>\n<p><b>Se n\u00e3o tiveres um difusor.<\/b><\/p>\n<p>Para mim, o mais importante \u00e9 que os carac\u00f3is despertem muito interesse aos 80 anos e que o cabelo seque completamente durante a noite. Normalmente, n\u00e3o seco o cabelo at\u00e9 ao fim.<\/p>\n<p><img decoding=\"async\" class=\"aligncenter\"  src=\"\/wp-content\/uploads\/2024\/09\/moi-kudrjavye-banki-i-aksessuary-dlja-vjushhihsja_27.jpg\"><\/p>\n<p>Quebro a crosta que se forma com o penteado apenas de manh\u00e3, quando os carac\u00f3is acabam de secar. Utilizo \u00f3leo para estes fins.<\/p>\n<p><img decoding=\"async\" class=\"aligncenter\"  src=\"\/wp-content\/uploads\/2024\/09\/moi-kudrjavye-banki-i-aksessuary-dlja-vjushhihsja_28.jpg\"><\/p>\n<p>No dia seguinte, quando o gesso se desfaz, o meu cabelo fica assim.<\/p>\n<h2>Passo 8. Acess\u00f3rios adicionais<\/h2>\n<p>Mas isso n\u00e3o \u00e9 tudo. Tanto os produtos de seda natural como os de seda sint\u00e9tica ajudam-me a manter os meus carac\u00f3is. Tenho duas fronhas de seda que utilizo sobretudo para dormir. Nada de mal acontecer\u00e1 aos meus carac\u00f3is de manh\u00e3, por isso nem sequer preciso de os prender num rabo-de-cavalo.<\/p>\n<p><img decoding=\"async\" class=\"aligncenter\"  src=\"\/wp-content\/uploads\/2024\/09\/moi-kudrjavye-banki-i-aksessuary-dlja-vjushhihsja_26.jpg\"><img decoding=\"async\" class=\"aligncenter\"  src=\"\/wp-content\/uploads\/2024\/09\/moi-kudrjavye-banki-i-aksessuary-dlja-vjushhihsja_31.jpg\"><\/p>\n<p>Tendo em conta que cada fronha vem com um el\u00e1stico de seda como presente, ainda bem que me sentei para escrever este post! E esqueci-me completamente dela. &amp;#129335;\u200d\u2640\ufe0f Uma surpresa bem-vinda.<\/p>\n<p>O meu cabelo fica assim depois de ter dormido numa fronha de seda. N\u00e3o aconteceu nada, n\u00e3o houve atualiza\u00e7\u00e3o. segundo dia ap\u00f3s a lavagem. O meu cabelo est\u00e1 preso num rabo-de-cavalo alto na parte de tr\u00e1s da cabe\u00e7a, \u00e0 la &ldquo;anan\u00e1s&rdquo; se eu dormir em cetim.<\/p>\n<p>Tamb\u00e9m enfio a ponta do meu cabelo comprido debaixo do el\u00e1stico quando uso um rabo-de-cavalo. Acontece desta forma.<\/p>\n<p><img decoding=\"async\" class=\"aligncenter\"  src=\"\/wp-content\/uploads\/2024\/09\/moi-kudrjavye-banki-i-aksessuary-dlja-vjushhihsja_29.jpg\"><\/p>\n<p>\u00c9 prefer\u00edvel retirar o cabelo, porque o cetim n\u00e3o \u00e9 t\u00e3o bom para o cabelo como a seda.<\/p>\n<p>No que diz respeito aos acess\u00f3rios para o cabelo, gosto de cetim, caranguejos e uma banana de borracha. Os el\u00e1sticos de seda s\u00e3o normalmente feitos de seda natural, embora um seja feito de seda artificial. Para eventos especiais, existem in\u00fameros ganchos de cabelo de ferro requintados dispon\u00edveis.<\/p>\n<p><img decoding=\"async\" class=\"aligncenter\"  src=\"\/wp-content\/uploads\/2024\/09\/moi-kudrjavye-banki-i-aksessuary-dlja-vjushhihsja_33.jpg\"><img decoding=\"async\" class=\"aligncenter\"  src=\"\/wp-content\/uploads\/2024\/09\/moi-kudrjavye-banki-i-aksessuary-dlja-vjushhihsja_30.jpg\"><img decoding=\"async\" class=\"aligncenter\"  src=\"\/wp-content\/uploads\/2024\/09\/moi-kudrjavye-banki-i-aksessuary-dlja-vjushhihsja_35.jpg\"><img decoding=\"async\" class=\"aligncenter\"  src=\"\/wp-content\/uploads\/2024\/09\/moi-kudrjavye-banki-i-aksessuary-dlja-vjushhihsja_32.jpg\"><\/p>\n<p>N\u00e3o costumo fazer penteados. Uso uma malvinka no trabalho e em casa, prendendo o cabelo com um gancho na parte de tr\u00e1s da cabe\u00e7a. Quando aplico uma m\u00e1scara no meu cabelo, uso o gancho de cabelo grande de borracha na casa de banho, o m\u00e9dio em casa e o mais pequeno no trabalho para juntar os meus carac\u00f3is.<\/p>\n<p>Os el\u00e1sticos pequenos s\u00e3o os meus preferidos porque posso us\u00e1-los como pulseira ou como decora\u00e7\u00e3o. Acho que fica bem, e o gancho de cabelo est\u00e1 sempre \u00e0 m\u00e3o, caso tenha de tirar o cabelo rapidamente.<\/p>\n<p>Agora que o inverno chegou, estou preocupada com a forma como vou manter os meus carac\u00f3is debaixo de um casaco. No inverno, normalmente uso um chap\u00e9u e escondo o cabelo debaixo de um casaco, depois de o prender num rabo-de-cavalo ou numa tran\u00e7a (est\u00e1 bem, \u00e0s vezes escondo-o sem o prender, mas sejamos honestos, n\u00e3o \u00e9 assim que o meu cabelo se enreda normalmente).<\/p>\n<p>Decidi experimentar algo diferente desta vez. Comprei um len\u00e7o de seda artificial, que tenciono usar com o cabelo enfiado por baixo. Se ficar muito frio &#8211; o que n\u00e3o espero, porque os nossos Invernos s\u00e3o tipicamente quentes e mais h\u00famidos do que frios e com neve &#8211; uso um capuz por cima do cachecol.<\/p>\n<p><img decoding=\"async\" class=\"aligncenter\"  src=\"\/wp-content\/uploads\/2024\/09\/moi-kudrjavye-banki-i-aksessuary-dlja-vjushhihsja_36.jpg\"><img decoding=\"async\" class=\"aligncenter\"  src=\"\/wp-content\/uploads\/2024\/09\/moi-kudrjavye-banki-i-aksessuary-dlja-vjushhihsja_37.jpg\"><\/p>\n<p>Naturalmente, n\u00e3o acho que fico bem com um len\u00e7o na cabe\u00e7a. \u00c9 mais ou menos a mesma coisa com \u00f3culos, mas n\u00e3o com. &amp;#Estou habituada a usar chap\u00e9us. Mas o que \u00e9 que se pode fazer?? A beleza exige que se abdique de algo. &amp;#129335;\u200d\u2640\ufe0f<\/p>\n<blockquote><p>\n   Quando se trata da minha rotina para o cabelo encaracolado, alguns produtos e acess\u00f3rios essenciais n\u00e3o s\u00e3o negoci\u00e1veis: a minha fiel toalha de microfibras para controlar o frisado, um pente de dentes largos para desembara\u00e7ar suavemente e o meu creme para carac\u00f3is favorito para definir aquelas ondas perfeitas. Embora alguns artigos, como os el\u00e1sticos, possam ser facilmente substitu\u00eddos, estes essenciais mant\u00eam os meus carac\u00f3is no seu melhor sem complica\u00e7\u00f5es. Ter os produtos e ferramentas certos faz toda a diferen\u00e7a quando se trata de manter carac\u00f3is saud\u00e1veis e definidos. Dos meus g\u00e9is de modela\u00e7\u00e3o favoritos aos difusores, estes essenciais mant\u00eam o meu cabelo no seu melhor e ajudam-me a abra\u00e7ar a minha textura natural. No entanto, nem todos os produtos s\u00e3o insubstitu\u00edveis. Alguns podem ser facilmente substitu\u00eddos em fun\u00e7\u00e3o das necessidades ou da disponibilidade do seu cabelo. A chave \u00e9 encontrar o que funciona melhor para si e manter-se fiel a ele, estando tamb\u00e9m aberta a experi\u00eancias quando necess\u00e1rio. Em \u00faltima an\u00e1lise, construir uma rotina para cabelos encaracolados \u00e9 compreender os seus carac\u00f3is e o que os faz prosperar. Com os frascos e acess\u00f3rios certos, o seu cabelo sentir-se-\u00e1 t\u00e3o bem quanto parece. Frasco\/acess\u00f3rio para carac\u00f3is Obrigat\u00f3rio ou substitu\u00edvel Creme definidor de carac\u00f3is Obrigat\u00f3rio, define e d\u00e1 forma aos meus carac\u00f3is Pente de dentes largos Substitu\u00edvel, por vezes uso apenas os dedos Toalha de microfibras Obrigat\u00f3rio, ajuda a reduzir o frisado ap\u00f3s a lavagem Condicionador sem enxaguamento Obrigat\u00f3rio, mant\u00e9m os meus carac\u00f3is hidratados Acess\u00f3rio difusor Substitu\u00edvel, a secagem ao ar livre tamb\u00e9m funciona bem\n  <\/p><\/blockquote>\n<h2>Resultados<\/h2>\n<p>Vamos resumir agora. N\u00e3o est\u00e1 a ver as coisas se achou que este post que escrevi e este post sobre o m\u00e9todo dos carac\u00f3is eram semelhantes. Embora tenham sido adicionados novos produtos e eu tenha mais experi\u00eancia, os passos s\u00e3o essencialmente os mesmos.<\/p>\n<p>J\u00e1 reparou no produto que serve de base a todo o m\u00e9todo dos carac\u00f3is?? De facto, \u00e9 um condicionador! Assim, ter um b\u00e1lsamo com uma composi\u00e7\u00e3o decente j\u00e1 \u00e9 metade da luta ganha. No total, contei at\u00e9 seis maneiras diferentes de usar o condicionador no KGM:<\/p>\n<ol>\n<li>Pr\u00e9-pu;<\/li>\n<li>Kovosh;<\/li>\n<li>Condicionamento direto;<\/li>\n<li>M\u00e1scara &#8211; molhe bem o cabelo com \u00e1gua, aplique bastante amaciador, coloque-o debaixo de uma touca durante 20-30 minutos, pode aquec\u00ea-lo;<\/li>\n<li>Em vez de viver;<\/li>\n<li>Para refrescar &#8211; misture um pouco de amaciador com \u00e1gua num frasco de spray e pulverize-o no seu cabelo para refrescar o seu penteado. No mar, utilizei este m\u00e9todo para proteger do sol e da humidade adicional do cabelo.<\/li>\n<\/ol>\n<p>Isso pode ser tudo.<\/p>\n<p>Agrade\u00e7o o tempo que dedicou a falar comigo agora.<\/p>\n<p>Dou um grande abra\u00e7o a todas v\u00f3s, meninas.<\/p>\n<h2>V\u00eddeo sobre o tema<\/h2>\n<h3>Experimento os meios para colocar o cabelo encaracolado KGM<\/h3>\n<p><iframe loading=\"lazy\" width=\"560\" height=\"315\" src=\"https:\/\/www.youtube.com\/embed\/8HR55pCJi2M\" frameborder=\"0\" allow=\"autoplay; encrypted-media\" allowfullscreen><\/iframe><\/p>\n<h3>O m\u00e9todo encaracolado \u00e9 a minha rotina #kgm #curly metro #kudryavyvolos #cachos<\/h3>\n<p><iframe loading=\"lazy\" width=\"560\" height=\"315\" src=\"https:\/\/www.youtube.com\/embed\/WWtQoKn0BdE\" frameborder=\"0\" allow=\"autoplay; encrypted-media\" allowfullscreen><\/iframe><\/p>\n","protected":false},"excerpt":{"rendered":"<p>Se tem cabelo encaracolado, sabe que se trata de uma escolha de estilo de vida e n\u00e3o apenas de um penteado. Para manter os carac\u00f3is no seu melhor, s\u00e3o necess\u00e1rios os produtos e as ferramentas certas para a gest\u00e3o. Com a minha rotina de cabelo encaracolado, descobri os meus frascos e acess\u00f3rios de elei\u00e7\u00e3o sem [&hellip;]<\/p>\n","protected":false},"author":24,"featured_media":0,"comment_status":"open","ping_status":"open","sticky":false,"template":"","format":"standard","meta":{"footnotes":""},"categories":[24],"tags":[],"class_list":["post-6107","post","type-post","status-publish","format-standard","","category-hair"],"yoast_head":"<!-- This site is optimized with the Yoast SEO plugin v26.7 - https:\/\/yoast.com\/wordpress\/plugins\/seo\/ -->\n<title>Cuidar do cabelo comprido encaracolado de acordo com o m\u00e9todo encaracolado (CGM, Curly Girl Method): foto, opini\u00f5es sobre as melhores ferramentas e penteados, dicas<\/title>\n<meta name=\"description\" content=\"Descubra os meus frascos e acess\u00f3rios para cabelos encaracolados indispens\u00e1veis para uma rotina KGM impec\u00e1vel. Aprender o que n\u00e3o consigo viver sem e quais os produtos que podem ser facilmente substitu\u00eddos para cuidar do cabelo encaracolado.\" \/>\n<meta name=\"robots\" content=\"index, follow, max-snippet:-1, max-image-preview:large, max-video-preview:-1\" \/>\n<link rel=\"canonical\" href=\"https:\/\/zavitushki.com\/pt\/my-curly-jars-and-accessories-for-curly-hair-what\/\" \/>\n<meta property=\"og:locale\" content=\"pt_PT\" \/>\n<meta property=\"og:type\" content=\"article\" \/>\n<meta property=\"og:title\" content=\"Cuidar do cabelo comprido encaracolado de acordo com o m\u00e9todo encaracolado (CGM, Curly Girl Method): foto, opini\u00f5es sobre as melhores ferramentas e penteados, dicas\" \/>\n<meta property=\"og:description\" content=\"Descubra os meus frascos e acess\u00f3rios para cabelos encaracolados indispens\u00e1veis para uma rotina KGM impec\u00e1vel. Aprender o que n\u00e3o consigo viver sem e quais os produtos que podem ser facilmente substitu\u00eddos para cuidar do cabelo encaracolado.\" \/>\n<meta property=\"og:url\" content=\"https:\/\/zavitushki.com\/pt\/my-curly-jars-and-accessories-for-curly-hair-what\/\" \/>\n<meta property=\"og:site_name\" content=\"Zavitushki.com\" \/>\n<meta property=\"article:published_time\" content=\"2024-09-10T16:10:12+00:00\" \/>\n<meta name=\"author\" content=\"Igor Petrov\" \/>\n<meta name=\"twitter:card\" content=\"summary_large_image\" \/>\n<meta name=\"twitter:label1\" content=\"Escrito por\" \/>\n\t<meta name=\"twitter:data1\" content=\"Igor Petrov\" \/>\n\t<meta name=\"twitter:label2\" content=\"Tempo estimado de leitura\" \/>\n\t<meta name=\"twitter:data2\" content=\"16 minutos\" \/>\n<script type=\"application\/ld+json\" class=\"yoast-schema-graph\">{\"@context\":\"https:\/\/schema.org\",\"@graph\":[{\"@type\":\"Article\",\"@id\":\"https:\/\/zavitushki.com\/pt\/my-curly-jars-and-accessories-for-curly-hair-what\/#article\",\"isPartOf\":{\"@id\":\"https:\/\/zavitushki.com\/pt\/my-curly-jars-and-accessories-for-curly-hair-what\/\"},\"author\":{\"name\":\"Igor Petrov\",\"@id\":\"https:\/\/zavitushki.com\/pt\/#\/schema\/person\/a48ae6d9dfb9b5e2a8e03d6aa83e2b48\"},\"headline\":\"Os meus frascos para carac\u00f3is e acess\u00f3rios para cabelos encaracolados: sem o que n\u00e3o consigo imaginar a minha rotina KGM e o que pode ser substitu\u00eddo\",\"datePublished\":\"2024-09-10T16:10:12+00:00\",\"mainEntityOfPage\":{\"@id\":\"https:\/\/zavitushki.com\/pt\/my-curly-jars-and-accessories-for-curly-hair-what\/\"},\"wordCount\":3303,\"commentCount\":0,\"articleSection\":[\"Cabelo\"],\"inLanguage\":\"pt-PT\",\"potentialAction\":[{\"@type\":\"CommentAction\",\"name\":\"Comment\",\"target\":[\"https:\/\/zavitushki.com\/pt\/my-curly-jars-and-accessories-for-curly-hair-what\/#respond\"]}]},{\"@type\":\"WebPage\",\"@id\":\"https:\/\/zavitushki.com\/pt\/my-curly-jars-and-accessories-for-curly-hair-what\/\",\"url\":\"https:\/\/zavitushki.com\/pt\/my-curly-jars-and-accessories-for-curly-hair-what\/\",\"name\":\"Cuidar do cabelo comprido encaracolado de acordo com o m\u00e9todo encaracolado (CGM, Curly Girl Method): foto, opini\u00f5es sobre as melhores ferramentas e penteados, dicas\",\"isPartOf\":{\"@id\":\"https:\/\/zavitushki.com\/pt\/#website\"},\"datePublished\":\"2024-09-10T16:10:12+00:00\",\"author\":{\"@id\":\"https:\/\/zavitushki.com\/pt\/#\/schema\/person\/a48ae6d9dfb9b5e2a8e03d6aa83e2b48\"},\"description\":\"Descubra os meus frascos e acess\u00f3rios para cabelos encaracolados indispens\u00e1veis para uma rotina KGM impec\u00e1vel. Aprender o que n\u00e3o consigo viver sem e quais os produtos que podem ser facilmente substitu\u00eddos para cuidar do cabelo encaracolado.\",\"breadcrumb\":{\"@id\":\"https:\/\/zavitushki.com\/pt\/my-curly-jars-and-accessories-for-curly-hair-what\/#breadcrumb\"},\"inLanguage\":\"pt-PT\",\"potentialAction\":[{\"@type\":\"ReadAction\",\"target\":[\"https:\/\/zavitushki.com\/pt\/my-curly-jars-and-accessories-for-curly-hair-what\/\"]}]},{\"@type\":\"BreadcrumbList\",\"@id\":\"https:\/\/zavitushki.com\/pt\/my-curly-jars-and-accessories-for-curly-hair-what\/#breadcrumb\",\"itemListElement\":[{\"@type\":\"ListItem\",\"position\":1,\"name\":\"Lar\",\"item\":\"https:\/\/zavitushki.com\/pt\/\"},{\"@type\":\"ListItem\",\"position\":2,\"name\":\"Os meus frascos para carac\u00f3is e acess\u00f3rios para cabelos encaracolados: sem o que n\u00e3o consigo imaginar a minha rotina KGM e o que pode ser substitu\u00eddo\"}]},{\"@type\":\"WebSite\",\"@id\":\"https:\/\/zavitushki.com\/pt\/#website\",\"url\":\"https:\/\/zavitushki.com\/pt\/\",\"name\":\"Zavitushki.com\",\"description\":\"Revista online feminina\",\"potentialAction\":[{\"@type\":\"SearchAction\",\"target\":{\"@type\":\"EntryPoint\",\"urlTemplate\":\"https:\/\/zavitushki.com\/pt\/?s={search_term_string}\"},\"query-input\":{\"@type\":\"PropertyValueSpecification\",\"valueRequired\":true,\"valueName\":\"search_term_string\"}}],\"inLanguage\":\"pt-PT\"},{\"@type\":\"Person\",\"@id\":\"https:\/\/zavitushki.com\/pt\/#\/schema\/person\/a48ae6d9dfb9b5e2a8e03d6aa83e2b48\",\"name\":\"Igor Petrov\",\"image\":{\"@type\":\"ImageObject\",\"inLanguage\":\"pt-PT\",\"@id\":\"https:\/\/zavitushki.com\/pt\/#\/schema\/person\/image\/\",\"url\":\"https:\/\/secure.gravatar.com\/avatar\/65fff6b1e356fbc28d5b853014aba00e325f00f7729e454a2c6471a65b44be7c?s=96&d=mm&r=g\",\"contentUrl\":\"https:\/\/secure.gravatar.com\/avatar\/65fff6b1e356fbc28d5b853014aba00e325f00f7729e454a2c6471a65b44be7c?s=96&d=mm&r=g\",\"caption\":\"Igor Petrov\"},\"description\":\"Barbeiro com muitos anos de experi\u00eancia. crio looks masculinos modernos com base em t\u00e9cnicas cl\u00e1ssicas de corte e penteado. Acredito que o corte de cabelo perfeito \u00e9 um equil\u00edbrio entre estilo e conforto, que real\u00e7a o car\u00e1cter.\",\"url\":\"https:\/\/zavitushki.com\/pt\/author\/author-publications-pt_5\/\"}]}<\/script>\n<!-- \/ Yoast SEO plugin. -->","yoast_head_json":{"title":"Cuidar do cabelo comprido encaracolado de acordo com o m\u00e9todo encaracolado (CGM, Curly Girl Method): foto, opini\u00f5es sobre as melhores ferramentas e penteados, dicas","description":"Descubra os meus frascos e acess\u00f3rios para cabelos encaracolados indispens\u00e1veis para uma rotina KGM impec\u00e1vel. Aprender o que n\u00e3o consigo viver sem e quais os produtos que podem ser facilmente substitu\u00eddos para cuidar do cabelo encaracolado.","robots":{"index":"index","follow":"follow","max-snippet":"max-snippet:-1","max-image-preview":"max-image-preview:large","max-video-preview":"max-video-preview:-1"},"canonical":"https:\/\/zavitushki.com\/pt\/my-curly-jars-and-accessories-for-curly-hair-what\/","og_locale":"pt_PT","og_type":"article","og_title":"Cuidar do cabelo comprido encaracolado de acordo com o m\u00e9todo encaracolado (CGM, Curly Girl Method): foto, opini\u00f5es sobre as melhores ferramentas e penteados, dicas","og_description":"Descubra os meus frascos e acess\u00f3rios para cabelos encaracolados indispens\u00e1veis para uma rotina KGM impec\u00e1vel. Aprender o que n\u00e3o consigo viver sem e quais os produtos que podem ser facilmente substitu\u00eddos para cuidar do cabelo encaracolado.","og_url":"https:\/\/zavitushki.com\/pt\/my-curly-jars-and-accessories-for-curly-hair-what\/","og_site_name":"Zavitushki.com","article_published_time":"2024-09-10T16:10:12+00:00","author":"Igor Petrov","twitter_card":"summary_large_image","twitter_misc":{"Escrito por":"Igor Petrov","Tempo estimado de leitura":"16 minutos"},"schema":{"@context":"https:\/\/schema.org","@graph":[{"@type":"Article","@id":"https:\/\/zavitushki.com\/pt\/my-curly-jars-and-accessories-for-curly-hair-what\/#article","isPartOf":{"@id":"https:\/\/zavitushki.com\/pt\/my-curly-jars-and-accessories-for-curly-hair-what\/"},"author":{"name":"Igor Petrov","@id":"https:\/\/zavitushki.com\/pt\/#\/schema\/person\/a48ae6d9dfb9b5e2a8e03d6aa83e2b48"},"headline":"Os meus frascos para carac\u00f3is e acess\u00f3rios para cabelos encaracolados: sem o que n\u00e3o consigo imaginar a minha rotina KGM e o que pode ser substitu\u00eddo","datePublished":"2024-09-10T16:10:12+00:00","mainEntityOfPage":{"@id":"https:\/\/zavitushki.com\/pt\/my-curly-jars-and-accessories-for-curly-hair-what\/"},"wordCount":3303,"commentCount":0,"articleSection":["Cabelo"],"inLanguage":"pt-PT","potentialAction":[{"@type":"CommentAction","name":"Comment","target":["https:\/\/zavitushki.com\/pt\/my-curly-jars-and-accessories-for-curly-hair-what\/#respond"]}]},{"@type":"WebPage","@id":"https:\/\/zavitushki.com\/pt\/my-curly-jars-and-accessories-for-curly-hair-what\/","url":"https:\/\/zavitushki.com\/pt\/my-curly-jars-and-accessories-for-curly-hair-what\/","name":"Cuidar do cabelo comprido encaracolado de acordo com o m\u00e9todo encaracolado (CGM, Curly Girl Method): foto, opini\u00f5es sobre as melhores ferramentas e penteados, dicas","isPartOf":{"@id":"https:\/\/zavitushki.com\/pt\/#website"},"datePublished":"2024-09-10T16:10:12+00:00","author":{"@id":"https:\/\/zavitushki.com\/pt\/#\/schema\/person\/a48ae6d9dfb9b5e2a8e03d6aa83e2b48"},"description":"Descubra os meus frascos e acess\u00f3rios para cabelos encaracolados indispens\u00e1veis para uma rotina KGM impec\u00e1vel. Aprender o que n\u00e3o consigo viver sem e quais os produtos que podem ser facilmente substitu\u00eddos para cuidar do cabelo encaracolado.","breadcrumb":{"@id":"https:\/\/zavitushki.com\/pt\/my-curly-jars-and-accessories-for-curly-hair-what\/#breadcrumb"},"inLanguage":"pt-PT","potentialAction":[{"@type":"ReadAction","target":["https:\/\/zavitushki.com\/pt\/my-curly-jars-and-accessories-for-curly-hair-what\/"]}]},{"@type":"BreadcrumbList","@id":"https:\/\/zavitushki.com\/pt\/my-curly-jars-and-accessories-for-curly-hair-what\/#breadcrumb","itemListElement":[{"@type":"ListItem","position":1,"name":"Lar","item":"https:\/\/zavitushki.com\/pt\/"},{"@type":"ListItem","position":2,"name":"Os meus frascos para carac\u00f3is e acess\u00f3rios para cabelos encaracolados: sem o que n\u00e3o consigo imaginar a minha rotina KGM e o que pode ser substitu\u00eddo"}]},{"@type":"WebSite","@id":"https:\/\/zavitushki.com\/pt\/#website","url":"https:\/\/zavitushki.com\/pt\/","name":"Zavitushki.com","description":"Revista online feminina","potentialAction":[{"@type":"SearchAction","target":{"@type":"EntryPoint","urlTemplate":"https:\/\/zavitushki.com\/pt\/?s={search_term_string}"},"query-input":{"@type":"PropertyValueSpecification","valueRequired":true,"valueName":"search_term_string"}}],"inLanguage":"pt-PT"},{"@type":"Person","@id":"https:\/\/zavitushki.com\/pt\/#\/schema\/person\/a48ae6d9dfb9b5e2a8e03d6aa83e2b48","name":"Igor Petrov","image":{"@type":"ImageObject","inLanguage":"pt-PT","@id":"https:\/\/zavitushki.com\/pt\/#\/schema\/person\/image\/","url":"https:\/\/secure.gravatar.com\/avatar\/65fff6b1e356fbc28d5b853014aba00e325f00f7729e454a2c6471a65b44be7c?s=96&d=mm&r=g","contentUrl":"https:\/\/secure.gravatar.com\/avatar\/65fff6b1e356fbc28d5b853014aba00e325f00f7729e454a2c6471a65b44be7c?s=96&d=mm&r=g","caption":"Igor Petrov"},"description":"Barbeiro com muitos anos de experi\u00eancia. crio looks masculinos modernos com base em t\u00e9cnicas cl\u00e1ssicas de corte e penteado. Acredito que o corte de cabelo perfeito \u00e9 um equil\u00edbrio entre estilo e conforto, que real\u00e7a o car\u00e1cter.","url":"https:\/\/zavitushki.com\/pt\/author\/author-publications-pt_5\/"}]}},"_links":{"self":[{"href":"https:\/\/zavitushki.com\/pt\/wp-json\/wp\/v2\/posts\/6107","targetHints":{"allow":["GET"]}}],"collection":[{"href":"https:\/\/zavitushki.com\/pt\/wp-json\/wp\/v2\/posts"}],"about":[{"href":"https:\/\/zavitushki.com\/pt\/wp-json\/wp\/v2\/types\/post"}],"author":[{"embeddable":true,"href":"https:\/\/zavitushki.com\/pt\/wp-json\/wp\/v2\/users\/24"}],"replies":[{"embeddable":true,"href":"https:\/\/zavitushki.com\/pt\/wp-json\/wp\/v2\/comments?post=6107"}],"version-history":[{"count":0,"href":"https:\/\/zavitushki.com\/pt\/wp-json\/wp\/v2\/posts\/6107\/revisions"}],"wp:attachment":[{"href":"https:\/\/zavitushki.com\/pt\/wp-json\/wp\/v2\/media?parent=6107"}],"wp:term":[{"taxonomy":"category","embeddable":true,"href":"https:\/\/zavitushki.com\/pt\/wp-json\/wp\/v2\/categories?post=6107"},{"taxonomy":"post_tag","embeddable":true,"href":"https:\/\/zavitushki.com\/pt\/wp-json\/wp\/v2\/tags?post=6107"}],"curies":[{"name":"wp","href":"https:\/\/api.w.org\/{rel}","templated":true}]}}