{"id":552,"date":"2026-01-28T15:33:41","date_gmt":"2026-01-28T12:33:41","guid":{"rendered":"https:\/\/zavitushki.com\/pt\/5-prichin-ne-delat-keratin-dlja-volos\/"},"modified":"2026-01-28T15:33:41","modified_gmt":"2026-01-28T12:33:41","slug":"5-prichin-ne-delat-keratin-dlja-volos","status":"publish","type":"post","link":"https:\/\/zavitushki.com\/pt\/5-prichin-ne-delat-keratin-dlja-volos\/","title":{"rendered":"5 motivos para N\u00c3O fazer tratamentos de queratina no cabelo"},"content":{"rendered":"\n<p>O alisamento com queratina \u00e9 anunciado como um rem\u00e9dio m\u00e1gico para cabelos crespos e rebeldes. Prometem madeixas perfeitamente lisas, brilhantes e obedientes por v\u00e1rios meses. Isso \u00e9 tentador, especialmente na esta\u00e7\u00e3o chuvosa.<\/p>\n<p>Mas por tr\u00e1s dessa bela imagem, muitas vezes esconde-se um lado negativo, sobre o qual n\u00e3o se fala nos sal\u00f5es. Antes de decidir pelo procedimento, vale a pena conhecer n\u00e3o s\u00f3 as vantagens, mas tamb\u00e9m os riscos reais e as desvantagens.<\/p>\n<p>Este artigo n\u00e3o tem como objetivo assust\u00e1-lo, mas sim ajud\u00e1-lo a fazer uma escolha consciente. Reunimos cinco raz\u00f5es importantes pelas quais a queratina n\u00e3o \u00e9 uma solu\u00e7\u00e3o universal e, para muitos, \u00e9 at\u00e9 uma m\u00e1 ideia. Vamos ver o que pode dar errado.<\/p>\n<blockquote><p>O alisamento com queratina pode parecer a salva\u00e7\u00e3o para cabelos rebeldes, mas nem sempre vale a pena. Em primeiro lugar, muitos produtos cont\u00eam qu\u00edmicos nocivos, como o formalde\u00eddo, que irritam a pele e cuja inala\u00e7\u00e3o pode ser prejudicial \u00e0 sa\u00fade. Em segundo lugar, ap\u00f3s o procedimento, o cabelo fica duro e perde a sua elasticidade natural. Em terceiro lugar, com o tempo, ele pode come\u00e7ar a quebrar, especialmente se o tratamento com queratina for feito com frequ\u00eancia. Em quarto lugar, os penteados sem alisamento tornam-se quase imposs\u00edveis \u2014 o cabelo perde volume e deixa de ser male\u00e1vel. E, finalmente, o efeito n\u00e3o dura muito tempo, mas o dinheiro gasto e os danos causados pelo procedimento permanecem por muito tempo. \u00c9 melhor pensar duas vezes antes de concordar.<\/p><\/blockquote>\n<h2>Ponto negativo n\u00ba 1<\/h2>\n<h5>Opini\u00e3o do especialista<\/h5>\n<p>      Artem Drevelman, estilista, colorista e criador de imagem famoso com mais de 20 anos de experi\u00eancia<\/p>\n<p>&laquo;Um dos mitos do alisamento com queratina \u00e9 que existem composi\u00e7\u00f5es sem formalde\u00eddo que n\u00e3o causam danos \u00e0 estrutura do cabelo. Isso n\u00e3o \u00e9 verdade! Absolutamente todos os produtos dessa linha cont\u00eam subst\u00e2ncias que, quando aquecidas, liberam vapores de formalde\u00eddo&raquo;.<\/p>\n<p>A solu\u00e7\u00e3o de formalde\u00eddo pode levar \u00e0 destrui\u00e7\u00e3o do fio do cabelo e at\u00e9 mesmo a queimaduras superficiais no couro cabeludo. Al\u00e9m disso, \u00e9 cancer\u00edgeno e os seus vapores podem causar irrita\u00e7\u00e3o na mucosa e alergias, dores de cabe\u00e7a e les\u00f5es no sistema nervoso. Por isso, nos Estados Unidos e no Brasil, o cliente e o cabeleireiro usam m\u00e1scaras respirat\u00f3rias durante o procedimento.<\/p>\n<h2>Ponto negativo n\u00ba 2<\/h2>\n<p>H\u00e1 uma afirma\u00e7\u00e3o de que &laquo;a queratina se integra \u00e0 estrutura do cabelo&raquo;, protegendo-o contra danos. Mas, at\u00e9 hoje, n\u00e3o h\u00e1 nenhuma prova cient\u00edfica que confirme isso: as mol\u00e9culas de queratina s\u00e3o bastante grandes e simplesmente n\u00e3o conseguem penetrar no interior do cabelo. Elas s\u00f3 podem ser &laquo;soldadas&raquo; \u00e0 sua superf\u00edcie com o aux\u00edlio de calor intenso ou produtos qu\u00edmicos.<\/p>\n<p>Na verdade, o procedimento de alisamento com queratina rompe as liga\u00e7\u00f5es mais fortes e resistentes ao calor nos fios. E essas altera\u00e7\u00f5es s\u00e3o irrevers\u00edveis!\n     <\/p>\n<p>O brilho e a suavidade s\u00e3o proporcionados pelo silicone, que cobre os cachos como uma pel\u00edcula. Mas assim que ele \u00e9 completamente lavado, fica claro o quanto o cabelo est\u00e1 danificado e enfraquecido.<\/p>\n<h5>Opini\u00e3o do especialista<\/h5>\n<p>      Andrew Fitzsimmons, cabeleireiro das estrelas (trabalha com a fam\u00edlia Kardashian-Jenner)<\/p>\n<p>&laquo;Se a solu\u00e7\u00e3o contiver derivados de formalde\u00eddo, por exemplo, \u00e1cido gliox\u00edlico, ela funciona da seguinte maneira: \u00e9 passada pelo cabelo para romper as liga\u00e7\u00f5es (estrutura) e, em seguida, sel\u00e1-lo novamente em uma posi\u00e7\u00e3o mais reta. Em seguida, tudo \u00e9 seco com um secador e selado com um alisador e v\u00e1rios produtos. O efeito de cabelos perfeitamente lisos pode durar de tr\u00eas meses a seis meses. Ou seja, na verdade, o alisamento com queratina n\u00e3o ocorre devido \u00e0 queratina.&raquo;<\/p>\n<p>    <img decoding=\"async\" class=\"aligncenter\" src=\"\/wp-content\/uploads\/2026\/01\/5-prichin-ne-delat-keratin-dlja-volos_3.jpg\" \/><\/p>\n<h2>Ponto negativo n\u00ba 3<\/h2>\n<p>Muitos pensam que o alisamento com queratina fortalece os cabelos. Na verdade, as subst\u00e2ncias ativas presentes nesse produto tornam os cabelos quebradi\u00e7os, opacos e enfraquecidos.<\/p>\n<p>Lembre-se de que a etapa final do procedimento \u00e9 o tratamento de cada mecha com uma chapinha a 230 graus (aproximadamente a temperatura usada para assar carne), o que, em princ\u00edpio, n\u00e3o pode ser ben\u00e9fico.<\/p>\n<blockquote><p>Andrew Fitzsimmons: &laquo;Se voc\u00ea tem cabelos finos e j\u00e1 enfraquecidos, e poucos, eu n\u00e3o recomendaria fazer a queratina&raquo;.<\/p><\/blockquote>\n<h2>Ponto negativo n\u00ba 4<\/h2>\n<p>Se a natureza o presenteou com cabelos cacheados, o alisamento com queratina ser\u00e1 uma verdadeira salva\u00e7\u00e3o, permitindo que voc\u00ea obtenha fios lisos em apenas uma sess\u00e3o. Acredita?<\/p>\n<p>Especialistas qualificados n\u00e3o se cansam de repetir: este procedimento \u00e9 especialmente perigoso para cabelos loiros. Muitas mulheres queixam-se de que, ap\u00f3s o procedimento, os cabelos come\u00e7am a &laquo;quedar&raquo; e perdem comprimento. Algumas mulheres chegam mesmo a recorrer a extens\u00f5es para esconder as consequ\u00eancias de um alisamento mal sucedido e a necessidade de cortar os fios danificados.<\/p>\n<p>As mulheres com cabelos escuros naturais toleram o procedimento um pouco melhor, mas mesmo assim \u00e9 importante lembrar que n\u00e3o h\u00e1 nenhum benef\u00edcio nisso.<\/p>\n<blockquote><p>Andrew Fitzsimmons: &laquo;\u00c0s vezes, os produtos utilizados para o alisamento com queratina cont\u00eam ingredientes nocivos que libertam carcin\u00f3genos quando interagem com a \u00e1gua. Na verdade, isso \u00e9 bastante arriscado n\u00e3o s\u00f3 para si, mas tamb\u00e9m para o profissional que trabalha com clientes repetidamente em um ambiente fechado. Em 1987, a Ag\u00eancia de Prote\u00e7\u00e3o Ambiental dos EUA chegou a classificar o formalde\u00eddo como uma subst\u00e2ncia que, quando exposta por muito tempo, pode causar cancro. E ainda h\u00e1 muitas organiza\u00e7\u00f5es que pedem para ler com aten\u00e7\u00e3o a composi\u00e7\u00e3o nas embalagens e para os profissionais falarem sobre as consequ\u00eancias. Mas, infelizmente, poucos seguem essas regras.&raquo;<\/p><\/blockquote>\n<p>    <img decoding=\"async\" class=\"aligncenter\" src=\"\/wp-content\/uploads\/2026\/01\/5-prichin-ne-delat-keratin-dlja-volos_4.jpg\" \/><\/p>\n<p>Resumindo, \u00e9 preciso dizer honestamente que o alisamento com queratina n\u00e3o \u00e9 uma solu\u00e7\u00e3o universal para os cabelos. O procedimento proporciona um efeito tempor\u00e1rio de lisura perfeita, mas o pre\u00e7o desse efeito pode ser muito alto para a sa\u00fade dos seus cabelos a longo prazo.<\/p>\n<p>O principal problema est\u00e1 na composi\u00e7\u00e3o. Muitos produtos cont\u00eam formalde\u00eddo ou seus derivados, que s\u00e3o liberados no ar durante o processo de tratamento com ferro quente. Isso \u00e9 prejudicial n\u00e3o s\u00f3 para o profissional que realiza o procedimento todos os dias, mas tamb\u00e9m para si, especialmente se tiver pele sens\u00edvel ou tend\u00eancia a alergias.<\/p>\n<p><iframe loading=\"lazy\" width=\"560\" height=\"315\" src=\"https:\/\/www.youtube.com\/embed\/FA8NeuMjiVU\" frameborder=\"0\" allow=\"autoplay; encrypted-media\" allowfullscreen><\/iframe><\/p>\n<p>N\u00e3o se esque\u00e7a de que a queratina cria uma pel\u00edcula espessa no cabelo. Ela realmente o torna mais pesado e alisa, mas, por baixo dela, o seu cabelo fica frequentemente seco e quebradi\u00e7o. Depois que o efeito passar, voc\u00ea poder\u00e1 perceber que o cabelo perdeu volume, vida e precisa de uma restaura\u00e7\u00e3o profunda.<\/p>\n<p>Portanto, antes de decidir por este procedimento, pondere bem todos os pr\u00f3s e contras. Talvez sejam mais adequados para o cuidado do cabelo m\u00e9todos mais suaves: champ\u00f4s sem sulfatos de boa qualidade, prote\u00e7\u00e3o t\u00e9rmica para modelar e m\u00e1scaras nutritivas regulares. A sa\u00fade do cabelo \u00e9 uma maratona, n\u00e3o uma corrida de velocidade em busca de resultados imediatos.<\/p>\n","protected":false},"excerpt":{"rendered":"<p>O alisamento com queratina \u00e9 anunciado como um rem\u00e9dio m\u00e1gico para cabelos crespos e rebeldes. Prometem madeixas perfeitamente lisas, brilhantes e obedientes por v\u00e1rios meses. Isso \u00e9 tentador, especialmente na esta\u00e7\u00e3o chuvosa. Mas por tr\u00e1s dessa bela imagem, muitas vezes esconde-se um lado negativo, sobre o qual n\u00e3o se fala nos sal\u00f5es. Antes de decidir [&hellip;]<\/p>\n","protected":false},"author":22,"featured_media":0,"comment_status":"open","ping_status":"open","sticky":false,"template":"","format":"standard","meta":{"footnotes":""},"categories":[25],"tags":[],"class_list":["post-552","post","type-post","status-publish","format-standard","","category-moda-i-stil"],"yoast_head":"<!-- This site is optimized with the Yoast SEO plugin v26.7 - https:\/\/yoast.com\/wordpress\/plugins\/seo\/ -->\n<title>5 motivos para N\u00c3O fazer tratamentos de queratina no cabelo<\/title>\n<meta name=\"description\" content=\"N\u00e3o se precipite em fazer alisamento com queratina! Descubra 5 motivos convincentes pelos quais a queratina pode prejudicar o seu cabelo \u2014 desde danos e queda de cabelo at\u00e9 produtos qu\u00edmicos ocultos. Leia antes de decidir: uma alternativa segura e uma an\u00e1lise honesta dos pr\u00f3s e contras. Proteja o seu cabelo hoje mesmo!\" \/>\n<meta name=\"robots\" content=\"index, follow, max-snippet:-1, max-image-preview:large, max-video-preview:-1\" \/>\n<link rel=\"canonical\" href=\"https:\/\/zavitushki.com\/pt\/5-prichin-ne-delat-keratin-dlja-volos\/\" \/>\n<meta property=\"og:locale\" content=\"pt_PT\" \/>\n<meta property=\"og:type\" content=\"article\" \/>\n<meta property=\"og:title\" content=\"5 motivos para N\u00c3O fazer tratamentos de queratina no cabelo\" \/>\n<meta property=\"og:description\" content=\"N\u00e3o se precipite em fazer alisamento com queratina! Descubra 5 motivos convincentes pelos quais a queratina pode prejudicar o seu cabelo \u2014 desde danos e queda de cabelo at\u00e9 produtos qu\u00edmicos ocultos. Leia antes de decidir: uma alternativa segura e uma an\u00e1lise honesta dos pr\u00f3s e contras. Proteja o seu cabelo hoje mesmo!\" \/>\n<meta property=\"og:url\" content=\"https:\/\/zavitushki.com\/pt\/5-prichin-ne-delat-keratin-dlja-volos\/\" \/>\n<meta property=\"og:site_name\" content=\"Zavitushki.com\" \/>\n<meta property=\"article:published_time\" content=\"2026-01-28T12:33:41+00:00\" \/>\n<meta name=\"author\" content=\"Ekaterina Zhukova\" \/>\n<meta name=\"twitter:card\" content=\"summary_large_image\" \/>\n<meta name=\"twitter:label1\" content=\"Escrito por\" \/>\n\t<meta name=\"twitter:data1\" content=\"Ekaterina Zhukova\" \/>\n\t<meta name=\"twitter:label2\" content=\"Tempo estimado de leitura\" \/>\n\t<meta name=\"twitter:data2\" content=\"6 minutos\" \/>\n<script type=\"application\/ld+json\" class=\"yoast-schema-graph\">{\"@context\":\"https:\/\/schema.org\",\"@graph\":[{\"@type\":\"Article\",\"@id\":\"https:\/\/zavitushki.com\/pt\/5-prichin-ne-delat-keratin-dlja-volos\/#article\",\"isPartOf\":{\"@id\":\"https:\/\/zavitushki.com\/pt\/5-prichin-ne-delat-keratin-dlja-volos\/\"},\"author\":{\"name\":\"Ekaterina Zhukova\",\"@id\":\"https:\/\/zavitushki.com\/pt\/#\/schema\/person\/00abb9e26fe53f3cbfdda22dfdc90b91\"},\"headline\":\"5 motivos para N\u00c3O fazer tratamentos de queratina no cabelo\",\"datePublished\":\"2026-01-28T12:33:41+00:00\",\"mainEntityOfPage\":{\"@id\":\"https:\/\/zavitushki.com\/pt\/5-prichin-ne-delat-keratin-dlja-volos\/\"},\"wordCount\":1201,\"commentCount\":0,\"articleSection\":[\"Moda e estilo\"],\"inLanguage\":\"pt-PT\",\"potentialAction\":[{\"@type\":\"CommentAction\",\"name\":\"Comment\",\"target\":[\"https:\/\/zavitushki.com\/pt\/5-prichin-ne-delat-keratin-dlja-volos\/#respond\"]}]},{\"@type\":\"WebPage\",\"@id\":\"https:\/\/zavitushki.com\/pt\/5-prichin-ne-delat-keratin-dlja-volos\/\",\"url\":\"https:\/\/zavitushki.com\/pt\/5-prichin-ne-delat-keratin-dlja-volos\/\",\"name\":\"5 motivos para N\u00c3O fazer tratamentos de queratina no cabelo\",\"isPartOf\":{\"@id\":\"https:\/\/zavitushki.com\/pt\/#website\"},\"datePublished\":\"2026-01-28T12:33:41+00:00\",\"author\":{\"@id\":\"https:\/\/zavitushki.com\/pt\/#\/schema\/person\/00abb9e26fe53f3cbfdda22dfdc90b91\"},\"description\":\"N\u00e3o se precipite em fazer alisamento com queratina! Descubra 5 motivos convincentes pelos quais a queratina pode prejudicar o seu cabelo \u2014 desde danos e queda de cabelo at\u00e9 produtos qu\u00edmicos ocultos. Leia antes de decidir: uma alternativa segura e uma an\u00e1lise honesta dos pr\u00f3s e contras. Proteja o seu cabelo hoje mesmo!\",\"breadcrumb\":{\"@id\":\"https:\/\/zavitushki.com\/pt\/5-prichin-ne-delat-keratin-dlja-volos\/#breadcrumb\"},\"inLanguage\":\"pt-PT\",\"potentialAction\":[{\"@type\":\"ReadAction\",\"target\":[\"https:\/\/zavitushki.com\/pt\/5-prichin-ne-delat-keratin-dlja-volos\/\"]}]},{\"@type\":\"BreadcrumbList\",\"@id\":\"https:\/\/zavitushki.com\/pt\/5-prichin-ne-delat-keratin-dlja-volos\/#breadcrumb\",\"itemListElement\":[{\"@type\":\"ListItem\",\"position\":1,\"name\":\"Lar\",\"item\":\"https:\/\/zavitushki.com\/pt\/\"},{\"@type\":\"ListItem\",\"position\":2,\"name\":\"5 motivos para N\u00c3O fazer tratamentos de queratina no cabelo\"}]},{\"@type\":\"WebSite\",\"@id\":\"https:\/\/zavitushki.com\/pt\/#website\",\"url\":\"https:\/\/zavitushki.com\/pt\/\",\"name\":\"Zavitushki.com\",\"description\":\"Revista online feminina\",\"potentialAction\":[{\"@type\":\"SearchAction\",\"target\":{\"@type\":\"EntryPoint\",\"urlTemplate\":\"https:\/\/zavitushki.com\/pt\/?s={search_term_string}\"},\"query-input\":{\"@type\":\"PropertyValueSpecification\",\"valueRequired\":true,\"valueName\":\"search_term_string\"}}],\"inLanguage\":\"pt-PT\"},{\"@type\":\"Person\",\"@id\":\"https:\/\/zavitushki.com\/pt\/#\/schema\/person\/00abb9e26fe53f3cbfdda22dfdc90b91\",\"name\":\"Ekaterina Zhukova\",\"image\":{\"@type\":\"ImageObject\",\"inLanguage\":\"pt-PT\",\"@id\":\"https:\/\/zavitushki.com\/pt\/#\/schema\/person\/image\/\",\"url\":\"https:\/\/secure.gravatar.com\/avatar\/2024ada917be49e467557ff665cdd25a4c70d1a3b9ce51d5e9d050c85355f7fa?s=96&d=mm&r=g\",\"contentUrl\":\"https:\/\/secure.gravatar.com\/avatar\/2024ada917be49e467557ff665cdd25a4c70d1a3b9ce51d5e9d050c85355f7fa?s=96&d=mm&r=g\",\"caption\":\"Ekaterina Zhukova\"},\"description\":\"Estilista e maquilhadora profissional, tenho uma vasta experi\u00eancia na ind\u00fastria da moda. Especializa\u00e7\u00e3o - penteados de casamento e de noite que real\u00e7am a beleza natural e a eleg\u00e2ncia. No meu trabalho, sigo o princ\u00edpio - a aten\u00e7\u00e3o a cada pormenor cria o look perfeito.\",\"url\":\"https:\/\/zavitushki.com\/pt\/author\/author-publications-pt_3\/\"}]}<\/script>\n<!-- \/ Yoast SEO plugin. -->","yoast_head_json":{"title":"5 motivos para N\u00c3O fazer tratamentos de queratina no cabelo","description":"N\u00e3o se precipite em fazer alisamento com queratina! Descubra 5 motivos convincentes pelos quais a queratina pode prejudicar o seu cabelo \u2014 desde danos e queda de cabelo at\u00e9 produtos qu\u00edmicos ocultos. Leia antes de decidir: uma alternativa segura e uma an\u00e1lise honesta dos pr\u00f3s e contras. Proteja o seu cabelo hoje mesmo!","robots":{"index":"index","follow":"follow","max-snippet":"max-snippet:-1","max-image-preview":"max-image-preview:large","max-video-preview":"max-video-preview:-1"},"canonical":"https:\/\/zavitushki.com\/pt\/5-prichin-ne-delat-keratin-dlja-volos\/","og_locale":"pt_PT","og_type":"article","og_title":"5 motivos para N\u00c3O fazer tratamentos de queratina no cabelo","og_description":"N\u00e3o se precipite em fazer alisamento com queratina! Descubra 5 motivos convincentes pelos quais a queratina pode prejudicar o seu cabelo \u2014 desde danos e queda de cabelo at\u00e9 produtos qu\u00edmicos ocultos. Leia antes de decidir: uma alternativa segura e uma an\u00e1lise honesta dos pr\u00f3s e contras. Proteja o seu cabelo hoje mesmo!","og_url":"https:\/\/zavitushki.com\/pt\/5-prichin-ne-delat-keratin-dlja-volos\/","og_site_name":"Zavitushki.com","article_published_time":"2026-01-28T12:33:41+00:00","author":"Ekaterina Zhukova","twitter_card":"summary_large_image","twitter_misc":{"Escrito por":"Ekaterina Zhukova","Tempo estimado de leitura":"6 minutos"},"schema":{"@context":"https:\/\/schema.org","@graph":[{"@type":"Article","@id":"https:\/\/zavitushki.com\/pt\/5-prichin-ne-delat-keratin-dlja-volos\/#article","isPartOf":{"@id":"https:\/\/zavitushki.com\/pt\/5-prichin-ne-delat-keratin-dlja-volos\/"},"author":{"name":"Ekaterina Zhukova","@id":"https:\/\/zavitushki.com\/pt\/#\/schema\/person\/00abb9e26fe53f3cbfdda22dfdc90b91"},"headline":"5 motivos para N\u00c3O fazer tratamentos de queratina no cabelo","datePublished":"2026-01-28T12:33:41+00:00","mainEntityOfPage":{"@id":"https:\/\/zavitushki.com\/pt\/5-prichin-ne-delat-keratin-dlja-volos\/"},"wordCount":1201,"commentCount":0,"articleSection":["Moda e estilo"],"inLanguage":"pt-PT","potentialAction":[{"@type":"CommentAction","name":"Comment","target":["https:\/\/zavitushki.com\/pt\/5-prichin-ne-delat-keratin-dlja-volos\/#respond"]}]},{"@type":"WebPage","@id":"https:\/\/zavitushki.com\/pt\/5-prichin-ne-delat-keratin-dlja-volos\/","url":"https:\/\/zavitushki.com\/pt\/5-prichin-ne-delat-keratin-dlja-volos\/","name":"5 motivos para N\u00c3O fazer tratamentos de queratina no cabelo","isPartOf":{"@id":"https:\/\/zavitushki.com\/pt\/#website"},"datePublished":"2026-01-28T12:33:41+00:00","author":{"@id":"https:\/\/zavitushki.com\/pt\/#\/schema\/person\/00abb9e26fe53f3cbfdda22dfdc90b91"},"description":"N\u00e3o se precipite em fazer alisamento com queratina! Descubra 5 motivos convincentes pelos quais a queratina pode prejudicar o seu cabelo \u2014 desde danos e queda de cabelo at\u00e9 produtos qu\u00edmicos ocultos. Leia antes de decidir: uma alternativa segura e uma an\u00e1lise honesta dos pr\u00f3s e contras. Proteja o seu cabelo hoje mesmo!","breadcrumb":{"@id":"https:\/\/zavitushki.com\/pt\/5-prichin-ne-delat-keratin-dlja-volos\/#breadcrumb"},"inLanguage":"pt-PT","potentialAction":[{"@type":"ReadAction","target":["https:\/\/zavitushki.com\/pt\/5-prichin-ne-delat-keratin-dlja-volos\/"]}]},{"@type":"BreadcrumbList","@id":"https:\/\/zavitushki.com\/pt\/5-prichin-ne-delat-keratin-dlja-volos\/#breadcrumb","itemListElement":[{"@type":"ListItem","position":1,"name":"Lar","item":"https:\/\/zavitushki.com\/pt\/"},{"@type":"ListItem","position":2,"name":"5 motivos para N\u00c3O fazer tratamentos de queratina no cabelo"}]},{"@type":"WebSite","@id":"https:\/\/zavitushki.com\/pt\/#website","url":"https:\/\/zavitushki.com\/pt\/","name":"Zavitushki.com","description":"Revista online feminina","potentialAction":[{"@type":"SearchAction","target":{"@type":"EntryPoint","urlTemplate":"https:\/\/zavitushki.com\/pt\/?s={search_term_string}"},"query-input":{"@type":"PropertyValueSpecification","valueRequired":true,"valueName":"search_term_string"}}],"inLanguage":"pt-PT"},{"@type":"Person","@id":"https:\/\/zavitushki.com\/pt\/#\/schema\/person\/00abb9e26fe53f3cbfdda22dfdc90b91","name":"Ekaterina Zhukova","image":{"@type":"ImageObject","inLanguage":"pt-PT","@id":"https:\/\/zavitushki.com\/pt\/#\/schema\/person\/image\/","url":"https:\/\/secure.gravatar.com\/avatar\/2024ada917be49e467557ff665cdd25a4c70d1a3b9ce51d5e9d050c85355f7fa?s=96&d=mm&r=g","contentUrl":"https:\/\/secure.gravatar.com\/avatar\/2024ada917be49e467557ff665cdd25a4c70d1a3b9ce51d5e9d050c85355f7fa?s=96&d=mm&r=g","caption":"Ekaterina Zhukova"},"description":"Estilista e maquilhadora profissional, tenho uma vasta experi\u00eancia na ind\u00fastria da moda. Especializa\u00e7\u00e3o - penteados de casamento e de noite que real\u00e7am a beleza natural e a eleg\u00e2ncia. No meu trabalho, sigo o princ\u00edpio - a aten\u00e7\u00e3o a cada pormenor cria o look perfeito.","url":"https:\/\/zavitushki.com\/pt\/author\/author-publications-pt_3\/"}]}},"_links":{"self":[{"href":"https:\/\/zavitushki.com\/pt\/wp-json\/wp\/v2\/posts\/552","targetHints":{"allow":["GET"]}}],"collection":[{"href":"https:\/\/zavitushki.com\/pt\/wp-json\/wp\/v2\/posts"}],"about":[{"href":"https:\/\/zavitushki.com\/pt\/wp-json\/wp\/v2\/types\/post"}],"author":[{"embeddable":true,"href":"https:\/\/zavitushki.com\/pt\/wp-json\/wp\/v2\/users\/22"}],"replies":[{"embeddable":true,"href":"https:\/\/zavitushki.com\/pt\/wp-json\/wp\/v2\/comments?post=552"}],"version-history":[{"count":0,"href":"https:\/\/zavitushki.com\/pt\/wp-json\/wp\/v2\/posts\/552\/revisions"}],"wp:attachment":[{"href":"https:\/\/zavitushki.com\/pt\/wp-json\/wp\/v2\/media?parent=552"}],"wp:term":[{"taxonomy":"category","embeddable":true,"href":"https:\/\/zavitushki.com\/pt\/wp-json\/wp\/v2\/categories?post=552"},{"taxonomy":"post_tag","embeddable":true,"href":"https:\/\/zavitushki.com\/pt\/wp-json\/wp\/v2\/tags?post=552"}],"curies":[{"name":"wp","href":"https:\/\/api.w.org\/{rel}","templated":true}]}}