{"id":5123,"date":"2024-09-10T10:35:11","date_gmt":"2024-09-10T07:35:11","guid":{"rendered":"https:\/\/zavitushki.com\/pt\/how-to-change-your-image-in-2-hours-all-about-the\/"},"modified":"2024-09-10T10:35:11","modified_gmt":"2024-09-10T07:35:11","slug":"how-to-change-your-image-in-2-hours-all-about-the","status":"publish","type":"post","link":"https:\/\/zavitushki.com\/pt\/how-to-change-your-image-in-2-hours-all-about-the\/","title":{"rendered":"Como mudar a sua imagem em 2 horas? Tudo sobre a t\u00e9cnica de colora\u00e7\u00e3o de superf\u00edcie"},"content":{"rendered":"\n<p>Procura uma forma r\u00e1pida de mudar o seu visual? Talvez o realce de superf\u00edcie seja o que precisa. Este m\u00e9todo pode dar dimens\u00e3o e brilho ao seu cabelo sem efetuar altera\u00e7\u00f5es significativas em apenas duas horas.<\/p>\n<p>O objetivo da colora\u00e7\u00e3o de superf\u00edcie \u00e9 dar ao seu cabelo um aspeto natural e beijado pelo sol, adicionando tons mais claros \u00e0s camadas superiores. Se procura uma mudan\u00e7a subtil que realce a cor e a textura naturais do seu cabelo, esta \u00e9 a solu\u00e7\u00e3o ideal.<\/p>\n<p>Em apenas uma visita ao sal\u00e3o, a colora\u00e7\u00e3o de superf\u00edcie pode ser uma forma r\u00e1pida e f\u00e1cil de mudar a sua apar\u00eancia e dar-lhe um novo visual, com o estilista adequado.<\/p>\n<table>\n<tbody>\n<tr>\n<td><strong>T\u00f3pico<\/strong><\/td>\n<td><strong>Detalhes<\/strong><\/td>\n<\/tr>\n<tr>\n<td>O que \u00e9 o realce \u00e0 superf\u00edcie?<\/td>\n<td>O realce \u00e0 superf\u00edcie envolve a adi\u00e7\u00e3o de tons mais claros \u00e0 camada superior do cabelo. \u00c9 uma t\u00e9cnica que ilumina o seu aspeto geral sem alterar a sua cor de base.<\/td>\n<\/tr>\n<tr>\n<td>Como funciona<\/td>\n<td>O cabelo \u00e9 seccionado e apenas as camadas superiores s\u00e3o real\u00e7adas. Isto cria um efeito natural de beijo de sol. O processo demora normalmente cerca de 1-2 horas, o que o torna uma forma r\u00e1pida de refrescar a sua imagem.<\/td>\n<\/tr>\n<tr>\n<td>Benef\u00edcios<\/td>\n<td>O realce da superf\u00edcie real\u00e7a a sua cor natural, acrescenta dimens\u00e3o e d\u00e1 uma apar\u00eancia fresca. \u00c9 de manuten\u00e7\u00e3o menos intensiva em compara\u00e7\u00e3o com madeixas completas ou mudan\u00e7as de cor.<\/td>\n<\/tr>\n<tr>\n<td>Cuidados posteriores<\/td>\n<td>Utilize champ\u00f4s e amaciadores seguros para a cor para manter as madeixas. O condicionamento regular ajuda a manter o seu cabelo saud\u00e1vel e vibrante.<\/td>\n<\/tr>\n<\/tbody>\n<\/table>\n<h2>O que \u00e9 este procedimento capilar?<\/h2>\n<p>O processo de colorir apenas a sec\u00e7\u00e3o superior do cabelo na cabe\u00e7a \u00e9 conhecido como realce \u00e0 superf\u00edcie. As mulheres adoram este m\u00e9todo porque deixa a maior parte dos seus carac\u00f3is na sua tonalidade natural, com as madeixas pintadas por cima a proporcionarem uma tonalidade agrad\u00e1vel.<\/p>\n<p>Qualquer tonalidade, tanto pr\u00f3xima do tom natural como em cores contrastantes, pode ser utilizada para real\u00e7ar a parte superior do penteado.<\/p>\n<p><img decoding=\"async\" class=\"aligncenter\"  src=\"\/wp-content\/uploads\/2024\/09\/kak-za-2-chasa-izmenit-svoj-obraz-vse-o-tehnike_2.jpg\"><\/p>\n<p>Os coloristas profissionais consideram que o cabelo liso, independentemente do comprimento, fica bem com um aclaramento superficial com um corte de cabelo uniforme. Neste caso, os fios de cabelo pintados que est\u00e3o escondidos no interior acabar\u00e3o por se tornar invis\u00edveis. O corte de cabelo ganha volume e vitalidade atrav\u00e9s de uma malha sem peso \u00e0 superf\u00edcie; as madeixas podem ser colocadas no cabelo com frequ\u00eancia ou com pouca frequ\u00eancia, e podem ser largas ou finas.<\/p>\n<p>Tamb\u00e9m \u00e9 aceit\u00e1vel real\u00e7ar apenas a franja ou as t\u00eamporas em parte. O esquema de cores pode ser escolhido \u00e0 vontade; tanto as tonalidades naturais como as cores marcantes s\u00e3o adequadas.<\/p>\n<p>As madeixas descoloradas que diferem em dois a tr\u00eas valores do tom principal e que t\u00eam uma largura normal s\u00e3o uma forma intrigante de realce superficial. O resultado \u00e9 extremamente suave e o corte de cabelo tem um aspeto deslumbrante e cheio.<\/p>\n<p>N\u00e3o \u00e9 aconselh\u00e1vel aplicar o aclaramento superficial em cortes de cabelo em degrau ou em cascata. Diferentes comprimentos de madeixas revelam camadas distintas; se n\u00e3o estiverem tonificadas, os carac\u00f3is parecer\u00e3o fr\u00e1geis.<\/p>\n<h2>Pr\u00f3s e contras<\/h2>\n<p>Vantagens<\/p>\n<ul>\n<li>A colora\u00e7\u00e3o \u00e9 adequada para mulheres de diferentes idades;<\/li>\n<li>conveniente para acentuar cortes de cabelo curtos e m\u00e9dios, para carac\u00f3is compridos;<\/li>\n<li>a colora\u00e7\u00e3o dos fios em folha afecta suavemente os carac\u00f3is, \u00e9 poss\u00edvel guardar a cor natural e atualizar a imagem;<\/li>\n<li>oculta os cabelos grisalhos;<\/li>\n<li>n\u00e3o \u00e9 necess\u00e1rio tingir com frequ\u00eancia.<\/li>\n<\/ul>\n<p>Desvantagens:<\/p>\n<ul>\n<li>n\u00e3o pode ser feito se j\u00e1 tiver sido feito um permanente antes;<\/li>\n<li>reac\u00e7\u00f5es al\u00e9rgicas;<\/li>\n<li>o processo \u00e9 trabalhoso e demorado;<\/li>\n<li>o procedimento num sal\u00e3o para cabelos compridos ser\u00e1 dispendioso.<\/li>\n<\/ul>\n<h2>Em que \u00e9 que o realce superficial difere de outros tipos??<\/h2>\n<p>\u00c9 importante lembrar que, quando se utiliza o realce de superf\u00edcie, a tinta s\u00f3 afecta a parte superior e os fios finos do cabelo; o restante cabelo mant\u00e9m a sua cor natural.<\/p>\n<blockquote><p>\n   Quer mudar a sua apar\u00eancia em apenas duas horas? A colora\u00e7\u00e3o de superf\u00edcie \u00e9 uma forma simples e eficaz de mudar o seu visual. Esta t\u00e9cnica confere dimens\u00e3o e luminosidade ao seu cabelo sem necessitar de uma mudan\u00e7a de cor completa, concentrando-se nas camadas superiores. Com pouco tempo e esfor\u00e7o necess\u00e1rios, proporciona uma apar\u00eancia totalmente nova, tornando-a ideal para uma atualiza\u00e7\u00e3o r\u00e1pida do estilo.\n  <\/p><\/blockquote>\n<h2>Que t\u00e9cnicas de tingimento existem?<\/h2>\n<p><strong>Foram desenvolvidas muitas t\u00e9cnicas de realce<\/strong>, e vale a pena considerar o mais popular e difundido.<\/p>\n<h3>americano<\/h3>\n<p><img decoding=\"async\" class=\"aligncenter\"  src=\"\/wp-content\/uploads\/2024\/09\/kak-za-2-chasa-izmenit-svoj-obraz-vse-o-tehnike_1.jpg\"><\/p>\n<p>Possuem qualidades \u00fanicas<\/p>\n<ul>\n<li>o cabelo \u00e9 o mais comprido poss\u00edvel, de prefer\u00eancia de cor escura;<\/li>\n<li>s\u00e3o criadas madeixas nos carac\u00f3is, enquanto o cabelo se torna visualmente mais volumoso;<\/li>\n<li>s\u00e3o utilizados 2 a 4 tons numa s\u00f3 paleta, naturais ou brilhantes;<\/li>\n<li>\u00e9 feito estritamente em folha.<\/li>\n<\/ul>\n<h3>Veneza<\/h3>\n<p><img decoding=\"async\" class=\"aligncenter\"  src=\"\/wp-content\/uploads\/2024\/09\/kak-za-2-chasa-izmenit-svoj-obraz-vse-o-tehnike_4.jpg\"><\/p>\n<p>Pode ser identificado pelas seguintes carater\u00edsticas:<\/p>\n<ul>\n<li>fios finos e claros, n\u00e3o tingidos perto das ra\u00edzes;<\/li>\n<li>\u00e9 feito em cabelos escuros e pretos;<\/li>\n<li>tons de bege, dourado, caf\u00e9;<\/li>\n<li>transi\u00e7\u00f5es suaves de tom para tom, sem uma borda acentuada, a diferen\u00e7a de tonalidade deve ser percet\u00edvel apenas nos fios que est\u00e3o na vertical.<\/li>\n<\/ul>\n<p>M\u00e9todo de execu\u00e7\u00e3o: aberto.<\/p>\n<h3>Brasileiro<\/h3>\n<p><img decoding=\"async\" class=\"aligncenter\"  src=\"\/wp-content\/uploads\/2024\/09\/kak-za-2-chasa-izmenit-svoj-obraz-vse-o-tehnike_9.jpg\"><\/p>\n<p>Estas carater\u00edsticas distinguem este tipo de madeira dos outros:<\/p>\n<ul>\n<li>\u00e9 feito em cachos de qualquer tom;<\/li>\n<li>sele\u00e7\u00e3o dos tons mais naturais, n\u00e3o deve haver transi\u00e7\u00f5es;<\/li>\n<li>as ra\u00edzes n\u00e3o s\u00e3o tingidas, as pontas s\u00e3o aclaradas;<\/li>\n<li>os tons podem ser utilizados de 2 a 6: pau-rosa, canela, tons de madeira.<\/li>\n<\/ul>\n<h3>Francesa<\/h3>\n<p><img decoding=\"async\" class=\"aligncenter\"  src=\"\/wp-content\/uploads\/2024\/09\/kak-za-2-chasa-izmenit-svoj-obraz-vse-o-tehnike_8.jpg\"><\/p>\n<p>Estas carater\u00edsticas distinguem este tipo de cabelo:<\/p>\n<ul>\n<li>\u00e9 efectuada em qualquer cabelo;<\/li>\n<li>\u00e9 feita de forma parcial (real\u00e7a certas madeixas) ou cl\u00e1ssica;<\/li>\n<li>clarear os fios numa ordem ca\u00f3tica por tom, tornando-os mais claros ou mais escuros;<\/li>\n<li>pode tingir carac\u00f3is de comprimento m\u00e9dio e longo.<\/li>\n<\/ul>\n<h2>Como escolher a tonalidade correta?<\/h2>\n<p>A colora\u00e7\u00e3o de superf\u00edcie est\u00e1 dispon\u00edvel numa vasta gama de cores que ficam bem em muitas mulheres. As seguintes recomenda\u00e7\u00f5es de tonalidades s\u00e3o baseadas no tipo de cor.<\/p>\n<p>Para mulheres com cabelo claro:<\/p>\n<ul>\n<li>p\u00e9rola;<\/li>\n<li>cinza;<\/li>\n<li>moca;<\/li>\n<li>loiro;<\/li>\n<li>marfim.<\/li>\n<\/ul>\n<p>Pode experimentar com seguran\u00e7a todos os tons de trigo e dourado se tiver cabelo louro claro.<\/p>\n<p>Para raparigas com cabelo louro-escuro:<\/p>\n<ul>\n<li>mel claro;<\/li>\n<li>leite;<\/li>\n<li>marfim;<\/li>\n<li>louro natural.<\/li>\n<\/ul>\n<p><strong>Para mulheres com carac\u00f3is pretos, o seguinte ser\u00e1 adequado:<\/strong><\/p>\n<ul>\n<li>bronze;<\/li>\n<li>dourado;<\/li>\n<li>chocolate de leite;<\/li>\n<li>chocolate cremoso;<\/li>\n<li>caf\u00e9 com leite;<\/li>\n<li>coral;<\/li>\n<li>caramelo.<\/li>\n<\/ul>\n<p>Para aqueles que apreciam uma imagem \u00fanica, pode usar:<\/p>\n<ul>\n<li>beringela;<\/li>\n<li>ameixa;<\/li>\n<li>esmeralda;<\/li>\n<li>cinzas;<\/li>\n<li>framboesa;<\/li>\n<li>azul;<\/li>\n<li>azul suave.<\/li>\n<\/ul>\n<h2>Foto<\/h2>\n<p>O resultado de real\u00e7ar o cabelo no cimo da cabe\u00e7a \u00e9 vis\u00edvel mais \u00e0 frente na imagem.<\/p>\n<p><img decoding=\"async\" class=\"aligncenter\"  src=\"\/wp-content\/uploads\/2024\/09\/kak-za-2-chasa-izmenit-svoj-obraz-vse-o-tehnike_3.jpg\"><img decoding=\"async\" class=\"aligncenter\"  src=\"\/wp-content\/uploads\/2024\/09\/kak-za-2-chasa-izmenit-svoj-obraz-vse-o-tehnike_7.jpg\"><img decoding=\"async\" class=\"aligncenter\"  src=\"\/wp-content\/uploads\/2024\/09\/kak-za-2-chasa-izmenit-svoj-obraz-vse-o-tehnike_5.jpg\"><img decoding=\"async\" class=\"aligncenter\"  src=\"\/wp-content\/uploads\/2024\/09\/kak-za-2-chasa-izmenit-svoj-obraz-vse-o-tehnike_6.jpg\"><\/p>\n<h2>Carater\u00edsticas e t\u00e9cnica de execu\u00e7\u00e3o<\/h2>\n<p>Antes de pintar, deve fazer o seguinte para garantir que o seu cabelo est\u00e1 forte e saud\u00e1vel, para que o realce da superf\u00edcie tenha um aspeto fant\u00e1stico e dure muito tempo:<\/p>\n<ol>\n<li>aplicar m\u00e1scaras nutritivas e hidratantes;<\/li>\n<li>enxaguar com infus\u00f5es de ervas;<\/li>\n<li>fazer envolt\u00f3rios de \u00f3leo.<\/li>\n<\/ol>\n<p>Durante dois meses, os procedimentos s\u00e3o efectuados duas a tr\u00eas vezes por semana.<\/p>\n<h2>\u00c9 poss\u00edvel efetuar o procedimento para as madeixas em casa por conta pr\u00f3pria?<\/h2>\n<p>O p\u00f3 branqueador \u00e9 misturado com um oxidante numa concentra\u00e7\u00e3o de 6% a 9% para pr\u00e9-clarear carac\u00f3is escuros. As tintas monof\u00e1sicas real\u00e7am os fios claros e castanhos claros sem clarear a cor. O seguinte \u00e9 o algoritmo de tingimento:<\/p>\n<ol>\n<li>Preparar a tinta de acordo com as instru\u00e7\u00f5es.<\/li>\n<li>Cortar a folha de alum\u00ednio em tiras largas.<\/li>\n<li>selecionar madeixas de um lado da risca, coloc\u00e1-las na folha de alum\u00ednio e tingir, embrulhar.<\/li>\n<li>Manter a tinta durante o per\u00edodo de tempo necess\u00e1rio. Retirar a folha de alum\u00ednio e lavar a tinta.<\/li>\n<li>Enxaguar os carac\u00f3is com champ\u00f4 para cabelos pintados, aplicar um amaciador.<\/li>\n<\/ol>\n<h2>Quanto tempo \u00e9 que vai durar?<\/h2>\n<p>Se o processo for efectuado corretamente, o realce dura normalmente muito tempo. Mas tenha em aten\u00e7\u00e3o que \u00e9 necess\u00e1rio um cuidado extra com o cabelo pintado com esta t\u00e9cnica:<\/p>\n<ul>\n<li>lave o seu cabelo com champ\u00f4s matizadores;<\/li>\n<li>fazer uma vez por semana m\u00e1scaras m\u00e9dicas ou de tratamento;<\/li>\n<li>aplicar b\u00e1lsamos ap\u00f3s cada lavagem.<\/li>\n<\/ul>\n<h2>Com que frequ\u00eancia deve repetir?<\/h2>\n<p>Pode mudar o seu penteado n\u00e3o antes de tr\u00eas meses ap\u00f3s a aplica\u00e7\u00e3o da colora\u00e7\u00e3o superficial, que \u00e9 aplicada com um travess\u00e3o a partir das ra\u00edzes.<\/p>\n<p>O realce de superf\u00edcie \u00e9 uma t\u00e9cnica que pode transformar completamente a sua imagem numa quest\u00e3o de horas. Ao real\u00e7ar as camadas superiores do seu cabelo, pode atualizar instantaneamente a sua apar\u00eancia sem ter de a refazer completamente. Se tem pouco tempo e quer um novo visual, esta \u00e9 uma \u00f3ptima op\u00e7\u00e3o.<\/p>\n<p>Sem se comprometer com uma mudan\u00e7a total de cor, o realce superficial d\u00e1-lhe um aspeto chique e despreocupado que anima o seu estilo. A sua beleza natural pode ser real\u00e7ada atrav\u00e9s da obten\u00e7\u00e3o de uma apar\u00eancia vibrante e renovada atrav\u00e9s da coloca\u00e7\u00e3o estrat\u00e9gica de madeixas nas camadas superiores do cabelo.<\/p>\n<p>O realce de superf\u00edcies \u00e9 uma forma simples e eficaz de mudar a sua apar\u00eancia, quer esteja a preparar-se para um grande evento ou apenas queira atualizar o seu visual di\u00e1rio. \u00c9 uma t\u00e9cnica f\u00e1cil de incorporar mesmo nos hor\u00e1rios mais ocupados e produz excelentes resultados, tornando-a a escolha ideal para quem procura mudar rapidamente a sua imagem.<\/p>\n<h2>V\u00eddeo sobre o tema<\/h2>\n<h3>#Realce #airtouch #colora\u00e7\u00e3o #louras #corte de cabelo<\/h3>\n<p><iframe loading=\"lazy\" width=\"560\" height=\"315\" src=\"https:\/\/www.youtube.com\/embed\/Dysvdi1QUBY\" frameborder=\"0\" allow=\"autoplay; encrypted-media\" allowfullscreen><\/iframe><\/p>\n","protected":false},"excerpt":{"rendered":"<p>Procura uma forma r\u00e1pida de mudar o seu visual? Talvez o realce de superf\u00edcie seja o que precisa. Este m\u00e9todo pode dar dimens\u00e3o e brilho ao seu cabelo sem efetuar altera\u00e7\u00f5es significativas em apenas duas horas. O objetivo da colora\u00e7\u00e3o de superf\u00edcie \u00e9 dar ao seu cabelo um aspeto natural e beijado pelo sol, adicionando [&hellip;]<\/p>\n","protected":false},"author":22,"featured_media":0,"comment_status":"open","ping_status":"open","sticky":false,"template":"","format":"standard","meta":{"footnotes":""},"categories":[23],"tags":[],"class_list":["post-5123","post","type-post","status-publish","format-standard","","category-dyeing"],"yoast_head":"<!-- This site is optimized with the Yoast SEO plugin v26.7 - https:\/\/yoast.com\/wordpress\/plugins\/seo\/ -->\n<title>Realce superficial: quais s\u00e3o as carater\u00edsticas e diferen\u00e7as do procedimento para tingir o cabelo apenas nesta parte da cabe\u00e7a, qual \u00e9 a t\u00e9cnica, como ficam os fios na foto?<\/title>\n<meta name=\"description\" content=\"Saiba como transformar o seu visual em apenas 2 horas com a colora\u00e7\u00e3o de superf\u00edcie. Descubra a t\u00e9cnica f\u00e1cil que d\u00e1 dimens\u00e3o e brilho ao seu cabelo para uma transforma\u00e7\u00e3o r\u00e1pida e deslumbrante.\" \/>\n<meta name=\"robots\" content=\"index, follow, max-snippet:-1, max-image-preview:large, max-video-preview:-1\" \/>\n<link rel=\"canonical\" href=\"https:\/\/zavitushki.com\/pt\/how-to-change-your-image-in-2-hours-all-about-the\/\" \/>\n<meta property=\"og:locale\" content=\"pt_PT\" \/>\n<meta property=\"og:type\" content=\"article\" \/>\n<meta property=\"og:title\" content=\"Realce superficial: quais s\u00e3o as carater\u00edsticas e diferen\u00e7as do procedimento para tingir o cabelo apenas nesta parte da cabe\u00e7a, qual \u00e9 a t\u00e9cnica, como ficam os fios na foto?\" \/>\n<meta property=\"og:description\" content=\"Saiba como transformar o seu visual em apenas 2 horas com a colora\u00e7\u00e3o de superf\u00edcie. Descubra a t\u00e9cnica f\u00e1cil que d\u00e1 dimens\u00e3o e brilho ao seu cabelo para uma transforma\u00e7\u00e3o r\u00e1pida e deslumbrante.\" \/>\n<meta property=\"og:url\" content=\"https:\/\/zavitushki.com\/pt\/how-to-change-your-image-in-2-hours-all-about-the\/\" \/>\n<meta property=\"og:site_name\" content=\"Zavitushki.com\" \/>\n<meta property=\"article:published_time\" content=\"2024-09-10T07:35:11+00:00\" \/>\n<meta name=\"author\" content=\"Ekaterina Zhukova\" \/>\n<meta name=\"twitter:card\" content=\"summary_large_image\" \/>\n<meta name=\"twitter:label1\" content=\"Escrito por\" \/>\n\t<meta name=\"twitter:data1\" content=\"Ekaterina Zhukova\" \/>\n\t<meta name=\"twitter:label2\" content=\"Tempo estimado de leitura\" \/>\n\t<meta name=\"twitter:data2\" content=\"8 minutos\" \/>\n<script type=\"application\/ld+json\" class=\"yoast-schema-graph\">{\"@context\":\"https:\/\/schema.org\",\"@graph\":[{\"@type\":\"Article\",\"@id\":\"https:\/\/zavitushki.com\/pt\/how-to-change-your-image-in-2-hours-all-about-the\/#article\",\"isPartOf\":{\"@id\":\"https:\/\/zavitushki.com\/pt\/how-to-change-your-image-in-2-hours-all-about-the\/\"},\"author\":{\"name\":\"Ekaterina Zhukova\",\"@id\":\"https:\/\/zavitushki.com\/pt\/#\/schema\/person\/00abb9e26fe53f3cbfdda22dfdc90b91\"},\"headline\":\"Como mudar a sua imagem em 2 horas? Tudo sobre a t\u00e9cnica de colora\u00e7\u00e3o de superf\u00edcie\",\"datePublished\":\"2024-09-10T07:35:11+00:00\",\"mainEntityOfPage\":{\"@id\":\"https:\/\/zavitushki.com\/pt\/how-to-change-your-image-in-2-hours-all-about-the\/\"},\"wordCount\":1639,\"commentCount\":0,\"articleSection\":[\"Tingir\"],\"inLanguage\":\"pt-PT\",\"potentialAction\":[{\"@type\":\"CommentAction\",\"name\":\"Comment\",\"target\":[\"https:\/\/zavitushki.com\/pt\/how-to-change-your-image-in-2-hours-all-about-the\/#respond\"]}]},{\"@type\":\"WebPage\",\"@id\":\"https:\/\/zavitushki.com\/pt\/how-to-change-your-image-in-2-hours-all-about-the\/\",\"url\":\"https:\/\/zavitushki.com\/pt\/how-to-change-your-image-in-2-hours-all-about-the\/\",\"name\":\"Realce superficial: quais s\u00e3o as carater\u00edsticas e diferen\u00e7as do procedimento para tingir o cabelo apenas nesta parte da cabe\u00e7a, qual \u00e9 a t\u00e9cnica, como ficam os fios na foto?\",\"isPartOf\":{\"@id\":\"https:\/\/zavitushki.com\/pt\/#website\"},\"datePublished\":\"2024-09-10T07:35:11+00:00\",\"author\":{\"@id\":\"https:\/\/zavitushki.com\/pt\/#\/schema\/person\/00abb9e26fe53f3cbfdda22dfdc90b91\"},\"description\":\"Saiba como transformar o seu visual em apenas 2 horas com a colora\u00e7\u00e3o de superf\u00edcie. Descubra a t\u00e9cnica f\u00e1cil que d\u00e1 dimens\u00e3o e brilho ao seu cabelo para uma transforma\u00e7\u00e3o r\u00e1pida e deslumbrante.\",\"breadcrumb\":{\"@id\":\"https:\/\/zavitushki.com\/pt\/how-to-change-your-image-in-2-hours-all-about-the\/#breadcrumb\"},\"inLanguage\":\"pt-PT\",\"potentialAction\":[{\"@type\":\"ReadAction\",\"target\":[\"https:\/\/zavitushki.com\/pt\/how-to-change-your-image-in-2-hours-all-about-the\/\"]}]},{\"@type\":\"BreadcrumbList\",\"@id\":\"https:\/\/zavitushki.com\/pt\/how-to-change-your-image-in-2-hours-all-about-the\/#breadcrumb\",\"itemListElement\":[{\"@type\":\"ListItem\",\"position\":1,\"name\":\"Lar\",\"item\":\"https:\/\/zavitushki.com\/pt\/\"},{\"@type\":\"ListItem\",\"position\":2,\"name\":\"Como mudar a sua imagem em 2 horas? Tudo sobre a t\u00e9cnica de colora\u00e7\u00e3o de superf\u00edcie\"}]},{\"@type\":\"WebSite\",\"@id\":\"https:\/\/zavitushki.com\/pt\/#website\",\"url\":\"https:\/\/zavitushki.com\/pt\/\",\"name\":\"Zavitushki.com\",\"description\":\"Revista online feminina\",\"potentialAction\":[{\"@type\":\"SearchAction\",\"target\":{\"@type\":\"EntryPoint\",\"urlTemplate\":\"https:\/\/zavitushki.com\/pt\/?s={search_term_string}\"},\"query-input\":{\"@type\":\"PropertyValueSpecification\",\"valueRequired\":true,\"valueName\":\"search_term_string\"}}],\"inLanguage\":\"pt-PT\"},{\"@type\":\"Person\",\"@id\":\"https:\/\/zavitushki.com\/pt\/#\/schema\/person\/00abb9e26fe53f3cbfdda22dfdc90b91\",\"name\":\"Ekaterina Zhukova\",\"image\":{\"@type\":\"ImageObject\",\"inLanguage\":\"pt-PT\",\"@id\":\"https:\/\/zavitushki.com\/pt\/#\/schema\/person\/image\/\",\"url\":\"https:\/\/secure.gravatar.com\/avatar\/2024ada917be49e467557ff665cdd25a4c70d1a3b9ce51d5e9d050c85355f7fa?s=96&d=mm&r=g\",\"contentUrl\":\"https:\/\/secure.gravatar.com\/avatar\/2024ada917be49e467557ff665cdd25a4c70d1a3b9ce51d5e9d050c85355f7fa?s=96&d=mm&r=g\",\"caption\":\"Ekaterina Zhukova\"},\"description\":\"Estilista e maquilhadora profissional, tenho uma vasta experi\u00eancia na ind\u00fastria da moda. Especializa\u00e7\u00e3o - penteados de casamento e de noite que real\u00e7am a beleza natural e a eleg\u00e2ncia. No meu trabalho, sigo o princ\u00edpio - a aten\u00e7\u00e3o a cada pormenor cria o look perfeito.\",\"url\":\"https:\/\/zavitushki.com\/pt\/author\/author-publications-pt_3\/\"}]}<\/script>\n<!-- \/ Yoast SEO plugin. -->","yoast_head_json":{"title":"Realce superficial: quais s\u00e3o as carater\u00edsticas e diferen\u00e7as do procedimento para tingir o cabelo apenas nesta parte da cabe\u00e7a, qual \u00e9 a t\u00e9cnica, como ficam os fios na foto?","description":"Saiba como transformar o seu visual em apenas 2 horas com a colora\u00e7\u00e3o de superf\u00edcie. Descubra a t\u00e9cnica f\u00e1cil que d\u00e1 dimens\u00e3o e brilho ao seu cabelo para uma transforma\u00e7\u00e3o r\u00e1pida e deslumbrante.","robots":{"index":"index","follow":"follow","max-snippet":"max-snippet:-1","max-image-preview":"max-image-preview:large","max-video-preview":"max-video-preview:-1"},"canonical":"https:\/\/zavitushki.com\/pt\/how-to-change-your-image-in-2-hours-all-about-the\/","og_locale":"pt_PT","og_type":"article","og_title":"Realce superficial: quais s\u00e3o as carater\u00edsticas e diferen\u00e7as do procedimento para tingir o cabelo apenas nesta parte da cabe\u00e7a, qual \u00e9 a t\u00e9cnica, como ficam os fios na foto?","og_description":"Saiba como transformar o seu visual em apenas 2 horas com a colora\u00e7\u00e3o de superf\u00edcie. Descubra a t\u00e9cnica f\u00e1cil que d\u00e1 dimens\u00e3o e brilho ao seu cabelo para uma transforma\u00e7\u00e3o r\u00e1pida e deslumbrante.","og_url":"https:\/\/zavitushki.com\/pt\/how-to-change-your-image-in-2-hours-all-about-the\/","og_site_name":"Zavitushki.com","article_published_time":"2024-09-10T07:35:11+00:00","author":"Ekaterina Zhukova","twitter_card":"summary_large_image","twitter_misc":{"Escrito por":"Ekaterina Zhukova","Tempo estimado de leitura":"8 minutos"},"schema":{"@context":"https:\/\/schema.org","@graph":[{"@type":"Article","@id":"https:\/\/zavitushki.com\/pt\/how-to-change-your-image-in-2-hours-all-about-the\/#article","isPartOf":{"@id":"https:\/\/zavitushki.com\/pt\/how-to-change-your-image-in-2-hours-all-about-the\/"},"author":{"name":"Ekaterina Zhukova","@id":"https:\/\/zavitushki.com\/pt\/#\/schema\/person\/00abb9e26fe53f3cbfdda22dfdc90b91"},"headline":"Como mudar a sua imagem em 2 horas? Tudo sobre a t\u00e9cnica de colora\u00e7\u00e3o de superf\u00edcie","datePublished":"2024-09-10T07:35:11+00:00","mainEntityOfPage":{"@id":"https:\/\/zavitushki.com\/pt\/how-to-change-your-image-in-2-hours-all-about-the\/"},"wordCount":1639,"commentCount":0,"articleSection":["Tingir"],"inLanguage":"pt-PT","potentialAction":[{"@type":"CommentAction","name":"Comment","target":["https:\/\/zavitushki.com\/pt\/how-to-change-your-image-in-2-hours-all-about-the\/#respond"]}]},{"@type":"WebPage","@id":"https:\/\/zavitushki.com\/pt\/how-to-change-your-image-in-2-hours-all-about-the\/","url":"https:\/\/zavitushki.com\/pt\/how-to-change-your-image-in-2-hours-all-about-the\/","name":"Realce superficial: quais s\u00e3o as carater\u00edsticas e diferen\u00e7as do procedimento para tingir o cabelo apenas nesta parte da cabe\u00e7a, qual \u00e9 a t\u00e9cnica, como ficam os fios na foto?","isPartOf":{"@id":"https:\/\/zavitushki.com\/pt\/#website"},"datePublished":"2024-09-10T07:35:11+00:00","author":{"@id":"https:\/\/zavitushki.com\/pt\/#\/schema\/person\/00abb9e26fe53f3cbfdda22dfdc90b91"},"description":"Saiba como transformar o seu visual em apenas 2 horas com a colora\u00e7\u00e3o de superf\u00edcie. Descubra a t\u00e9cnica f\u00e1cil que d\u00e1 dimens\u00e3o e brilho ao seu cabelo para uma transforma\u00e7\u00e3o r\u00e1pida e deslumbrante.","breadcrumb":{"@id":"https:\/\/zavitushki.com\/pt\/how-to-change-your-image-in-2-hours-all-about-the\/#breadcrumb"},"inLanguage":"pt-PT","potentialAction":[{"@type":"ReadAction","target":["https:\/\/zavitushki.com\/pt\/how-to-change-your-image-in-2-hours-all-about-the\/"]}]},{"@type":"BreadcrumbList","@id":"https:\/\/zavitushki.com\/pt\/how-to-change-your-image-in-2-hours-all-about-the\/#breadcrumb","itemListElement":[{"@type":"ListItem","position":1,"name":"Lar","item":"https:\/\/zavitushki.com\/pt\/"},{"@type":"ListItem","position":2,"name":"Como mudar a sua imagem em 2 horas? Tudo sobre a t\u00e9cnica de colora\u00e7\u00e3o de superf\u00edcie"}]},{"@type":"WebSite","@id":"https:\/\/zavitushki.com\/pt\/#website","url":"https:\/\/zavitushki.com\/pt\/","name":"Zavitushki.com","description":"Revista online feminina","potentialAction":[{"@type":"SearchAction","target":{"@type":"EntryPoint","urlTemplate":"https:\/\/zavitushki.com\/pt\/?s={search_term_string}"},"query-input":{"@type":"PropertyValueSpecification","valueRequired":true,"valueName":"search_term_string"}}],"inLanguage":"pt-PT"},{"@type":"Person","@id":"https:\/\/zavitushki.com\/pt\/#\/schema\/person\/00abb9e26fe53f3cbfdda22dfdc90b91","name":"Ekaterina Zhukova","image":{"@type":"ImageObject","inLanguage":"pt-PT","@id":"https:\/\/zavitushki.com\/pt\/#\/schema\/person\/image\/","url":"https:\/\/secure.gravatar.com\/avatar\/2024ada917be49e467557ff665cdd25a4c70d1a3b9ce51d5e9d050c85355f7fa?s=96&d=mm&r=g","contentUrl":"https:\/\/secure.gravatar.com\/avatar\/2024ada917be49e467557ff665cdd25a4c70d1a3b9ce51d5e9d050c85355f7fa?s=96&d=mm&r=g","caption":"Ekaterina Zhukova"},"description":"Estilista e maquilhadora profissional, tenho uma vasta experi\u00eancia na ind\u00fastria da moda. Especializa\u00e7\u00e3o - penteados de casamento e de noite que real\u00e7am a beleza natural e a eleg\u00e2ncia. No meu trabalho, sigo o princ\u00edpio - a aten\u00e7\u00e3o a cada pormenor cria o look perfeito.","url":"https:\/\/zavitushki.com\/pt\/author\/author-publications-pt_3\/"}]}},"_links":{"self":[{"href":"https:\/\/zavitushki.com\/pt\/wp-json\/wp\/v2\/posts\/5123","targetHints":{"allow":["GET"]}}],"collection":[{"href":"https:\/\/zavitushki.com\/pt\/wp-json\/wp\/v2\/posts"}],"about":[{"href":"https:\/\/zavitushki.com\/pt\/wp-json\/wp\/v2\/types\/post"}],"author":[{"embeddable":true,"href":"https:\/\/zavitushki.com\/pt\/wp-json\/wp\/v2\/users\/22"}],"replies":[{"embeddable":true,"href":"https:\/\/zavitushki.com\/pt\/wp-json\/wp\/v2\/comments?post=5123"}],"version-history":[{"count":0,"href":"https:\/\/zavitushki.com\/pt\/wp-json\/wp\/v2\/posts\/5123\/revisions"}],"wp:attachment":[{"href":"https:\/\/zavitushki.com\/pt\/wp-json\/wp\/v2\/media?parent=5123"}],"wp:term":[{"taxonomy":"category","embeddable":true,"href":"https:\/\/zavitushki.com\/pt\/wp-json\/wp\/v2\/categories?post=5123"},{"taxonomy":"post_tag","embeddable":true,"href":"https:\/\/zavitushki.com\/pt\/wp-json\/wp\/v2\/tags?post=5123"}],"curies":[{"name":"wp","href":"https:\/\/api.w.org\/{rel}","templated":true}]}}