{"id":4798,"date":"2024-09-10T17:26:01","date_gmt":"2024-09-10T14:26:01","guid":{"rendered":"https:\/\/zavitushki.com\/pt\/the-impossible-is-possible-ombre-on-short-hair\/"},"modified":"2024-09-10T17:26:01","modified_gmt":"2024-09-10T14:26:01","slug":"the-impossible-is-possible-ombre-on-short-hair","status":"publish","type":"post","link":"https:\/\/zavitushki.com\/pt\/the-impossible-is-possible-ombre-on-short-hair\/","title":{"rendered":"O imposs\u00edvel \u00e9 poss\u00edvel: ombre em cabelo curto"},"content":{"rendered":"\n<p>Durante muitos anos, a colora\u00e7\u00e3o do cabelo ombre tem sido uma moda proeminente, frequentemente vista em cabelos longos e fluidos. No entanto, e se ainda quiser tirar partido deste efeito gradiente chique, mas o seu cabelo for mais curto?? A boa not\u00edcia \u00e9 que os penteados ombre ficam incrivelmente chiques e contempor\u00e2neos quando usados em cabelos curtos.<\/p>\n<p>Muitas pessoas acreditam que o ombre fica melhor em cabelos compridos, mas isso n\u00e3o \u00e9 verdade. O cabelo curto pode conseguir a mesma transi\u00e7\u00e3o de cor encantadora com a t\u00e9cnica correta, dando-lhe um visual distintamente moderno e arrojado. O ombre pode dar ao seu cabelo mais profundidade e dimens\u00e3o, independentemente de ter um corte bob, pixie ou qualquer outro penteado curto.<\/p>\n<p>Este post ir\u00e1 discutir as melhores combina\u00e7\u00f5es de cores para penteados curtos que incorporam ombre, como pentear o cabelo ombre que ainda parece vibrante e saud\u00e1vel, e outros t\u00f3picos relacionados. Portanto, se alguma vez acreditou que o cabelo curto n\u00e3o pode usar ombre, pense novamente &#8211; \u00e9 poss\u00edvel conseguir o aparentemente imposs\u00edvel!<\/p>\n<table>\n<tbody>\n<tr>\n<td>Aspeto<\/td>\n<td>Descri\u00e7\u00e3o<\/td>\n<\/tr>\n<tr>\n<td>\u00c9 poss\u00edvel fazer ombre em cabelo curto?<\/td>\n<td>Sim, o ombre pode ficar \u00f3timo no cabelo curto com a t\u00e9cnica correta.<\/td>\n<\/tr>\n<tr>\n<td>Melhores tons para ombre em cabelo curto<\/td>\n<td>As escolhas mais populares incluem o caramelo, o louro acinzentado e os tons pastel.<\/td>\n<\/tr>\n<tr>\n<td>Como conseguir uma mistura suave<\/td>\n<td>Concentre-se em transi\u00e7\u00f5es graduais entre as cores para obter um aspeto natural.<\/td>\n<\/tr>\n<tr>\n<td>Manter o ombre no cabelo curto<\/td>\n<td>Utilize champ\u00f4s seguros para a cor e retoques regulares para manter a cor fresca.<\/td>\n<\/tr>\n<tr>\n<td>Sugest\u00f5es de penteados<\/td>\n<td>As ondas ou os carac\u00f3is podem real\u00e7ar o efeito ombre no cabelo curto.<\/td>\n<\/tr>\n<\/tbody>\n<\/table>\n<h2>Carater\u00edsticas do ombre no cabelo curto<\/h2>\n<p><img decoding=\"async\" class=\"aligncenter\"  src=\"\/wp-content\/uploads\/2024\/09\/nevozmozhnoe-vozmozhno-ombre-na-korotkie-volosy_1.jpg\"><img decoding=\"async\" class=\"aligncenter\"  src=\"\/wp-content\/uploads\/2024\/09\/nevozmozhnoe-vozmozhno-ombre-na-korotkie-volosy_2.jpg\"><\/p>\n<ul>\n<li>tornam o cabelo visualmente mais espesso e volumoso, e as carater\u00edsticas faciais visualmente mais suaves e jovens;<\/li>\n<\/ul>\n<ul>\n<li>colocar os acentos necess\u00e1rios no corte de cabelo, real\u00e7ando a sua multi-camadas e assimetria;<\/li>\n<\/ul>\n<ul>\n<li>esconder as ra\u00edzes quando a cliente deixa crescer a cor natural do cabelo.<\/li>\n<\/ul>\n<p>Um corte de cabelo curto e o ombre combinam muito bem, mas continuam a ter um aspeto diferente do cabelo comprido. Veja as imagens com o trabalho dos coloristas e decida-se por si pr\u00f3prio.<\/p>\n<p><img decoding=\"async\" class=\"aligncenter\"  src=\"\/wp-content\/uploads\/2024\/09\/nevozmozhnoe-vozmozhno-ombre-na-korotkie-volosy_4.jpg\"><img decoding=\"async\" class=\"aligncenter\"  src=\"\/wp-content\/uploads\/2024\/09\/nevozmozhnoe-vozmozhno-ombre-na-korotkie-volosy_5.jpg\"><\/p>\n<p>Sim, s\u00f3 os verdadeiros mestres devem ser capazes de conseguir um alongamento de cor completo num corte de cabelo bob ou pixie. Em qualquer caso, essas fotos cheias de luz e arejadas fazem voc\u00ea pensar nisso. Por conseguinte, \u00e9 fortemente desaconselhada a colora\u00e7\u00e3o ombre em cabelos curtos em casa e, em vez disso, deve ser feita num sal\u00e3o.<\/p>\n<h2>Escolher uma cor para a colora\u00e7\u00e3o ombre em cabelos curtos<\/h2>\n<p>Qualquer rapariga pode escolher a sua pr\u00f3pria op\u00e7\u00e3o de ombre, independentemente de ser loira ou morena! Os estilistas recomendam a sele\u00e7\u00e3o de um pigmento com base na cor original do cabelo para criar um efeito de gradiente. Os conselhos de especialistas sobre a combina\u00e7\u00e3o de tons s\u00e3o fornecidos aqui pelo SalonSecret.<\/p>\n<h3>Em preto<\/h3>\n<p><img decoding=\"async\" class=\"aligncenter\"  src=\"\/wp-content\/uploads\/2024\/09\/nevozmozhnoe-vozmozhno-ombre-na-korotkie-volosy_6.jpg\"><img decoding=\"async\" class=\"aligncenter\"  src=\"\/wp-content\/uploads\/2024\/09\/nevozmozhnoe-vozmozhno-ombre-na-korotkie-volosy_7.jpg\"><img decoding=\"async\" class=\"aligncenter\"  src=\"\/wp-content\/uploads\/2024\/09\/nevozmozhnoe-vozmozhno-ombre-na-korotkie-volosy_16.jpg\"><img decoding=\"async\" class=\"aligncenter\"  src=\"\/wp-content\/uploads\/2024\/09\/nevozmozhnoe-vozmozhno-ombre-na-korotkie-volosy_8.jpg\"><\/p>\n<p>O cabelo curto preto em ombre tem sempre um aspeto elegante e maximiza a atratividade de qualquer penteado! Atualmente, os penteados curtos com ombre azul e vermelho, bem como o ombre cinza frio com pontas prateadas ou em a\u00e7o, s\u00e3o populares entre as morenas ardentes.<\/p>\n<p>Os especialistas do SalonSecret fornecem um truque de vida. Em casa, o ombre de luz cinza pode ser &ldquo;arrefecido&rdquo; quando o amarelecimento come\u00e7a a aparecer nos fios. De vez em quando, mude para um champ\u00f4 pigmentado como o Redken Color Extend Blondage em vez do seu champ\u00f4 habitual. Neutraliza o amarelecimento e d\u00e1 aos fios um brilho vibrante de novo. Utilizar um produto rico em antioxidantes, como o L&apos;Or\u00e9al Professionnel Vitamino Color, para retardar a mudan\u00e7a de cor.<\/p>\n<h3>Para escuro<\/h3>\n<p><img decoding=\"async\" class=\"aligncenter\"  src=\"\/wp-content\/uploads\/2024\/09\/nevozmozhnoe-vozmozhno-ombre-na-korotkie-volosy_13.jpg\"><img decoding=\"async\" class=\"aligncenter\"  src=\"\/wp-content\/uploads\/2024\/09\/nevozmozhnoe-vozmozhno-ombre-na-korotkie-volosy_9.jpg\"><img decoding=\"async\" class=\"aligncenter\"  src=\"\/wp-content\/uploads\/2024\/09\/nevozmozhnoe-vozmozhno-ombre-na-korotkie-volosy_10.jpg\"><img decoding=\"async\" class=\"aligncenter\"  src=\"\/wp-content\/uploads\/2024\/09\/nevozmozhnoe-vozmozhno-ombre-na-korotkie-volosy_11.jpg\"><\/p>\n<p>Tons de louro escuro, trigo, palha, dourado, caramelo e bege com ombros de tons calmos de cobre, caf\u00e9 e nozes. As madeixas escuras das mulheres de cabelo castanho ficar\u00e3o deslumbrantes com um ombre de ameixa vibrante ou roxo e um toque de lil\u00e1s nas pontas.<\/p>\n<p>Os especialistas do SalonSecret fornecem um truque de vida. Redken Color Extend Brownlights, um champ\u00f4 neutralizante, d\u00e1 resposta \u00e0 quest\u00e3o desconcertante do que fazer quando o cabelo escuro est\u00e1 apenas parcialmente aclarado. A sua f\u00f3rmula foi concebida para morenas com cabelo castanho natural ou artificial, com ou sem madeixas. Os indesejados subtons quentes s\u00e3o eliminados pelos pigmentos azuis, dando ao cabelo um aspeto chique (e sofisticado)!) subtom frio.<\/p>\n<h3>Para o loiro<\/h3>\n<p><img decoding=\"async\" class=\"aligncenter\"  src=\"\/wp-content\/uploads\/2024\/09\/nevozmozhnoe-vozmozhno-ombre-na-korotkie-volosy_12.jpg\"><img decoding=\"async\" class=\"aligncenter\"  src=\"\/wp-content\/uploads\/2024\/09\/nevozmozhnoe-vozmozhno-ombre-na-korotkie-volosy_14.jpg\"><img decoding=\"async\" class=\"aligncenter\"  src=\"\/wp-content\/uploads\/2024\/09\/nevozmozhnoe-vozmozhno-ombre-na-korotkie-volosy_15.jpg\"><img decoding=\"async\" class=\"aligncenter\"  src=\"\/wp-content\/uploads\/2024\/09\/nevozmozhnoe-vozmozhno-ombre-na-korotkie-volosy_17.jpg\"><\/p>\n<p>\u00c9 prefer\u00edvel utilizar tons claros com um brilho perolado frio, um branco escandinavo ou cinza, ou com tons creme ou \u00e2mbar para um ombre em cabelos castanhos claros curtos. Quando se trata de cabelos castanhos claros, o ombre &ldquo;loiro platinado&rdquo; o look \u00e9 o mais deslumbrante e com estilo.<\/p>\n<p><img decoding=\"async\" class=\"aligncenter\"  src=\"\/wp-content\/uploads\/2024\/09\/nevozmozhnoe-vozmozhno-ombre-na-korotkie-volosy_3.jpg\"><\/p>\n<p>Os especialistas do SalonSecret d\u00e3o um toque de vida. O ombre \u00e2mbar ou platinado j\u00e1 desvanece menos se seguir a regra simples de usar um secador de cabelo com prote\u00e7\u00e3o t\u00e9rmica. O s\u00e9rum K\u00e9rastase Cicaplasme \u00e9 a nossa op\u00e7\u00e3o preferida. Oferece prote\u00e7\u00e3o contra o frisado, os raios UV e as altas temperaturas.<\/p>\n<h3>Para as louras<\/h3>\n<p><img decoding=\"async\" class=\"aligncenter\"  src=\"\/wp-content\/uploads\/2024\/09\/nevozmozhnoe-vozmozhno-ombre-na-korotkie-volosy_18.jpg\"><img decoding=\"async\" class=\"aligncenter\"  src=\"\/wp-content\/uploads\/2024\/09\/nevozmozhnoe-vozmozhno-ombre-na-korotkie-volosy_19.jpg\"><img decoding=\"async\" class=\"aligncenter\"  src=\"\/wp-content\/uploads\/2024\/09\/nevozmozhnoe-vozmozhno-ombre-na-korotkie-volosy_20.jpg\"><\/p>\n<p>As louras optam frequentemente pelo penteado ombre conhecido como &ldquo;escandinavo&rdquo; que apresenta ra\u00edzes claras e pontas escuras. Outro estilo popular \u00e9 o chamado &ldquo;ombre de raiz&rdquo; em que o comprimento \u00e9 pintado num \u00fanico tom claro e a zona de transi\u00e7\u00e3o concentra-se nas ra\u00edzes, que permanecem naturais. Outra forma chique de tornar um louro simples \u00e9 com um ombre invertido de morango.<\/p>\n<p>Os especialistas do SalonSecret fornecem um truque de vida. \u00c9 prov\u00e1vel que ainda seja necess\u00e1rio um aclaramento preliminar, o que requer uma mudan\u00e7a nos cuidados para a restaura\u00e7\u00e3o. Para estas situa\u00e7\u00f5es, a U Matrix oferece a linha Unbreak My Blonde, que inclui um champ\u00f4 sem sulfatos que limpa suavemente, um condicionador e um creme sem enxaguamento que fortalece o cabelo tr\u00eas vezes.<\/p>\n<h3>No vermelho<\/h3>\n<p><img decoding=\"async\" class=\"aligncenter\"  src=\"\/wp-content\/uploads\/2024\/09\/nevozmozhnoe-vozmozhno-ombre-na-korotkie-volosy_21.jpg\"><img decoding=\"async\" class=\"aligncenter\"  src=\"\/wp-content\/uploads\/2024\/09\/nevozmozhnoe-vozmozhno-ombre-na-korotkie-volosy_22.jpg\"><img decoding=\"async\" class=\"aligncenter\"  src=\"\/wp-content\/uploads\/2024\/09\/nevozmozhnoe-vozmozhno-ombre-na-korotkie-volosy_25.jpg\"><img decoding=\"async\" class=\"aligncenter\"  src=\"\/wp-content\/uploads\/2024\/09\/nevozmozhnoe-vozmozhno-ombre-na-korotkie-volosy_23.jpg\"><\/p>\n<p>Se as pontas do seu cabelo ruivo curto forem pintadas com alguns tons mais claros do que as ra\u00edzes, o seu ombre ter\u00e1 um aspeto requintado e elegante. Al\u00e9m disso, voc\u00ea pode fazer uma transi\u00e7\u00e3o limpa, escurecer as ra\u00edzes e tingir \u2154 do comprimento em um tom profundo de conhaque ou castanho. Todas estas t\u00e9cnicas s\u00e3o extremamente relevantes neste momento.<\/p>\n<p>Os especialistas do SalonSecret fornecem um truque de vida. Depois de uma colora\u00e7\u00e3o complexa, os produtos que aumentam o brilho s\u00e3o exatamente o que precisa. S\u00e3o respons\u00e1veis pelo fant\u00e1stico corte de cabelo e pelo alisamento da cut\u00edcula, que mant\u00e9m os pigmentos firmemente no s\u00edtio. O champ\u00f4 L&apos;Or\u00e9al Professionnel Blondifier Gloss com polifen\u00f3is de bagas de a\u00e7a\u00ed ter\u00e1 este efeito.<\/p>\n<blockquote><p>\n   Pode parecer dif\u00edcil conseguir o look ombre no cabelo curto, mas com o m\u00e9todo correto, \u00e9 totalmente exequ\u00edvel. O ombre n\u00e3o se limita ao cabelo comprido; mesmo com um corte curto, pode obter um efeito gradiente deslumbrante que d\u00e1 profundidade e dimens\u00e3o. Pode dar um toque moderno ao movimento natural do cabelo curto, colocando estrategicamente a cor.\n  <\/p><\/blockquote>\n<h2>Ideias para fotos com colora\u00e7\u00e3o ombre em cortes de cabelo curtos da moda<\/h2>\n<p>Reunimos imagens das mais requintadas op\u00e7\u00f5es de ombre para cabelo curto para que possa ver como este estilo varia em termos de apar\u00eancia!<\/p>\n<h3>Cascata curta<\/h3>\n<p><img decoding=\"async\" class=\"aligncenter\"  src=\"\/wp-content\/uploads\/2024\/09\/nevozmozhnoe-vozmozhno-ombre-na-korotkie-volosy_24.jpg\"><img decoding=\"async\" class=\"aligncenter\"  src=\"\/wp-content\/uploads\/2024\/09\/nevozmozhnoe-vozmozhno-ombre-na-korotkie-volosy_39.jpg\"><img decoding=\"async\" class=\"aligncenter\"  src=\"\/wp-content\/uploads\/2024\/09\/nevozmozhnoe-vozmozhno-ombre-na-korotkie-volosy_45.jpg\"><img decoding=\"async\" class=\"aligncenter\"  src=\"\/wp-content\/uploads\/2024\/09\/nevozmozhnoe-vozmozhno-ombre-na-korotkie-volosy_31.jpg\"><\/p>\n<p>Parece que o ombre foi concebido especificamente para o cabelo \u00e0 altura dos ombros em cascata, porque chama a aten\u00e7\u00e3o para as camadas do penteado e real\u00e7a a sua estrutura complexa.<\/p>\n<h3>Pixie<\/h3>\n<p><img decoding=\"async\" class=\"aligncenter\"  src=\"\/wp-content\/uploads\/2024\/09\/nevozmozhnoe-vozmozhno-ombre-na-korotkie-volosy_26.jpg\"><img decoding=\"async\" class=\"aligncenter\"  src=\"\/wp-content\/uploads\/2024\/09\/nevozmozhnoe-vozmozhno-ombre-na-korotkie-volosy_27.jpg\"><img decoding=\"async\" class=\"aligncenter\"  src=\"\/wp-content\/uploads\/2024\/09\/nevozmozhnoe-vozmozhno-ombre-na-korotkie-volosy_28.jpg\"><img decoding=\"async\" class=\"aligncenter\"  src=\"\/wp-content\/uploads\/2024\/09\/nevozmozhnoe-vozmozhno-ombre-na-korotkie-volosy_32.jpg\"><\/p>\n<p>O cabelo muito curto com um ombre d\u00e1 \u00e0 imagem um aspeto muito elegante e chama a aten\u00e7\u00e3o para o seu propriet\u00e1rio. O ombre de dois tons na moda, o ombre com ra\u00edzes escuras contrastantes e o ombre criativo com madeixas brilhantes s\u00e3o todos apropriados para cortes pixie.<\/p>\n<h3>Bob<\/h3>\n<p><img decoding=\"async\" class=\"aligncenter\"  src=\"\/wp-content\/uploads\/2024\/09\/nevozmozhnoe-vozmozhno-ombre-na-korotkie-volosy_29.jpg\"><img decoding=\"async\" class=\"aligncenter\"  src=\"\/wp-content\/uploads\/2024\/09\/nevozmozhnoe-vozmozhno-ombre-na-korotkie-volosy_30.jpg\"><img decoding=\"async\" class=\"aligncenter\"  src=\"\/wp-content\/uploads\/2024\/09\/nevozmozhnoe-vozmozhno-ombre-na-korotkie-volosy_41.jpg\"><img decoding=\"async\" class=\"aligncenter\"  src=\"\/wp-content\/uploads\/2024\/09\/nevozmozhnoe-vozmozhno-ombre-na-korotkie-volosy_33.jpg\"><\/p>\n<p>Um bob curto sem brilho pode ser atualizado com um ombre para criar um look mais ousado e moderno. Tudo \u00e9 poss\u00edvel, at\u00e9 mesmo uma mudan\u00e7a n\u00edtida e marcante entre tons contrastantes ou um rel\u00e2mpago.<\/p>\n<h3>Bob<\/h3>\n<p><img decoding=\"async\" class=\"aligncenter\"  src=\"\/wp-content\/uploads\/2024\/09\/nevozmozhnoe-vozmozhno-ombre-na-korotkie-volosy_34.jpg\"><img decoding=\"async\" class=\"aligncenter\"  src=\"\/wp-content\/uploads\/2024\/09\/nevozmozhnoe-vozmozhno-ombre-na-korotkie-volosy_35.jpg\"><img decoding=\"async\" class=\"aligncenter\"  src=\"\/wp-content\/uploads\/2024\/09\/nevozmozhnoe-vozmozhno-ombre-na-korotkie-volosy_37.jpg\"><img decoding=\"async\" class=\"aligncenter\"  src=\"\/wp-content\/uploads\/2024\/09\/nevozmozhnoe-vozmozhno-ombre-na-korotkie-volosy_36.jpg\"><\/p>\n<p>Um favorito de todos os tempos \u00e9 o ombre platinado, quase branco, num corte de cabelo curto! Al\u00e9m disso, est\u00e1 na moda um bob tingido num ombre suave com tons de p\u00eassego ou rosa.<\/p>\n<h3>Bon\u00e9<\/h3>\n<p><img decoding=\"async\" class=\"aligncenter\"  src=\"\/wp-content\/uploads\/2024\/09\/nevozmozhnoe-vozmozhno-ombre-na-korotkie-volosy_38.jpg\"><img decoding=\"async\" class=\"aligncenter\"  src=\"\/wp-content\/uploads\/2024\/09\/nevozmozhnoe-vozmozhno-ombre-na-korotkie-volosy_40.jpg\"><img decoding=\"async\" class=\"aligncenter\"  src=\"\/wp-content\/uploads\/2024\/09\/nevozmozhnoe-vozmozhno-ombre-na-korotkie-volosy_42.jpg\"><\/p>\n<p>Uma vez que um bon\u00e9 j\u00e1 \u00e9 um penteado muito gr\u00e1fico e colorido, \u00e9 prefer\u00edvel optar por cores ombre serenas e naturais. No entanto, escolha um ombre com uma linha distinta de colis\u00e3o de cores se quiser destacar-se. Deixe-as brilhar!<\/p>\n<h3>Cortes de cabelo com franja<\/h3>\n<p><img decoding=\"async\" class=\"aligncenter\"  src=\"\/wp-content\/uploads\/2024\/09\/nevozmozhnoe-vozmozhno-ombre-na-korotkie-volosy_44.jpg\"><img decoding=\"async\" class=\"aligncenter\"  src=\"\/wp-content\/uploads\/2024\/09\/nevozmozhnoe-vozmozhno-ombre-na-korotkie-volosy_43.jpg\"><img decoding=\"async\" class=\"aligncenter\"  src=\"\/wp-content\/uploads\/2024\/09\/nevozmozhnoe-vozmozhno-ombre-na-korotkie-volosy_46.jpg\"><img decoding=\"async\" class=\"aligncenter\"  src=\"\/wp-content\/uploads\/2024\/09\/nevozmozhnoe-vozmozhno-ombre-na-korotkie-volosy_47.jpg\"><\/p>\n<p>Em cabelos curtos com franja, a forma do ombre afeta diretamente sua apar\u00eancia. A t\u00e9cnica ombre n\u00e3o \u00e9 adequada para franjas rectas, longas ou curtas; nestes casos, a transi\u00e7\u00e3o para uma tonalidade clara deve ocorrer abaixo do n\u00edvel da sobrancelha. No entanto, se pintar apenas uma parte do cabelo com uma cor ligeiramente diferente, pode criar um ombre parcial numa franja longa assim\u00e9trica.<\/p>\n<h2>T\u00e9cnica para efetuar o ombre em cabelos curtos<\/h2>\n<p><img decoding=\"async\" class=\"aligncenter\"  src=\"\/wp-content\/uploads\/2024\/09\/nevozmozhnoe-vozmozhno-ombre-na-korotkie-volosy_48.jpg\"><img decoding=\"async\" class=\"aligncenter\"  src=\"\/wp-content\/uploads\/2024\/09\/nevozmozhnoe-vozmozhno-ombre-na-korotkie-volosy_49.jpg\"><\/p>\n<p>No cabelo curto, a colora\u00e7\u00e3o ombre tem este aspeto:<\/p>\n<ul>\n<li>antes de clarear, h\u00e1 uma fase preparat\u00f3ria &#8211; lavar com um champ\u00f4 de limpeza profunda, por exemplo <strong>Creme de limpeza capilar Redken<\/strong>;<\/li>\n<\/ul>\n<ul>\n<li>em alguns casos, o cuidado expresso \u00e9 aplicado <strong>L&apos;Or\u00e9al Professionnel Metal Detox<\/strong>, o que ajuda a cor a aparecer corretamente;<\/li>\n<\/ul>\n<ul>\n<li>utilizando um pente, o colorista divide toda a massa de cabelo em sectores;<\/li>\n<\/ul>\n<ul>\n<li>dependendo do comprimento do cabelo, o mestre recua 3-10 cm das ra\u00edzes e aplica a composi\u00e7\u00e3o iluminadora com leves pinceladas verticais;<\/li>\n<\/ul>\n<ul>\n<li>para obter o efeito natural de um cabelo &ldquo;beijado pelo sol&rdquo;, cada madeixa \u00e9 adicionalmente penteada para tr\u00e1s &#8211; este \u00e9 um elemento da t\u00e9cnica shatush, que suaviza a aspereza do ombre;<\/li>\n<\/ul>\n<ul>\n<li>normalmente, no ombre, \u00e9 utilizada a t\u00e9cnica de realce aberto, quando a colora\u00e7\u00e3o \u00e9 efectuada sem a utiliza\u00e7\u00e3o de pel\u00edcula;<\/li>\n<\/ul>\n<ul>\n<li>para criar um alongamento da cor e um rebordo de transi\u00e7\u00e3o suave, o colorista utiliza um pente com dentes frequentes;<\/li>\n<\/ul>\n<ul>\n<li>Depois de algum tempo, aplica-se no cabelo <strong>Tinta de colora\u00e7\u00e3o<\/strong> em todo o comprimento &#8211; para que a transi\u00e7\u00e3o da cor se torne mais suave;<\/li>\n<\/ul>\n<ul>\n<li>a fase final &#8211; lavar o cabelo com um champ\u00f4 profissional.<\/li>\n<\/ul>\n<p>Embora a f\u00f3rmula para penteados ombre em cortes de cabelo curtos pare\u00e7a simples, pode ser dif\u00edcil conseguir um gradiente de cor deslumbrante em um corte t\u00e3o curto por conta pr\u00f3pria. Os especialistas do SalonSecret aconselham falar com um colorista qualificado num sal\u00e3o de beleza em vez de tentar t\u00e9cnicas complexas de colora\u00e7\u00e3o do cabelo em casa.<\/p>\n<p>A capacidade de obter um efeito ombre no cabelo curto demonstra que os penteados da moda n\u00e3o s\u00e3o apenas para cabelos compridos. Os cortes curtos podem ganhar uma nova dimens\u00e3o com esta t\u00e9cnica de colora\u00e7\u00e3o capilar, que confere profundidade e personalidade. A combina\u00e7\u00e3o certa de cores pode acentuar a beleza inerente dos penteados mais curtos, mesmo quando h\u00e1 menos comprimento para trabalhar.<\/p>\n<p>A capacidade de conseguir uma mudan\u00e7a de tom suave j\u00e1 n\u00e3o se limita \u00e0s pessoas com cabelo comprido, gra\u00e7as aos avan\u00e7os nas t\u00e9cnicas de colora\u00e7\u00e3o. Dependendo do seu estilo pessoal, as pessoas de cabelo curto podem abra\u00e7ar a tend\u00eancia do ombre e usar escolhas de cores ousadas ou subtis para expressar a sua individualidade.<\/p>\n<p>A t\u00e9cnica do ombre \u00e9 algo em que deve pensar se quiser mudar o aspeto do seu cabelo curto. Pode descobrir a combina\u00e7\u00e3o de cores ideal que acentua as suas carater\u00edsticas e melhora a sua apar\u00eancia com a ajuda de um estilista qualificado, demonstrando uma vez mais que tudo \u00e9 poss\u00edvel no mundo dos penteados.<\/p>\n<h2>V\u00eddeo sobre o tema<\/h2>\n<h3>Colora\u00e7\u00e3o complexa do cabelo#louro brasileiro #airtouchgomel #maksimova_natallia #hairstyles#gomel<\/h3>\n<p><iframe loading=\"lazy\" width=\"560\" height=\"315\" src=\"https:\/\/www.youtube.com\/embed\/7SjdZGPCR3A\" frameborder=\"0\" allow=\"autoplay; encrypted-media\" allowfullscreen><\/iframe><\/p>\n<h3>Tudo \u00e9 poss\u00edvel #intexture #haircoloring #beforeafter #reliefpattern #hair #magic<\/h3>\n<p><iframe loading=\"lazy\" width=\"560\" height=\"315\" src=\"https:\/\/www.youtube.com\/embed\/I--q1c8zHuw\" frameborder=\"0\" allow=\"autoplay; encrypted-media\" allowfullscreen><\/iframe><\/p>\n<h3>T\u00e9cnica de colora\u00e7\u00e3o Ombre no cabelo preto. Svetlana Vasilevskaya. CABELEIREIRO TV BIELORR\u00daSSIA<\/h3>\n<p><iframe loading=\"lazy\" width=\"560\" height=\"315\" src=\"https:\/\/www.youtube.com\/embed\/k7Qf4iJ42CM\" frameborder=\"0\" allow=\"autoplay; encrypted-media\" allowfullscreen><\/iframe><\/p>\n<h3>O QUE VEM A SEGUIR \u2753<\/h3>\n<p><iframe loading=\"lazy\" width=\"560\" height=\"315\" src=\"https:\/\/www.youtube.com\/embed\/z_8h-T4AR0s\" frameborder=\"0\" allow=\"autoplay; encrypted-media\" allowfullscreen><\/iframe><\/p>\n<h3>Tonifica\u00e7\u00e3o com escurecimento das ra\u00edzes. Louro Kapus.<\/h3>\n<p><iframe loading=\"lazy\" width=\"560\" height=\"315\" src=\"https:\/\/www.youtube.com\/embed\/A9Ncoi6ypLc\" frameborder=\"0\" allow=\"autoplay; encrypted-media\" allowfullscreen><\/iframe><\/p>\n","protected":false},"excerpt":{"rendered":"<p>Durante muitos anos, a colora\u00e7\u00e3o do cabelo ombre tem sido uma moda proeminente, frequentemente vista em cabelos longos e fluidos. No entanto, e se ainda quiser tirar partido deste efeito gradiente chique, mas o seu cabelo for mais curto?? A boa not\u00edcia \u00e9 que os penteados ombre ficam incrivelmente chiques e contempor\u00e2neos quando usados em [&hellip;]<\/p>\n","protected":false},"author":24,"featured_media":0,"comment_status":"open","ping_status":"open","sticky":false,"template":"","format":"standard","meta":{"footnotes":""},"categories":[24],"tags":[],"class_list":["post-4798","post","type-post","status-publish","format-standard","","category-hair"],"yoast_head":"<!-- This site is optimized with the Yoast SEO plugin v26.7 - https:\/\/yoast.com\/wordpress\/plugins\/seo\/ -->\n<title>Ombre em cabelos curtos \ud83d\udd25 - 65 fotos de colora\u00e7\u00e3o em cabelos escuros, castanhos claros e loiros<\/title>\n<meta name=\"description\" content=\"Descubra como conseguir o efeito ombre da moda em cabelos curtos. Dicas, t\u00e9cnicas e inspira\u00e7\u00e3o de cores para um look arrojado e bonito.\" \/>\n<meta name=\"robots\" content=\"index, follow, max-snippet:-1, max-image-preview:large, max-video-preview:-1\" \/>\n<link rel=\"canonical\" href=\"https:\/\/zavitushki.com\/pt\/the-impossible-is-possible-ombre-on-short-hair\/\" \/>\n<meta property=\"og:locale\" content=\"pt_PT\" \/>\n<meta property=\"og:type\" content=\"article\" \/>\n<meta property=\"og:title\" content=\"Ombre em cabelos curtos \ud83d\udd25 - 65 fotos de colora\u00e7\u00e3o em cabelos escuros, castanhos claros e loiros\" \/>\n<meta property=\"og:description\" content=\"Descubra como conseguir o efeito ombre da moda em cabelos curtos. Dicas, t\u00e9cnicas e inspira\u00e7\u00e3o de cores para um look arrojado e bonito.\" \/>\n<meta property=\"og:url\" content=\"https:\/\/zavitushki.com\/pt\/the-impossible-is-possible-ombre-on-short-hair\/\" \/>\n<meta property=\"og:site_name\" content=\"Zavitushki.com\" \/>\n<meta property=\"article:published_time\" content=\"2024-09-10T14:26:01+00:00\" \/>\n<meta name=\"author\" content=\"Igor Petrov\" \/>\n<meta name=\"twitter:card\" content=\"summary_large_image\" \/>\n<meta name=\"twitter:label1\" content=\"Escrito por\" \/>\n\t<meta name=\"twitter:data1\" content=\"Igor Petrov\" \/>\n\t<meta name=\"twitter:label2\" content=\"Tempo estimado de leitura\" \/>\n\t<meta name=\"twitter:data2\" content=\"10 minutos\" \/>\n<script type=\"application\/ld+json\" class=\"yoast-schema-graph\">{\"@context\":\"https:\/\/schema.org\",\"@graph\":[{\"@type\":\"Article\",\"@id\":\"https:\/\/zavitushki.com\/pt\/the-impossible-is-possible-ombre-on-short-hair\/#article\",\"isPartOf\":{\"@id\":\"https:\/\/zavitushki.com\/pt\/the-impossible-is-possible-ombre-on-short-hair\/\"},\"author\":{\"name\":\"Igor Petrov\",\"@id\":\"https:\/\/zavitushki.com\/pt\/#\/schema\/person\/a48ae6d9dfb9b5e2a8e03d6aa83e2b48\"},\"headline\":\"O imposs\u00edvel \u00e9 poss\u00edvel: ombre em cabelo curto\",\"datePublished\":\"2024-09-10T14:26:01+00:00\",\"mainEntityOfPage\":{\"@id\":\"https:\/\/zavitushki.com\/pt\/the-impossible-is-possible-ombre-on-short-hair\/\"},\"wordCount\":2045,\"commentCount\":0,\"articleSection\":[\"Cabelo\"],\"inLanguage\":\"pt-PT\",\"potentialAction\":[{\"@type\":\"CommentAction\",\"name\":\"Comment\",\"target\":[\"https:\/\/zavitushki.com\/pt\/the-impossible-is-possible-ombre-on-short-hair\/#respond\"]}]},{\"@type\":\"WebPage\",\"@id\":\"https:\/\/zavitushki.com\/pt\/the-impossible-is-possible-ombre-on-short-hair\/\",\"url\":\"https:\/\/zavitushki.com\/pt\/the-impossible-is-possible-ombre-on-short-hair\/\",\"name\":\"Ombre em cabelos curtos \ud83d\udd25 - 65 fotos de colora\u00e7\u00e3o em cabelos escuros, castanhos claros e loiros\",\"isPartOf\":{\"@id\":\"https:\/\/zavitushki.com\/pt\/#website\"},\"datePublished\":\"2024-09-10T14:26:01+00:00\",\"author\":{\"@id\":\"https:\/\/zavitushki.com\/pt\/#\/schema\/person\/a48ae6d9dfb9b5e2a8e03d6aa83e2b48\"},\"description\":\"Descubra como conseguir o efeito ombre da moda em cabelos curtos. Dicas, t\u00e9cnicas e inspira\u00e7\u00e3o de cores para um look arrojado e bonito.\",\"breadcrumb\":{\"@id\":\"https:\/\/zavitushki.com\/pt\/the-impossible-is-possible-ombre-on-short-hair\/#breadcrumb\"},\"inLanguage\":\"pt-PT\",\"potentialAction\":[{\"@type\":\"ReadAction\",\"target\":[\"https:\/\/zavitushki.com\/pt\/the-impossible-is-possible-ombre-on-short-hair\/\"]}]},{\"@type\":\"BreadcrumbList\",\"@id\":\"https:\/\/zavitushki.com\/pt\/the-impossible-is-possible-ombre-on-short-hair\/#breadcrumb\",\"itemListElement\":[{\"@type\":\"ListItem\",\"position\":1,\"name\":\"Lar\",\"item\":\"https:\/\/zavitushki.com\/pt\/\"},{\"@type\":\"ListItem\",\"position\":2,\"name\":\"O imposs\u00edvel \u00e9 poss\u00edvel: ombre em cabelo curto\"}]},{\"@type\":\"WebSite\",\"@id\":\"https:\/\/zavitushki.com\/pt\/#website\",\"url\":\"https:\/\/zavitushki.com\/pt\/\",\"name\":\"Zavitushki.com\",\"description\":\"Revista online feminina\",\"potentialAction\":[{\"@type\":\"SearchAction\",\"target\":{\"@type\":\"EntryPoint\",\"urlTemplate\":\"https:\/\/zavitushki.com\/pt\/?s={search_term_string}\"},\"query-input\":{\"@type\":\"PropertyValueSpecification\",\"valueRequired\":true,\"valueName\":\"search_term_string\"}}],\"inLanguage\":\"pt-PT\"},{\"@type\":\"Person\",\"@id\":\"https:\/\/zavitushki.com\/pt\/#\/schema\/person\/a48ae6d9dfb9b5e2a8e03d6aa83e2b48\",\"name\":\"Igor Petrov\",\"image\":{\"@type\":\"ImageObject\",\"inLanguage\":\"pt-PT\",\"@id\":\"https:\/\/zavitushki.com\/pt\/#\/schema\/person\/image\/\",\"url\":\"https:\/\/secure.gravatar.com\/avatar\/65fff6b1e356fbc28d5b853014aba00e325f00f7729e454a2c6471a65b44be7c?s=96&d=mm&r=g\",\"contentUrl\":\"https:\/\/secure.gravatar.com\/avatar\/65fff6b1e356fbc28d5b853014aba00e325f00f7729e454a2c6471a65b44be7c?s=96&d=mm&r=g\",\"caption\":\"Igor Petrov\"},\"description\":\"Barbeiro com muitos anos de experi\u00eancia. crio looks masculinos modernos com base em t\u00e9cnicas cl\u00e1ssicas de corte e penteado. Acredito que o corte de cabelo perfeito \u00e9 um equil\u00edbrio entre estilo e conforto, que real\u00e7a o car\u00e1cter.\",\"url\":\"https:\/\/zavitushki.com\/pt\/author\/author-publications-pt_5\/\"}]}<\/script>\n<!-- \/ Yoast SEO plugin. -->","yoast_head_json":{"title":"Ombre em cabelos curtos \ud83d\udd25 - 65 fotos de colora\u00e7\u00e3o em cabelos escuros, castanhos claros e loiros","description":"Descubra como conseguir o efeito ombre da moda em cabelos curtos. Dicas, t\u00e9cnicas e inspira\u00e7\u00e3o de cores para um look arrojado e bonito.","robots":{"index":"index","follow":"follow","max-snippet":"max-snippet:-1","max-image-preview":"max-image-preview:large","max-video-preview":"max-video-preview:-1"},"canonical":"https:\/\/zavitushki.com\/pt\/the-impossible-is-possible-ombre-on-short-hair\/","og_locale":"pt_PT","og_type":"article","og_title":"Ombre em cabelos curtos \ud83d\udd25 - 65 fotos de colora\u00e7\u00e3o em cabelos escuros, castanhos claros e loiros","og_description":"Descubra como conseguir o efeito ombre da moda em cabelos curtos. Dicas, t\u00e9cnicas e inspira\u00e7\u00e3o de cores para um look arrojado e bonito.","og_url":"https:\/\/zavitushki.com\/pt\/the-impossible-is-possible-ombre-on-short-hair\/","og_site_name":"Zavitushki.com","article_published_time":"2024-09-10T14:26:01+00:00","author":"Igor Petrov","twitter_card":"summary_large_image","twitter_misc":{"Escrito por":"Igor Petrov","Tempo estimado de leitura":"10 minutos"},"schema":{"@context":"https:\/\/schema.org","@graph":[{"@type":"Article","@id":"https:\/\/zavitushki.com\/pt\/the-impossible-is-possible-ombre-on-short-hair\/#article","isPartOf":{"@id":"https:\/\/zavitushki.com\/pt\/the-impossible-is-possible-ombre-on-short-hair\/"},"author":{"name":"Igor Petrov","@id":"https:\/\/zavitushki.com\/pt\/#\/schema\/person\/a48ae6d9dfb9b5e2a8e03d6aa83e2b48"},"headline":"O imposs\u00edvel \u00e9 poss\u00edvel: ombre em cabelo curto","datePublished":"2024-09-10T14:26:01+00:00","mainEntityOfPage":{"@id":"https:\/\/zavitushki.com\/pt\/the-impossible-is-possible-ombre-on-short-hair\/"},"wordCount":2045,"commentCount":0,"articleSection":["Cabelo"],"inLanguage":"pt-PT","potentialAction":[{"@type":"CommentAction","name":"Comment","target":["https:\/\/zavitushki.com\/pt\/the-impossible-is-possible-ombre-on-short-hair\/#respond"]}]},{"@type":"WebPage","@id":"https:\/\/zavitushki.com\/pt\/the-impossible-is-possible-ombre-on-short-hair\/","url":"https:\/\/zavitushki.com\/pt\/the-impossible-is-possible-ombre-on-short-hair\/","name":"Ombre em cabelos curtos \ud83d\udd25 - 65 fotos de colora\u00e7\u00e3o em cabelos escuros, castanhos claros e loiros","isPartOf":{"@id":"https:\/\/zavitushki.com\/pt\/#website"},"datePublished":"2024-09-10T14:26:01+00:00","author":{"@id":"https:\/\/zavitushki.com\/pt\/#\/schema\/person\/a48ae6d9dfb9b5e2a8e03d6aa83e2b48"},"description":"Descubra como conseguir o efeito ombre da moda em cabelos curtos. Dicas, t\u00e9cnicas e inspira\u00e7\u00e3o de cores para um look arrojado e bonito.","breadcrumb":{"@id":"https:\/\/zavitushki.com\/pt\/the-impossible-is-possible-ombre-on-short-hair\/#breadcrumb"},"inLanguage":"pt-PT","potentialAction":[{"@type":"ReadAction","target":["https:\/\/zavitushki.com\/pt\/the-impossible-is-possible-ombre-on-short-hair\/"]}]},{"@type":"BreadcrumbList","@id":"https:\/\/zavitushki.com\/pt\/the-impossible-is-possible-ombre-on-short-hair\/#breadcrumb","itemListElement":[{"@type":"ListItem","position":1,"name":"Lar","item":"https:\/\/zavitushki.com\/pt\/"},{"@type":"ListItem","position":2,"name":"O imposs\u00edvel \u00e9 poss\u00edvel: ombre em cabelo curto"}]},{"@type":"WebSite","@id":"https:\/\/zavitushki.com\/pt\/#website","url":"https:\/\/zavitushki.com\/pt\/","name":"Zavitushki.com","description":"Revista online feminina","potentialAction":[{"@type":"SearchAction","target":{"@type":"EntryPoint","urlTemplate":"https:\/\/zavitushki.com\/pt\/?s={search_term_string}"},"query-input":{"@type":"PropertyValueSpecification","valueRequired":true,"valueName":"search_term_string"}}],"inLanguage":"pt-PT"},{"@type":"Person","@id":"https:\/\/zavitushki.com\/pt\/#\/schema\/person\/a48ae6d9dfb9b5e2a8e03d6aa83e2b48","name":"Igor Petrov","image":{"@type":"ImageObject","inLanguage":"pt-PT","@id":"https:\/\/zavitushki.com\/pt\/#\/schema\/person\/image\/","url":"https:\/\/secure.gravatar.com\/avatar\/65fff6b1e356fbc28d5b853014aba00e325f00f7729e454a2c6471a65b44be7c?s=96&d=mm&r=g","contentUrl":"https:\/\/secure.gravatar.com\/avatar\/65fff6b1e356fbc28d5b853014aba00e325f00f7729e454a2c6471a65b44be7c?s=96&d=mm&r=g","caption":"Igor Petrov"},"description":"Barbeiro com muitos anos de experi\u00eancia. crio looks masculinos modernos com base em t\u00e9cnicas cl\u00e1ssicas de corte e penteado. Acredito que o corte de cabelo perfeito \u00e9 um equil\u00edbrio entre estilo e conforto, que real\u00e7a o car\u00e1cter.","url":"https:\/\/zavitushki.com\/pt\/author\/author-publications-pt_5\/"}]}},"_links":{"self":[{"href":"https:\/\/zavitushki.com\/pt\/wp-json\/wp\/v2\/posts\/4798","targetHints":{"allow":["GET"]}}],"collection":[{"href":"https:\/\/zavitushki.com\/pt\/wp-json\/wp\/v2\/posts"}],"about":[{"href":"https:\/\/zavitushki.com\/pt\/wp-json\/wp\/v2\/types\/post"}],"author":[{"embeddable":true,"href":"https:\/\/zavitushki.com\/pt\/wp-json\/wp\/v2\/users\/24"}],"replies":[{"embeddable":true,"href":"https:\/\/zavitushki.com\/pt\/wp-json\/wp\/v2\/comments?post=4798"}],"version-history":[{"count":0,"href":"https:\/\/zavitushki.com\/pt\/wp-json\/wp\/v2\/posts\/4798\/revisions"}],"wp:attachment":[{"href":"https:\/\/zavitushki.com\/pt\/wp-json\/wp\/v2\/media?parent=4798"}],"wp:term":[{"taxonomy":"category","embeddable":true,"href":"https:\/\/zavitushki.com\/pt\/wp-json\/wp\/v2\/categories?post=4798"},{"taxonomy":"post_tag","embeddable":true,"href":"https:\/\/zavitushki.com\/pt\/wp-json\/wp\/v2\/tags?post=4798"}],"curies":[{"name":"wp","href":"https:\/\/api.w.org\/{rel}","templated":true}]}}