{"id":5926,"date":"2024-09-10T12:41:52","date_gmt":"2024-09-10T09:41:52","guid":{"rendered":"https:\/\/zavitushki.com\/it\/where-to-start-growing-hair-from-blonde-to-natural\/"},"modified":"2024-09-10T12:41:52","modified_gmt":"2024-09-10T09:41:52","slug":"where-to-start-growing-hair-from-blonde-to-natural","status":"publish","type":"post","link":"https:\/\/zavitushki.com\/it\/where-to-start-growing-hair-from-blonde-to-natural\/","title":{"rendered":"Dove iniziare a far crescere i capelli? Dal biondo al colore naturale. La storia dei miei capelli: come sono cambiati in tre anni, a cosa sono arrivata? Come evitare gli errori nella cura dei capelli? Tante foto"},"content":{"rendered":"\n<p>Passare dal biondo al proprio colore naturale pu\u00f2 sembrare un viaggio lungo ed emozionante. Non si tratta solo di aspettare che le radici crescano: si tratta di imparare a prendersi cura dei capelli durante la transizione e di capire cosa funziona per voi. In questo articolo condivider\u00f2 la mia storia personale di come i miei capelli si sono trasformati nell&apos;arco di tre anni, passando da frequenti decolorazioni ad abbracciare la mia tonalit\u00e0 naturale.<\/p>\n<p>Indubbiamente ci sono stati alti e bassi lungo il percorso. Ho commesso errori, provato prodotti inefficaci e ho dovuto apportare molteplici modifiche al mio regime di capelli. Ma alla fine ho capito cosa faceva ricrescere e prosperare i miei capelli. Vi trasmetter\u00f2 tutte le mie conoscenze in modo che possiate evitare le stesse insidie e iniziare il vostro percorso con fiducia.<\/p>\n<p>In questo post ci sono numerose foto che documentano come i miei capelli sono cambiati nel tempo, dalle punte fragili lasciate dalla decolorazione ai capelli lucidi e sani che ho attualmente. Sia che abbiate appena iniziato o che siate gi\u00e0 avanti nel vostro percorso di crescita dei capelli, spero che le mie conoscenze e i miei consigli vi siano d&apos;aiuto.<\/p>\n<h2>Dove iniziare a far crescere i capelli<\/h2>\n<p><img decoding=\"async\" class=\"aligncenter\"  src=\"\/wp-content\/uploads\/2024\/09\/s-chego-nachat-otrashhivanie-volos-ot-blonda-k_8.jpg\"><img decoding=\"async\" class=\"aligncenter\"  src=\"\/wp-content\/uploads\/2024\/09\/s-chego-nachat-otrashhivanie-volos-ot-blonda-k_5.jpg\"><img decoding=\"async\" class=\"aligncenter\"  src=\"\/wp-content\/uploads\/2024\/09\/s-chego-nachat-otrashhivanie-volos-ot-blonda-k_1.jpg\"><\/p>\n<h3>Dove ho iniziato<\/h3>\n<p>Una breve panoramica per ricordarvi da dove tutto \u00e8 iniziato Fin da piccola ho sempre avuto i capelli lunghi. Mia madre li intrecciava in modi diversi, li lavava e li pettinava. Fino a quando ho frequentato la terza o la terza media, usavo solo lo shampoo e non usavo alcun balsamo. Non avevo mai sentito parlare di maschere. La cosa pi\u00f9 intrigante \u00e8 che i miei capelli avevano un aspetto fantastico e non cadevano affatto. E poi brillavano in modo sano e luminoso.<\/p>\n<p>Tuttavia, l&apos;adolescenza \u00e8 un periodo in cui si sperimenta, si cerca se stessi e si vuole apparire diversi, e io non ero da meno. Desideravo semplicemente diventare bionda con un desiderio intenso! Potete leggere la mia esperienza in questo post.<\/p>\n<p>In terza media ho messo in risalto i capelli per la prima volta nella mia vita. Mia madre mi ha fatto il primo, il secondo e il terzo colpo di sole quando i miei capelli erano ancora lunghi, lunghi fino alla vita e naturalmente castani chiari. Possiamo solo ipotizzare cosa pensavamo all&apos;epoca: la tintura evidenziatore meno costosa. La cosa pi\u00f9 strana, per\u00f2, \u00e8 che i miei capelli non ne hanno risentito, almeno per il momento. Decisi di usare Garnier &ldquo;Biondo sabbia&rdquo; tinta per capelli in prima superiore perch\u00e9 volevo che i miei capelli fossero sempre pi\u00f9 chiari.<\/p>\n<p>Mia madre mi mise anche le meches e, come potete immaginare, i miei capelli assunsero una tonalit\u00e0 rossastra nel punto in cui erano cresciute le radici. Naturalmente non mi piaceva, cos\u00ec, due o tre giorni dopo la tintura, ho preso la tintura avanzata, l&apos;ho mescolata per evidenziare i capelli e ho aggiunto qualche ciocca bianca alla sommit\u00e0. Ora mi rendo conto di quanto fossero brutti i miei capelli, ma sembrava che non mi importasse. Tuttavia, i miei esperimenti non si sono fermati qui, perch\u00e9 avevo bisogno di una scala.<\/p>\n<p>I miei capelli erano lisci e potevo farli crescere, quindi la colorazione non era male, ma il taglio a strati \u00e8 stata la goccia che ha fatto traboccare il vaso. I miei capelli lunghi erano troppo lunghi per un taglio a strati, quindi il parrucchiere non mi capiva. Alla fine mi hanno tagliato una parte dei capelli e non ho avuto il tempo di guardare mentre i miei capelli cadevano a terra perch\u00e9 li stavano tagliando velocemente con le forbici.<\/p>\n<p>Dio, \u00e8 una storia dell&apos;orrore! Tuttavia, quando l&apos;ho visto allo specchio, il bob mi \u00e8 sembrato buono! Questi adolescenti, oh. Quando tornai a casa mia madre rimase a bocca aperta e non riusc\u00ec a chiuderla per molto tempo a causa del danno che avevo fatto ai suoi lunghi capelli. Tuttavia, mi piaceva tutto. Vero, ma solo temporaneamente. Pensavo di poter far ricrescere rapidamente i miei capelli se avessi voluto, ma non \u00e8 successo. Dopo sei mesi, ho iniziato a notare che le mie punte si spezzavano, si dividevano e cadevano a ciocche quando mi tagliavo i capelli.<\/p>\n<p>Da allora, durante tutta la mia carriera universitaria, ho tentato di far crescere i miei capelli pi\u00f9 a lungo. Li ho tinti forse tre o quattro volte, non ricordo esattamente, e non capivo come i capelli biondi che mia madre ha sempre avuto potessero trasformarsi in una pannocchia dopo poche meches. Poich\u00e9 mia madre probabilmente non ha mai avuto capelli lunghi come i miei, non ho potuto far crescere i miei capelli, che crescevano naturalmente, ma le punte si spezzavano e cadevano. Ho iniziato a chiedermi se fossi destinata ad avere i capelli corti.<\/p>\n<p><img decoding=\"async\" class=\"aligncenter\"  src=\"\/wp-content\/uploads\/2024\/09\/s-chego-nachat-otrashhivanie-volos-ot-blonda-k_6.jpg\"><img decoding=\"async\" class=\"aligncenter\"  src=\"\/wp-content\/uploads\/2024\/09\/s-chego-nachat-otrashhivanie-volos-ot-blonda-k_2.jpg\"><img decoding=\"async\" class=\"aligncenter\"  src=\"\/wp-content\/uploads\/2024\/09\/s-chego-nachat-otrashhivanie-volos-ot-blonda-k_3.jpg\"><\/p>\n<h3>La svolta<\/h3>\n<p>Lo stato dei miei capelli, per dirla in parole povere, \u00e8 stato quello che ha segnato la svolta. Dopo averli lavati e applicati con il balsamo (che avevo iniziato a usare in quel periodo), i miei capelli si asciugavano naturalmente in una grande palla aggrovigliata che diventava un&apos;opacit\u00e0. A dire il vero, c&apos;erano momenti in cui volevo solo prendere le forbici e tagliare i grovigli, perch\u00e9 non sapevo cosa farne. Non riuscivo nemmeno a districare i capelli dopo averli lavati; senza negativit\u00e0 e a volte persino con le lacrime, assomigliavano a una lanugine o a una scopa dopo il pettine. I miei capelli erano vuoti all&apos;interno, ecco come sono arrivata a questa situazione.<\/p>\n<p>All&apos;epoca non avevo mai pensato ai prodotti leave-in. Ero arrivata al punto che, dopo il lavaggio, aspettavo che i capelli si asciugassero, li dividevo in due sezioni e li arricciavo in morbidi bigodini. Allora mi accontentavo di questo e continuavo a camminare senza pettinarmi perch\u00e9, quando lo facevo, i capelli erano cos\u00ec aggrovigliati che si riducevano a brandelli. Avevo paura di rimanere calvo perch\u00e9 mi faceva paura toccarli.<\/p>\n<p>Quando i miei capelli erano in questo stato, ho trovato il gruppo SHKV, un gruppo di parrucchieri, mi sono iscritta e, dopo aver guardato le bellissime foto di capelli lunghi, curati e lucenti, ho iniziato a soffocare d&apos;invidia. Ho guardato i miei stub &#8211; le punte, ho maledetto il momento in cui ho iniziato a tingere \/ mettere in risalto i miei capelli e il momento in cui sono andata dal parrucchiere con l&apos;idea di \\u200b\\u200b fare una scalatura. Cominciai a pensare di far crescere il colore dei miei capelli, ma per tutto questo tempo non mi piacevano affatto, li consideravo topo, grigi, non descrittivi, e come si pu\u00f2 andare in giro con questi capelli e sentirsi sicuri di s\u00e9??<\/p>\n<p>In effetti, credo di essermi abituata ad avere i capelli chiari e a essere bionda. Ho persino abbinato il colore del mio trucco ai miei capelli perch\u00e9 mi piaceva il modo in cui mi faceva sentire.<\/p>\n<p>Ho riso all&apos;idea di &ldquo;maschere e lozioni per capelli fatte in casa&rdquo; anche dopo aver trovato una ricetta per una maschera per capelli alla cipolla. In quel momento, pensavo &ldquo;Ugh&rdquo;.&quot; La mia filosofia per i capelli \u00e8 che ci\u00f2 che la natura fornisce sar\u00e0 ci\u00f2 che non puzza, ma si pu\u00f2 non essere d&apos;accordo. Sono ancora un po&apos; d&apos;accordo con questa affermazione perch\u00e9, fino a quando non li ho rovinati e uccisi con le mie mani, avevo naturalmente dei bei capelli.<\/p>\n<p>Mi sono seduta, ho riflettuto e mi \u00e8 venuta un&apos;idea brillante: devo cercare di riportare i miei capelli al loro aspetto precedente, avevo dei bei capelli, quindi perch\u00e9 vado in giro con una scopa in testa?? I miei capelli all&apos;epoca non mi soddisfacevano del tutto, anche se riuscivo a dargli un aspetto divino con i bigodini, non appena uscivo all&apos;aperto, questa leggera peluria volava in tutte le direzioni, era terribilmente scomodo per me vivere con questi capelli in testa, pu\u00f2 sembrare buffo &#8211; ma \u00e8 cos\u00ec. Ho trovato una maschera alla cipolla su Internet, ne ho stampato la ricetta e a gennaio 2013, dall&apos;inizio dell&apos;anno, ho iniziato a fare una maschera alla cipolla per le radici. Penso alle maschere che ho provato, scriver\u00f2 dei post separati in futuro<\/p>\n<h3>I miei capelli avevano questo aspetto quando ho iniziato a curarli<\/h3>\n<p><img decoding=\"async\" class=\"aligncenter\"  src=\"\/wp-content\/uploads\/2024\/09\/s-chego-nachat-otrashhivanie-volos-ot-blonda-k_4.jpg\"><img decoding=\"async\" class=\"aligncenter\"  src=\"\/wp-content\/uploads\/2024\/09\/s-chego-nachat-otrashhivanie-volos-ot-blonda-k_7.jpg\"><\/p>\n<p>Dopo la maschera alla cipolla, ho usato una maschera alla senape, cos\u00ec come oli &#8211; ricino, pesca, bardana, jojoba. Credo che la mia cura dei capelli avesse appena iniziato a formarsi, ma era ben lungi dall &ldquo;essere l &rdquo;ideale. Non avevo ancora trovato il mio shampoo ideale o la mia maschera ideale, ho letto un sacco di recensioni e ho voluto provare tutto, mi sono appassionata molto velocemente e sono diventata una maniaca dei capelli rapidamente, senza nemmeno accorgermene, ho iniziato a comprare nuovi prodotti dopo aver notato i primi risultati sui miei capelli, hanno iniziato a pettinarsi, non dir\u00f2 che \u00e8 stato facile &#8211; ma per me \u00e8 stato un mega risultato, il che significa che le maschere funzionano, e non \u00e8 solo un consiglio stupido.<\/p>\n<h2>Shopping di cosmetici<\/h2>\n<p>Ho iniziato a comprare prodotti che non capivo perch\u00e9 ero ossessionata dai miei capelli.<\/p>\n<p><img decoding=\"async\" class=\"aligncenter\"  src=\"\/wp-content\/uploads\/2024\/09\/s-chego-nachat-otrashhivanie-volos-ot-blonda-k_10.jpg\"><img decoding=\"async\" class=\"aligncenter\"  src=\"\/wp-content\/uploads\/2024\/09\/s-chego-nachat-otrashhivanie-volos-ot-blonda-k_9.jpg\"><img decoding=\"async\" class=\"aligncenter\"  src=\"\/wp-content\/uploads\/2024\/09\/s-chego-nachat-otrashhivanie-volos-ot-blonda-k_11.jpg\"><\/p>\n<h3>Ho iniziato con questo<\/h3>\n<p><img decoding=\"async\" class=\"aligncenter\"  src=\"\/wp-content\/uploads\/2024\/09\/s-chego-nachat-otrashhivanie-volos-ot-blonda-k_12.jpg\"><\/p>\n<p>In effetti, come potete vedere, \u00e8 un incubo che diventa realt\u00e0.<\/p>\n<p><img decoding=\"async\" class=\"aligncenter\"  src=\"\/wp-content\/uploads\/2024\/09\/s-chego-nachat-otrashhivanie-volos-ot-blonda-k_16.jpg\"><\/p>\n<p>Avevo anche una scaletta davvero imbarazzante.<\/p>\n<p><img decoding=\"async\" class=\"aligncenter\"  src=\"\/wp-content\/uploads\/2024\/09\/s-chego-nachat-otrashhivanie-volos-ot-blonda-k_14.jpg\"><\/p>\n<p>E questi sono i miei primi risultati intermedi. All&apos;epoca ero estasiata.<\/p>\n<p><img decoding=\"async\" class=\"aligncenter\"  src=\"\/wp-content\/uploads\/2024\/09\/s-chego-nachat-otrashhivanie-volos-ot-blonda-k_13.jpg\"><img decoding=\"async\" class=\"aligncenter\"  src=\"\/wp-content\/uploads\/2024\/09\/s-chego-nachat-otrashhivanie-volos-ot-blonda-k_15.jpg\"><img decoding=\"async\" class=\"aligncenter\"  src=\"\/wp-content\/uploads\/2024\/09\/s-chego-nachat-otrashhivanie-volos-ot-blonda-k_18.jpg\"><\/p>\n<h2>Come evitare gli errori nella cura dei capelli se decidete di farli crescere<\/h2>\n<p>Ancora una volta, cosa ho fatto? Dopo tre anni di cure, sono arrivata a questi suggerimenti, ma li riprender\u00f2 tutti insieme nella mia descrizione.<\/p>\n<h3>Dispositivi termici<\/h3>\n<p>In un primo momento ho stabilito che l&apos;aria calda dell&apos;asciugacapelli aveva danneggiato i miei capelli. All&apos;epoca mi ero appena trasferita dai miei genitori, quindi solo mia madre aveva un asciugacapelli. Non ne ho comprato uno per me, quindi all&apos;inizio ho trovato insolito che le ciocche bagnate fossero sparse sulle mie spalle su un asciugamano. All&apos;epoca usavo il phon per asciugare i miei capelli porosi, secchi e tinti di biondo dopo ogni lavaggio.<\/p>\n<p>Tuttavia, non ero consapevole che i miei capelli si stessero asciugando finch\u00e9 non ho usato un asciugamano per creare un turbante e ho camminato cos\u00ec per circa quindici minuti prima di toglierlo e iniziare a pettinarli. Ora so che i capelli bagnati non dovrebbero mai essere pettinati! Pettinavo i capelli bagnati, e lo faccio tuttora, dato che i prodotti impropri mi hanno occasionalmente lasciato i capelli aggrovigliati. Ho rapidamente abbandonato l&apos;abitudine di usare il phon; oggi non lo uso affatto.<\/p>\n<h3>Inclusione di prodotti leave-in nella mia cura<\/h3>\n<p>Inizialmente si trattava di spray per il mercato di massa, come &ldquo;Gliss Kur&rdquo; e che &ldquo;L &rdquo;OREAL ELSEVE&rdquo; ma alla fine si sono trasformati in marchi professionali, come Kapous. Ho quindi iniziato a utilizzare oli siliconici, tra i quali l&apos;olio Garnier Fructis Elixir Transfiguration \u00e8 ancora il mio preferito. Cambia significativamente l&apos;aspetto delle punte. Naturalmente, i siliconi non fanno altro che conferire ai capelli una lucentezza esterna e un aspetto curato: questo \u00e8 un argomento da trattare in un altro articolo. Tuttavia, dopo averli usati, i miei capelli hanno quasi smesso di spezzarsi e cadere e hanno iniziato ad avere un aspetto migliore.<\/p>\n<p><img decoding=\"async\" class=\"aligncenter\"  src=\"\/wp-content\/uploads\/2024\/09\/s-chego-nachat-otrashhivanie-volos-ot-blonda-k_19.jpg\"><img decoding=\"async\" class=\"aligncenter\"  src=\"\/wp-content\/uploads\/2024\/09\/s-chego-nachat-otrashhivanie-volos-ot-blonda-k_17.jpg\"><img decoding=\"async\" class=\"aligncenter\"  src=\"\/wp-content\/uploads\/2024\/09\/s-chego-nachat-otrashhivanie-volos-ot-blonda-k_20.jpg\"><img decoding=\"async\" class=\"aligncenter\"  src=\"\/wp-content\/uploads\/2024\/09\/s-chego-nachat-otrashhivanie-volos-ot-blonda-k_22.jpg\"><\/p>\n<h3>Pettini<\/h3>\n<p>Il passo successivo e cruciale \u00e8 stato, ovviamente, la sostituzione dei pettini. Quando li ho guardati, ho avuto un sussulto perch\u00e9 erano tutti in condizioni orribili. I nostri pettini hanno un grande impatto sulla salute dei nostri capelli, quindi controllateli per vedere se avete delle punte spezzate. Potrebbe essere il pettine? \u00c8 molto probabile. Mi sono sbarazzata dei pettini difettosi e li ho sostituiti con un pettine di legno e un pettine con setole naturali che uso ancora oggi. Ho preso il mio pettine da Deval.<\/p>\n<h3>Oli naturali<\/h3>\n<p>Per la cura dei capelli, gli oli sono i miei preferiti. Li ho usati quasi fin dall&apos;inizio della cura dei capelli, e li uso ancora. Sebbene molte persone sostengano che i capelli non possono essere restaurati, sono d&apos;accordo sul fatto che \u00e8 impossibile avere capelli completamente rovinati; l&apos;unica cosa che si pu\u00f2 fare \u00e8 tagliarli. Tuttavia, per evitare che il resto dei capelli diventi cos\u00ec e per avere un aspetto sano, \u00e8 necessario nutrirli e idratarli, soprattutto d&apos;estate, quando il sole scotta, e d&apos;inverno, quando abbiamo cappelli, riscaldamento e molti altri piccoli dettagli.<\/p>\n<p>Voglio richiamare l&apos;attenzione sull&apos;inverno e dire che molte ragazze lasciano che i loro capelli si mostrino in inverno, perch\u00e9 sono cos\u00ec belli. Anch&apos;io facevo cos\u00ec, ma dopo aver letto molti articoli, voglio dire che cos\u00ec facendo i capelli si rovinano rapidamente perch\u00e9 il vento e il freddo li danneggiano. Avete davvero bisogno di capelli belli con il freddo a un costo cos\u00ec elevato?? Non mi. Non mi lamento mai, perch\u00e9 i miei capelli sono protetti quando indosso la giacca con il cappuccio. Prendete nota di questa sottigliezza.<\/p>\n<p><img decoding=\"async\" class=\"aligncenter\"  src=\"\/wp-content\/uploads\/2024\/09\/s-chego-nachat-otrashhivanie-volos-ot-blonda-k_21.jpg\"><img decoding=\"async\" class=\"aligncenter\"  src=\"\/wp-content\/uploads\/2024\/09\/s-chego-nachat-otrashhivanie-volos-ot-blonda-k_24.jpg\"><img decoding=\"async\" class=\"aligncenter\"  src=\"\/wp-content\/uploads\/2024\/09\/s-chego-nachat-otrashhivanie-volos-ot-blonda-k_27.jpg\"><img decoding=\"async\" class=\"aligncenter\"  src=\"\/wp-content\/uploads\/2024\/09\/s-chego-nachat-otrashhivanie-volos-ot-blonda-k_23.jpg\"><img decoding=\"async\" class=\"aligncenter\"  src=\"\/wp-content\/uploads\/2024\/09\/s-chego-nachat-otrashhivanie-volos-ot-blonda-k_28.jpg\"><\/p>\n<p>Ho iniziato ad acquistare oli in grandi quantit\u00e0. Ho iniziato ordinando in farmacia gli oli di ricino e di bardana. In seguito, ho fatto il mio primo ordine di burri, o oli solidi, come quello di cocco e di cacao. Questi oli non hanno fatto effetto sui miei capelli, ho avuto difficolt\u00e0 a lavarli via e i miei capelli si sono sporcati rapidamente dopo averli usati, ma non ho rifiutato gli oli perch\u00e9 credevo di aver acquistato un prodotto di scarsa qualit\u00e0 e che altre ragazze non avrebbero consigliato gli oli senza una buona ragione. Non mi sono sbagliato.<\/p>\n<p>I miei dubbi sull&apos;efficacia delle maschere all&apos;olio sono stati fugati dopo l&apos;acquisto del &ldquo;paracadute&rdquo; olio di cocco. I miei capelli non erano mai stati cos\u00ec dopo aver usato balsami e maschere fatte in casa; la mia storia d&apos;amore con l&apos;olio di cocco \u00e8 iniziata con questo olio. Al momento ho provato molti oli di cocco, ma l&apos;olio di La Taranguel, che ho acquistato alla fiera indiana, mi ha conquistata. Anche l&apos;olio di Argan, l&apos;olio di semi d&apos;uva e l&apos;olio di palma sono tra i miei preferiti.<\/p>\n<p>Ho preferito la laminazione di gelatina a tutte le maschere fatte in casa, perch\u00e9 produce capelli incredibilmente belli in una sola applicazione. Negli ultimi 1 anni ho seguito dei corsi su questo argomento.5 anni.<\/p>\n<blockquote><p>\n   La strada per far crescere il colore naturale dei capelli pu\u00f2 sembrare lunga, soprattutto dopo anni di decolorazione, ma con le giuste cure e la giusta pazienza \u00e8 fattibile. Vi parler\u00f2 del mio percorso di tre anni dal biondo alla mia tonalit\u00e0 naturale, delle difficolt\u00e0 che ho incontrato e delle tecniche essenziali che mi hanno impedito di commettere frequenti errori nella cura dei capelli. Durante questo processo ho imparato a prevenire i danni, a preservare la salute dei miei capelli e ad apprezzare la bellezza del mio colore naturale. Includer\u00f2 le foto dei miei progressi insieme ai consigli per incoraggiare gli altri nel loro viaggio verso i capelli.\n  <\/p><\/blockquote>\n<h2>Elenco delle maschere che mi hanno aiutato<\/h2>\n<p><img decoding=\"async\" class=\"aligncenter\"  src=\"\/wp-content\/uploads\/2024\/09\/s-chego-nachat-otrashhivanie-volos-ot-blonda-k_26.jpg\"><\/p>\n<ul>\n<li>Maschera con tintura di pepe per la crescita dei capelli.<\/li>\n<li>Maschera &ldquo;campo russo con il pepe rosso per la crescita dei capelli.<\/li>\n<li>Maschera con succo di cipolla.<\/li>\n<li>Maschera con succo di aloe.<\/li>\n<li>Maschera con maionese (fatta in casa o acquistata in negozio)<\/li>\n<li>Maschera con tuorlo d&apos;uovo.. Maschera con lievito.<\/li>\n<li>Maschera di laminazione dei capelli con gelatina.<\/li>\n<li>Maschera con olio di bardana.<\/li>\n<\/ul>\n<p>  <img decoding=\"async\" class=\"aligncenter\"  src=\"\/wp-content\/uploads\/2024\/09\/s-chego-nachat-otrashhivanie-volos-ot-blonda-k_29.jpg\"><img decoding=\"async\" class=\"aligncenter\"  src=\"\/wp-content\/uploads\/2024\/09\/s-chego-nachat-otrashhivanie-volos-ot-blonda-k_30.jpg\"><\/p>\n<h2>Rifiuto della colorazione<\/h2>\n<p>I miei capelli hanno iniziato ad allungarsi grazie alla rinuncia all&apos;asciugatura, all&apos;uso di olio e di altre maschere fatte in casa, al cambio di pettine e all&apos;aggiunta di prodotti leave-in al silicone nella mia routine di cura dei capelli. Tuttavia, i miei capelli erano apparentemente cos\u00ec danneggiati che le punte continuavano a spezzarsi man mano che crescevano, quindi qual era il problema?? Ho iniziato a sperimentare maschere organiche, ho comprato nuovi shampoo, balsami e maschere, ma i miei capelli si sono spezzati anche dopo tutto questo. in vernice.<\/p>\n<p>Sono stata costretta a rinunciare alla tinta perch\u00e9 ero abituata ad avere i capelli biondi. Naturalmente, alcune persone non sono d&apos;accordo e sostengono che se avessi colorato e tinto i miei capelli in modo professionale, questo problema non si sarebbe mai presentato, ma! Ho scelto di non rischiare e ho rinunciato al biondo perch\u00e9 la tinta, soprattutto quella bionda, \u00e8 dannosa per i miei capelli sottili.<\/p>\n<p>\u00c8 stato difficile per me perch\u00e9 volevo mettere in risalto o tingere i miei capelli, cosa che mi sono pentita di aver fatto due volte dopo che erano stati quasi completamente risanati. Questo convalidava la mia teoria: dipingere i capelli non \u00e8 raccomandabile.<\/p>\n<p>I miei capelli mi hanno ringraziato e soddisfatto con la lucentezza e la riduzione della fragilit\u00e0 dopo che ho rinunciato a meches e tinte per un anno, ma un gobbo pu\u00f2 essere curato solo dalla morte. Nel maggio 2014, ho scelto di fare la meches e di farla in un salone perch\u00e9 i miei capelli erano arrivati a met\u00e0 del loro colore naturale e avevo bisogno di tagliare le punte. All&apos;epoca guardavo un programma sulle meches e vidi una ragazza che si era tinta benissimo; era appena cambiata, e credo sia evidente l&apos;effetto che ha avuto su di me!<\/p>\n<p>Eccomi qui, seduta su una sedia a sfogliare riviste, in attesa del mio turno. Ero tormentata dai dubbi, ma mi sono messa in testa che non sarebbe successo nulla dopo una sola messa in evidenza, e che avrei messo in evidenza solo la parte dei miei capelli che era cresciuta, cio\u00e8 il mio colore, le punte bianche &#8211; messe in evidenza in precedenza, non le abbiamo toccate. Questo \u00e8 il mio ultimo errore fatale. Quando sono stata evidenziata, mi piaceva tutto, i miei capelli erano lucidi, elastici, morbidi e belli, a tutti piaceva il mio nuovo look e la mia trasformazione, ero diventata pi\u00f9 luminosa &#8211; naturalmente, mi piaceva, non puzzavo pi\u00f9 come un topo grigio, ero sbocciata e avevo un profumo dolce, ma quanto dur\u00f2 la mia gioia?? no, esattamente un mese.<\/p>\n<h3>I miei capelli dopo l&apos;ultima meches<\/h3>\n<p><img decoding=\"async\" class=\"aligncenter\"  src=\"\/wp-content\/uploads\/2024\/09\/s-chego-nachat-otrashhivanie-volos-ot-blonda-k_25.jpg\"><\/p>\n<p>I miei capelli si presentavano cos\u00ec prima e dopo l&apos;evidenziazione.<\/p>\n<p><img decoding=\"async\" class=\"aligncenter\"  src=\"\/wp-content\/uploads\/2024\/09\/s-chego-nachat-otrashhivanie-volos-ot-blonda-k_32.jpg\"><\/p>\n<p>Un mese dopo, ho iniziato a notare molti capelli spezzati e caduti, non solo alle punte, ma in tutto il corpo, il che mi ha reso ansiosa perch\u00e9 avevo trascorso cos\u00ec tanto tempo a lottare per la bellezza dei capelli. Avrei davvero perso tutto in un mese?<\/p>\n<p>Ho subito tirato fuori la maniaca dei capelli che c&apos;era in me e che si era addormentata per un po&apos;, e ho iniziato a prendermi cura dei miei capelli molto pi\u00f9 attivamente di prima. Il mio obiettivo era quello di ridare vita ai miei capelli e di mantenerne la lunghezza. Prima di tutto, avevo paura per lei, ovviamente non avevo bisogno di una coda di cavallo simile a quella di un topo, ma lunga, credo che tutti capiscano che ha un aspetto povero nel migliore dei casi e i capelli lunghi non dovrebbero avere le punte traslucide. Non ero ancora riuscita a far crescere la mia scala fino alla fine, e lei ha tagliato le estremit\u00e0 per me, rifilandole &#8211; facendone una nuova. Probabilmente non \u00e8 difficile indovinare perch\u00e9 non mi piacciono i parrucchieri e non ci vado pi\u00f9, ora mia madre mi taglia le punte e io sono contenta di tutto.<\/p>\n<p><img decoding=\"async\" class=\"aligncenter\"  src=\"\/wp-content\/uploads\/2024\/09\/s-chego-nachat-otrashhivanie-volos-ot-blonda-k_31.jpg\"><img decoding=\"async\" class=\"aligncenter\"  src=\"\/wp-content\/uploads\/2024\/09\/s-chego-nachat-otrashhivanie-volos-ot-blonda-k_35.jpg\"><img decoding=\"async\" class=\"aligncenter\"  src=\"\/wp-content\/uploads\/2024\/09\/s-chego-nachat-otrashhivanie-volos-ot-blonda-k_34.jpg\"><img decoding=\"async\" class=\"aligncenter\"  src=\"\/wp-content\/uploads\/2024\/09\/s-chego-nachat-otrashhivanie-volos-ot-blonda-k_33.jpg\"><img decoding=\"async\" class=\"aligncenter\"  src=\"\/wp-content\/uploads\/2024\/09\/s-chego-nachat-otrashhivanie-volos-ot-blonda-k_36.jpg\"><img decoding=\"async\" class=\"aligncenter\"  src=\"\/wp-content\/uploads\/2024\/09\/s-chego-nachat-otrashhivanie-volos-ot-blonda-k_37.jpg\"><\/p>\n<table>\n<tbody>\n<tr>\n<td>Da dove iniziare a far crescere i capelli?<\/td>\n<td>Iniziate tagliando le punte danneggiate ed evitate i trattamenti chimici aggressivi.<\/td>\n<\/tr>\n<tr>\n<td>Dal biondo al colore naturale<\/td>\n<td>Lasciate crescere le vostre radici naturali, tagliando gradualmente il biondo nel tempo.<\/td>\n<\/tr>\n<tr>\n<td>La mia storia di capelli<\/td>\n<td>In tre anni sono passata dal biondo decolorante al mio castano naturale, concentrandomi su capelli pi\u00f9 sani.<\/td>\n<\/tr>\n<tr>\n<td>Come \u00e8 cambiato in tre anni<\/td>\n<td>I miei capelli sono diventati pi\u00f9 spessi, pi\u00f9 lucidi e pi\u00f9 facili da gestire dopo aver abbandonato i prodotti chimici.<\/td>\n<\/tr>\n<tr>\n<td>Come evitare gli errori nella cura dei capelli<\/td>\n<td>Evitare le tinture frequenti, usare il calore con parsimonia e attenersi a prodotti delicati.<\/td>\n<\/tr>\n<tr>\n<td>Tante foto<\/td>\n<td>Documentare i progressi con delle foto aiuta a seguire i cambiamenti e a motivare la crescita.<\/td>\n<\/tr>\n<\/tbody>\n<\/table>\n<p>Passare dal biondo al colore originale pu\u00f2 essere un processo lungo ma utile. Negli ultimi tre anni ho scoperto che la costanza e la pazienza sono essenziali. Anche se ho commesso alcuni errori e non \u00e8 stato sempre facile, ogni passo che ho fatto mi ha portato ad avere capelli pi\u00f9 forti e pi\u00f9 sani. Anche se sembrava che il processo fosse lento, sono riuscita a vedere i progressi scattando foto dei cambiamenti.<\/p>\n<p>Prestare attenzione alle esigenze dei capelli \u00e8 una delle lezioni pi\u00f9 importanti che ho imparato. L&apos;utilizzo di prodotti appropriati per il vostro tipo di capelli, la rasatura regolare e il condizionamento profondo hanno un impatto significativo. La mia lucentezza e consistenza naturale sono state ripristinate anche stando lontana da strumenti termici e prodotti chimici aggressivi. Ho notato un miglioramento della salute generale dei capelli, un aumento del volume e una riduzione delle rotture nel tempo.<\/p>\n<p>Tratta te stessa e i tuoi capelli con gentilezza se hai appena iniziato il processo di crescita dei capelli pi\u00f9 lunghi. Poich\u00e9 l&apos;esperienza di ogni persona \u00e8 unica, non arrendetevi se ci vuole pi\u00f9 tempo del previsto. Date la priorit\u00e0 al mantenimento di un regime di cura dei capelli sano e non esitate a consultare gli esperti per una guida quando necessario. In definitiva, la chiave \u00e8 determinare ci\u00f2 che funziona meglio per il vostro tipo di capelli e attenersi ad esso.<\/p>\n<h2>Video sull&apos;argomento<\/h2>\n<h3>LA STORIA DEI MIEI CAPELLI&amp;#129655;<\/h3>\n<p><iframe loading=\"lazy\" width=\"560\" height=\"315\" src=\"https:\/\/www.youtube.com\/embed\/2cvE9K_FJEw\" frameborder=\"0\" allow=\"autoplay; encrypted-media\" allowfullscreen><\/iframe><\/p>\n<h3>Come ho fatto crescere i miei capelli MOLTO RAPIDAMENTE? \/\/ Da bionda viziata a castano chiaro folto e lungo<\/h3>\n<p><iframe loading=\"lazy\" width=\"560\" height=\"315\" src=\"https:\/\/www.youtube.com\/embed\/6kaYd4jcZsU\" frameborder=\"0\" allow=\"autoplay; encrypted-media\" allowfullscreen><\/iframe><\/p>\n<h3>Come far crescere i capelli velocemente?<\/h3>\n<p><iframe loading=\"lazy\" width=\"560\" height=\"315\" src=\"https:\/\/www.youtube.com\/embed\/L785XeQ5RUI\" frameborder=\"0\" allow=\"autoplay; encrypted-media\" allowfullscreen><\/iframe><\/p>\n","protected":false},"excerpt":{"rendered":"<p>Passare dal biondo al proprio colore naturale pu\u00f2 sembrare un viaggio lungo ed emozionante. Non si tratta solo di aspettare che le radici crescano: si tratta di imparare a prendersi cura dei capelli durante la transizione e di capire cosa funziona per voi. In questo articolo condivider\u00f2 la mia storia personale di come i miei [&hellip;]<\/p>\n","protected":false},"author":47,"featured_media":0,"comment_status":"open","ping_status":"open","sticky":false,"template":"","format":"standard","meta":{"footnotes":""},"categories":[23],"tags":[],"class_list":["post-5926","post","type-post","status-publish","format-standard","","category-hair"],"yoast_head":"<!-- This site is optimized with the Yoast SEO plugin v26.7 - https:\/\/yoast.com\/wordpress\/plugins\/seo\/ -->\n<title>Da dove iniziare a far crescere i capelli: la mia storia dal biondo al colore naturale, gli errori, le foto prima e dopo<\/title>\n<meta name=\"description\" content=\"Scoprite il viaggio di crescita dei capelli dal biondo al colore naturale nell&amp;apos;arco di tre anni. Scoprite come evitare gli errori nella cura dei capelli con i vostri consigli personali e vedete la trasformazione attraverso foto dettagliate.\" \/>\n<meta name=\"robots\" content=\"index, follow, max-snippet:-1, max-image-preview:large, max-video-preview:-1\" \/>\n<link rel=\"canonical\" href=\"https:\/\/zavitushki.com\/it\/where-to-start-growing-hair-from-blonde-to-natural\/\" \/>\n<meta property=\"og:locale\" content=\"it_IT\" \/>\n<meta property=\"og:type\" content=\"article\" \/>\n<meta property=\"og:title\" content=\"Da dove iniziare a far crescere i capelli: la mia storia dal biondo al colore naturale, gli errori, le foto prima e dopo\" \/>\n<meta property=\"og:description\" content=\"Scoprite il viaggio di crescita dei capelli dal biondo al colore naturale nell&amp;apos;arco di tre anni. Scoprite come evitare gli errori nella cura dei capelli con i vostri consigli personali e vedete la trasformazione attraverso foto dettagliate.\" \/>\n<meta property=\"og:url\" content=\"https:\/\/zavitushki.com\/it\/where-to-start-growing-hair-from-blonde-to-natural\/\" \/>\n<meta property=\"og:site_name\" content=\"Zavitushki.com\" \/>\n<meta property=\"article:published_time\" content=\"2024-09-10T09:41:52+00:00\" \/>\n<meta name=\"author\" content=\"Olga Smirnova\" \/>\n<meta name=\"twitter:card\" content=\"summary_large_image\" \/>\n<meta name=\"twitter:label1\" content=\"Scritto da\" \/>\n\t<meta name=\"twitter:data1\" content=\"Olga Smirnova\" \/>\n\t<meta name=\"twitter:label2\" content=\"Tempo di lettura stimato\" \/>\n\t<meta name=\"twitter:data2\" content=\"18 minuti\" \/>\n<script type=\"application\/ld+json\" class=\"yoast-schema-graph\">{\"@context\":\"https:\/\/schema.org\",\"@graph\":[{\"@type\":\"Article\",\"@id\":\"https:\/\/zavitushki.com\/it\/where-to-start-growing-hair-from-blonde-to-natural\/#article\",\"isPartOf\":{\"@id\":\"https:\/\/zavitushki.com\/it\/where-to-start-growing-hair-from-blonde-to-natural\/\"},\"author\":{\"name\":\"Olga Smirnova\",\"@id\":\"https:\/\/zavitushki.com\/it\/#\/schema\/person\/f071ca6bf1ecefb05a884cd6f22d6570\"},\"headline\":\"Dove iniziare a far crescere i capelli? Dal biondo al colore naturale. La storia dei miei capelli: come sono cambiati in tre anni, a cosa sono arrivata? Come evitare gli errori nella cura dei capelli? Tante foto\",\"datePublished\":\"2024-09-10T09:41:52+00:00\",\"mainEntityOfPage\":{\"@id\":\"https:\/\/zavitushki.com\/it\/where-to-start-growing-hair-from-blonde-to-natural\/\"},\"wordCount\":3659,\"commentCount\":0,\"articleSection\":[\"I capelli\"],\"inLanguage\":\"it-IT\",\"potentialAction\":[{\"@type\":\"CommentAction\",\"name\":\"Comment\",\"target\":[\"https:\/\/zavitushki.com\/it\/where-to-start-growing-hair-from-blonde-to-natural\/#respond\"]}]},{\"@type\":\"WebPage\",\"@id\":\"https:\/\/zavitushki.com\/it\/where-to-start-growing-hair-from-blonde-to-natural\/\",\"url\":\"https:\/\/zavitushki.com\/it\/where-to-start-growing-hair-from-blonde-to-natural\/\",\"name\":\"Da dove iniziare a far crescere i capelli: la mia storia dal biondo al colore naturale, gli errori, le foto prima e dopo\",\"isPartOf\":{\"@id\":\"https:\/\/zavitushki.com\/it\/#website\"},\"datePublished\":\"2024-09-10T09:41:52+00:00\",\"author\":{\"@id\":\"https:\/\/zavitushki.com\/it\/#\/schema\/person\/f071ca6bf1ecefb05a884cd6f22d6570\"},\"description\":\"Scoprite il viaggio di crescita dei capelli dal biondo al colore naturale nell&apos;arco di tre anni. Scoprite come evitare gli errori nella cura dei capelli con i vostri consigli personali e vedete la trasformazione attraverso foto dettagliate.\",\"breadcrumb\":{\"@id\":\"https:\/\/zavitushki.com\/it\/where-to-start-growing-hair-from-blonde-to-natural\/#breadcrumb\"},\"inLanguage\":\"it-IT\",\"potentialAction\":[{\"@type\":\"ReadAction\",\"target\":[\"https:\/\/zavitushki.com\/it\/where-to-start-growing-hair-from-blonde-to-natural\/\"]}]},{\"@type\":\"BreadcrumbList\",\"@id\":\"https:\/\/zavitushki.com\/it\/where-to-start-growing-hair-from-blonde-to-natural\/#breadcrumb\",\"itemListElement\":[{\"@type\":\"ListItem\",\"position\":1,\"name\":\"Casa\",\"item\":\"https:\/\/zavitushki.com\/it\/\"},{\"@type\":\"ListItem\",\"position\":2,\"name\":\"Dove iniziare a far crescere i capelli? Dal biondo al colore naturale. La storia dei miei capelli: come sono cambiati in tre anni, a cosa sono arrivata? Come evitare gli errori nella cura dei capelli? Tante foto\"}]},{\"@type\":\"WebSite\",\"@id\":\"https:\/\/zavitushki.com\/it\/#website\",\"url\":\"https:\/\/zavitushki.com\/it\/\",\"name\":\"Zavitushki.com\",\"description\":\"Rivista online femminile\",\"potentialAction\":[{\"@type\":\"SearchAction\",\"target\":{\"@type\":\"EntryPoint\",\"urlTemplate\":\"https:\/\/zavitushki.com\/it\/?s={search_term_string}\"},\"query-input\":{\"@type\":\"PropertyValueSpecification\",\"valueRequired\":true,\"valueName\":\"search_term_string\"}}],\"inLanguage\":\"it-IT\"},{\"@type\":\"Person\",\"@id\":\"https:\/\/zavitushki.com\/it\/#\/schema\/person\/f071ca6bf1ecefb05a884cd6f22d6570\",\"name\":\"Olga Smirnova\",\"image\":{\"@type\":\"ImageObject\",\"inLanguage\":\"it-IT\",\"@id\":\"https:\/\/zavitushki.com\/it\/#\/schema\/person\/image\/\",\"url\":\"https:\/\/secure.gravatar.com\/avatar\/2c595e5e6f609af22a2b453e3538189ca368fbf95d37dcc1a4f310beff476300?s=96&d=mm&r=g\",\"contentUrl\":\"https:\/\/secure.gravatar.com\/avatar\/2c595e5e6f609af22a2b453e3538189ca368fbf95d37dcc1a4f310beff476300?s=96&d=mm&r=g\",\"caption\":\"Olga Smirnova\"},\"description\":\"Esperta nella cura dei capelli. Studio i pi\u00f9 recenti sviluppi e metodi di restauro dei capelli. Condivido le conoscenze su come mantenere la salute e la bellezza dei capelli, utilizzando solo prodotti efficaci e di provata efficacia.\",\"url\":\"https:\/\/zavitushki.com\/it\/author\/author-publications-it_4\/\"}]}<\/script>\n<!-- \/ Yoast SEO plugin. -->","yoast_head_json":{"title":"Da dove iniziare a far crescere i capelli: la mia storia dal biondo al colore naturale, gli errori, le foto prima e dopo","description":"Scoprite il viaggio di crescita dei capelli dal biondo al colore naturale nell&apos;arco di tre anni. Scoprite come evitare gli errori nella cura dei capelli con i vostri consigli personali e vedete la trasformazione attraverso foto dettagliate.","robots":{"index":"index","follow":"follow","max-snippet":"max-snippet:-1","max-image-preview":"max-image-preview:large","max-video-preview":"max-video-preview:-1"},"canonical":"https:\/\/zavitushki.com\/it\/where-to-start-growing-hair-from-blonde-to-natural\/","og_locale":"it_IT","og_type":"article","og_title":"Da dove iniziare a far crescere i capelli: la mia storia dal biondo al colore naturale, gli errori, le foto prima e dopo","og_description":"Scoprite il viaggio di crescita dei capelli dal biondo al colore naturale nell&apos;arco di tre anni. Scoprite come evitare gli errori nella cura dei capelli con i vostri consigli personali e vedete la trasformazione attraverso foto dettagliate.","og_url":"https:\/\/zavitushki.com\/it\/where-to-start-growing-hair-from-blonde-to-natural\/","og_site_name":"Zavitushki.com","article_published_time":"2024-09-10T09:41:52+00:00","author":"Olga Smirnova","twitter_card":"summary_large_image","twitter_misc":{"Scritto da":"Olga Smirnova","Tempo di lettura stimato":"18 minuti"},"schema":{"@context":"https:\/\/schema.org","@graph":[{"@type":"Article","@id":"https:\/\/zavitushki.com\/it\/where-to-start-growing-hair-from-blonde-to-natural\/#article","isPartOf":{"@id":"https:\/\/zavitushki.com\/it\/where-to-start-growing-hair-from-blonde-to-natural\/"},"author":{"name":"Olga Smirnova","@id":"https:\/\/zavitushki.com\/it\/#\/schema\/person\/f071ca6bf1ecefb05a884cd6f22d6570"},"headline":"Dove iniziare a far crescere i capelli? Dal biondo al colore naturale. La storia dei miei capelli: come sono cambiati in tre anni, a cosa sono arrivata? Come evitare gli errori nella cura dei capelli? Tante foto","datePublished":"2024-09-10T09:41:52+00:00","mainEntityOfPage":{"@id":"https:\/\/zavitushki.com\/it\/where-to-start-growing-hair-from-blonde-to-natural\/"},"wordCount":3659,"commentCount":0,"articleSection":["I capelli"],"inLanguage":"it-IT","potentialAction":[{"@type":"CommentAction","name":"Comment","target":["https:\/\/zavitushki.com\/it\/where-to-start-growing-hair-from-blonde-to-natural\/#respond"]}]},{"@type":"WebPage","@id":"https:\/\/zavitushki.com\/it\/where-to-start-growing-hair-from-blonde-to-natural\/","url":"https:\/\/zavitushki.com\/it\/where-to-start-growing-hair-from-blonde-to-natural\/","name":"Da dove iniziare a far crescere i capelli: la mia storia dal biondo al colore naturale, gli errori, le foto prima e dopo","isPartOf":{"@id":"https:\/\/zavitushki.com\/it\/#website"},"datePublished":"2024-09-10T09:41:52+00:00","author":{"@id":"https:\/\/zavitushki.com\/it\/#\/schema\/person\/f071ca6bf1ecefb05a884cd6f22d6570"},"description":"Scoprite il viaggio di crescita dei capelli dal biondo al colore naturale nell&apos;arco di tre anni. Scoprite come evitare gli errori nella cura dei capelli con i vostri consigli personali e vedete la trasformazione attraverso foto dettagliate.","breadcrumb":{"@id":"https:\/\/zavitushki.com\/it\/where-to-start-growing-hair-from-blonde-to-natural\/#breadcrumb"},"inLanguage":"it-IT","potentialAction":[{"@type":"ReadAction","target":["https:\/\/zavitushki.com\/it\/where-to-start-growing-hair-from-blonde-to-natural\/"]}]},{"@type":"BreadcrumbList","@id":"https:\/\/zavitushki.com\/it\/where-to-start-growing-hair-from-blonde-to-natural\/#breadcrumb","itemListElement":[{"@type":"ListItem","position":1,"name":"Casa","item":"https:\/\/zavitushki.com\/it\/"},{"@type":"ListItem","position":2,"name":"Dove iniziare a far crescere i capelli? Dal biondo al colore naturale. La storia dei miei capelli: come sono cambiati in tre anni, a cosa sono arrivata? Come evitare gli errori nella cura dei capelli? Tante foto"}]},{"@type":"WebSite","@id":"https:\/\/zavitushki.com\/it\/#website","url":"https:\/\/zavitushki.com\/it\/","name":"Zavitushki.com","description":"Rivista online femminile","potentialAction":[{"@type":"SearchAction","target":{"@type":"EntryPoint","urlTemplate":"https:\/\/zavitushki.com\/it\/?s={search_term_string}"},"query-input":{"@type":"PropertyValueSpecification","valueRequired":true,"valueName":"search_term_string"}}],"inLanguage":"it-IT"},{"@type":"Person","@id":"https:\/\/zavitushki.com\/it\/#\/schema\/person\/f071ca6bf1ecefb05a884cd6f22d6570","name":"Olga Smirnova","image":{"@type":"ImageObject","inLanguage":"it-IT","@id":"https:\/\/zavitushki.com\/it\/#\/schema\/person\/image\/","url":"https:\/\/secure.gravatar.com\/avatar\/2c595e5e6f609af22a2b453e3538189ca368fbf95d37dcc1a4f310beff476300?s=96&d=mm&r=g","contentUrl":"https:\/\/secure.gravatar.com\/avatar\/2c595e5e6f609af22a2b453e3538189ca368fbf95d37dcc1a4f310beff476300?s=96&d=mm&r=g","caption":"Olga Smirnova"},"description":"Esperta nella cura dei capelli. Studio i pi\u00f9 recenti sviluppi e metodi di restauro dei capelli. Condivido le conoscenze su come mantenere la salute e la bellezza dei capelli, utilizzando solo prodotti efficaci e di provata efficacia.","url":"https:\/\/zavitushki.com\/it\/author\/author-publications-it_4\/"}]}},"_links":{"self":[{"href":"https:\/\/zavitushki.com\/it\/wp-json\/wp\/v2\/posts\/5926","targetHints":{"allow":["GET"]}}],"collection":[{"href":"https:\/\/zavitushki.com\/it\/wp-json\/wp\/v2\/posts"}],"about":[{"href":"https:\/\/zavitushki.com\/it\/wp-json\/wp\/v2\/types\/post"}],"author":[{"embeddable":true,"href":"https:\/\/zavitushki.com\/it\/wp-json\/wp\/v2\/users\/47"}],"replies":[{"embeddable":true,"href":"https:\/\/zavitushki.com\/it\/wp-json\/wp\/v2\/comments?post=5926"}],"version-history":[{"count":0,"href":"https:\/\/zavitushki.com\/it\/wp-json\/wp\/v2\/posts\/5926\/revisions"}],"wp:attachment":[{"href":"https:\/\/zavitushki.com\/it\/wp-json\/wp\/v2\/media?parent=5926"}],"wp:term":[{"taxonomy":"category","embeddable":true,"href":"https:\/\/zavitushki.com\/it\/wp-json\/wp\/v2\/categories?post=5926"},{"taxonomy":"post_tag","embeddable":true,"href":"https:\/\/zavitushki.com\/it\/wp-json\/wp\/v2\/tags?post=5926"}],"curies":[{"name":"wp","href":"https:\/\/api.w.org\/{rel}","templated":true}]}}