{"id":85,"date":"2026-01-28T15:33:34","date_gmt":"2026-01-28T12:33:34","guid":{"rendered":"https:\/\/zavitushki.com\/fr\/semaine-de-la-mode-a-new-york-quelles-sont-les-2\/"},"modified":"2026-01-28T15:33:34","modified_gmt":"2026-01-28T12:33:34","slug":"semaine-de-la-mode-a-new-york-quelles-sont-les-2","status":"publish","type":"post","link":"https:\/\/zavitushki.com\/fr\/semaine-de-la-mode-a-new-york-quelles-sont-les-2\/","title":{"rendered":"Semaine de la mode \u00e0 New York : quelles sont les tendances pour le printemps-\u00e9t\u00e9 2026 ?"},"content":{"rendered":"\n<p>La Fashion Week de New York marque toujours le d\u00e9but \u00e9clatant de la saison. Apr\u00e8s une longue s\u00e9rie de d\u00e9fil\u00e9s virtuels et de restrictions, les collections printemps-\u00e9t\u00e9 2022 ont fait leur retour sur les podiums avec une \u00e9nergie particuli\u00e8re. Les cr\u00e9ateurs semblent enfin avoir repris leur souffle et propos\u00e9 une mode non pas pour le confinement, mais pour une nouvelle vie tant attendue.<\/p>\n<p>La principale impression qui se d\u00e9gage des collections est une incroyable l\u00e9g\u00e8ret\u00e9 et une grande joie. Cela se manifeste dans les tissus clairs et a\u00e9riens, les silhouettes amples et les couleurs vives et \u00e9clatantes. La mode semble nous inviter \u00e0 nous d\u00e9barrasser du poids des derni\u00e8res ann\u00e9es et \u00e0 aller \u00e0 la rencontre du soleil dans des v\u00eatements vraiment confortables et beaux.<\/p>\n<p>Voyons quelles tendances ont donn\u00e9 le ton pour la saison estivale \u00e0 venir. Des combinaisons audacieuses de textures au retour des classiques avec une nouvelle touche, voici ce qu&apos;il faut retenir.<\/p>\n<h2>En gros : les tendances NYFW SS-2025<\/h2>\n<p>Il est bien s\u00fbr trop t\u00f4t pour parler de toutes les tendances, car il reste encore trois grandes semaines de la mode en septembre, qui auront \u00e9galement une influence sur le style du printemps et de l&apos;\u00e9t\u00e9 2022. Mais rien ne nous emp\u00eache de jeter un \u0153il aux tendances qui se dessinent d\u00e9j\u00e0.<\/p>\n<p>     <img class=\"aligncenter\" \/><\/p>\n<p>@imgfocus<\/p>\n<p>Tout d&apos;abord, il s&apos;agit sans aucun doute de la couleur de l&apos;ann\u00e9e prochaine, le bleu, qui a d\u00e9j\u00e0 \u00e9t\u00e9 int\u00e9gr\u00e9 \u00e0 la palette tendance de la saison prochaine par l&apos;institut Pantone, et ce non pas dans une seule nuance, mais dans plusieurs :<\/p>\n<ul>\n<li>Bleu fonc\u00e9 ;<\/li>\n<li>Bleu pastel ;<\/li>\n<li>La teinte d&apos;un lac recouvert de glace ;<\/li>\n<li>La couleur de la vague marine.<\/li>\n<\/ul>\n<p>     <img class=\"aligncenter\" \/><\/p>\n<p>@sergiohudson<\/p>\n<p>Outre le bleu, la liste des couleurs tendance comprend le rose poudr\u00e9, le jaune, le rouge et le framboise. La palette de base universelle, compos\u00e9e de beige, blanc, gris p\u00e2le et autres, reste inchang\u00e9e pour le printemps prochain.<\/p>\n<p>Les maisons de couture et les marques ont montr\u00e9 que les v\u00eatements aux coupes non standard, avec des manches volumineuses et asym\u00e9triques, restent d&apos;actualit\u00e9 pour la nouvelle saison. La tendance aux mod\u00e8les courts de vestes et de tops se maintient. Les robes mini font leur apparition, m\u00eame si, il faut le dire, les robes midi et maxi \u00e9taient tout aussi pr\u00e9sentes sur les podiums.<\/p>\n<p>     <img class=\"aligncenter\" \/><\/p>\n<p>@fashionweek<\/p>\n<p>     <img class=\"aligncenter\" \/><\/p>\n<p>@fashionweek<\/p>\n<p>     <img class=\"aligncenter\" \/><\/p>\n<p>@fashionweek<\/p>\n<p>La Fashion Week de New York a accueilli de nombreuses c\u00e9l\u00e9brit\u00e9s, parmi lesquelles Alicia Silverstone, Katie Holmes, Ciara, Camila Mendes et bien d&apos;autres. Toutes ont pr\u00e9sent\u00e9 des tenues de cr\u00e9ateurs renomm\u00e9s, attirant clairement l&apos;attention des journalistes.<\/p>\n<p>     <img class=\"aligncenter\" \/><\/p>\n<p>@aliciasilverstone<\/p>\n<p>     <img class=\"aligncenter\" \/><\/p>\n<p>@ciara<\/p>\n<p>     <img class=\"aligncenter\" \/><\/p>\n<p>@camimendes<\/p>\n<h2>Christian Siriano et les tenues inclusives<\/h2>\n<p>Le cr\u00e9ateur am\u00e9ricain Christian Siriano a \u00e9t\u00e9 le premier \u00e0 pr\u00e9senter sa nouvelle collection. Comme il l&apos;avait promis, sa mode sera accessible \u00e0 tous, quelle que soit la silhouette, c&apos;est pourquoi le d\u00e9fil\u00e9 a \u00e9t\u00e9 ouvert par le mannequin grande taille Precious Lee. La jeune femme a pr\u00e9sent\u00e9 une robe romantique mais \u00e9clatante, avec une jupe volumineuse.<\/p>\n<p>     <img class=\"aligncenter\" \/><\/p>\n<p>@csiriano<\/p>\n<p>Tous les mod\u00e8les suivants ont s\u00e9duit par leurs couleurs vives et leurs coupes audacieuses. Pour sa collection, Siriano a choisi trois couleurs principales : vert herbe, orange et beige, ainsi que le noir, intemporel.<\/p>\n<p>     <img class=\"aligncenter\" \/><\/p>\n<p>@csiriano<\/p>\n<p><strong>Les principales caract\u00e9ristiques de la collection Christian Siriano SS2022 :<\/strong><\/p>\n<ul>\n<li>Manches volumineuses ;<\/li>\n<\/ul>\n<p>    <img class=\"aligncenter\" \/><\/p>\n<ul>\n<li>Des jupes volumineuses ;<\/li>\n<\/ul>\n<p>     <img class=\"aligncenter\" \/><\/p>\n<p>@csiriano<\/p>\n<ul>\n<li>Des d\u00e9coupes inhabituelles ;<\/li>\n<\/ul>\n<p>    <img class=\"aligncenter\" \/><\/p>\n<ul>\n<li>Asym\u00e9trie.<\/li>\n<\/ul>\n<p>    <img class=\"aligncenter\" \/><\/p>\n<h2>Collection Bronx And Banco<\/h2>\n<p>Pr\u00e9sent\u00e9e le deuxi\u00e8me jour de la Fashion Week, la collection de la marque Bronx And Banco est impr\u00e9gn\u00e9e de motifs insulaires, tout en conservant la f\u00e9minit\u00e9 de la silhouette. Les mod\u00e8les sexy, un peu sauvages, agr\u00e9ment\u00e9s de cordes, de coquillages et d&apos;autres accessoires originaux, refl\u00e8tent une assurance teint\u00e9e d&apos;un charme naturel.<\/p>\n<p>     <img class=\"aligncenter\" \/><\/p>\n<p>@nyfw<\/p>\n<p>Bien que les collections de Siriano et Bronx And Banco soient diam\u00e9tralement oppos\u00e9es, elles pr\u00e9sentent n\u00e9anmoins des points communs qui semblent annoncer la tendance du printemps-\u00e9t\u00e9 2022. Ainsi, la marque a pr\u00e9sent\u00e9 plusieurs mod\u00e8les de robes aux couleurs vives avec des d\u00e9coupes inhabituelles, ainsi que des v\u00eatements asym\u00e9triques.<\/p>\n<p>     <img class=\"aligncenter\" \/><\/p>\n<p>@bronxandbanco<\/p>\n<p>     <img class=\"aligncenter\" \/><\/p>\n<p>@bronxandbanco<\/p>\n<p>La palette de couleurs choisie pour les v\u00eatements est neutre, proche de la nature : blanc, marron, bleu, gris et brique.<\/p>\n<p>    <img class=\"aligncenter\" \/> <img class=\"aligncenter\" \/><\/p>\n<h2>Moschino enfantin<\/h2>\n<p>Si vous avez regard\u00e9 la s\u00e9rie t\u00e9l\u00e9vis\u00e9e &laquo; Nanny &raquo; \u00e0 la fin des ann\u00e9es 90, vous verrez certainement dans la nouvelle collection Moschino une similitude avec le style de l&apos;h\u00e9ro\u00efne principale. Cette tendance vestimentaire est appel\u00e9e &laquo; mode na\u00efve &raquo; &#8211; c&apos;est quelque chose entre le style romantique et les v\u00eatements pour enfants.<\/p>\n<p>     <img class=\"aligncenter\" \/><\/p>\n<p>@moschino<\/p>\n<p>Des tons pastel, des imprim\u00e9s et des broderies amusants, voire enfantins, et une gentillesse d\u00e9bordante : tout cela a trouv\u00e9 sa place dans les v\u00eatements Moschino.<\/p>\n<p>     <img class=\"aligncenter\" \/><\/p>\n<p>@moschino<\/p>\n<p>     <img class=\"aligncenter\" \/><\/p>\n<p>@marcus_mam<\/p>\n<p>     <img class=\"aligncenter\" \/><\/p>\n<p>@jeremyscott<\/p>\n<p>     <img class=\"aligncenter\" \/><\/p>\n<p>@jeremyscott<\/p>\n<p>     <img class=\"aligncenter\" \/><\/p>\n<p>@fashionweek<\/p>\n<p>Mais ce n&apos;est pas son audace qui a fait le plus parler, mais l&apos;invitation du mannequin Aaron Philip, une fille atteinte de paralysie c\u00e9r\u00e9brale. Certains ont critiqu\u00e9 le choix de la marque et ont d\u00e9clar\u00e9 que c&apos;\u00e9tait le d\u00e9clin du monde de la mode, mais Moschino et Aaron sont convaincus que c&apos;est le premier pas vers un monde o\u00f9 chacun peut faire ce qu&apos;il aime.<\/p>\n<p>     <img class=\"aligncenter\" \/><\/p>\n<p>@aaron___philip<\/p>\n<blockquote><p>Lors de la Fashion Week de New York en 2022, les cr\u00e9ateurs ont mis\u00e9 sur la l\u00e9g\u00e8ret\u00e9, la couleur et la libert\u00e9 : des teintes vives, des tissus a\u00e9riens, des silhouettes minimalistes et beaucoup de cuir, tant au sens figur\u00e9 qu&apos;au sens propre. Les principales tendances du printemps-\u00e9t\u00e9 sont les d\u00e9collet\u00e9s audacieux, les \u00e9paules d\u00e9nud\u00e9es, les robes chasubles par-dessus les tops et les maillots de bain, ainsi que le retour des ann\u00e9es 90 dans un style &laquo; r\u00e9tro, mais actuel &raquo;. Les cr\u00e9ateurs proposent des v\u00eatements dans lesquels on a envie de bouger, de bronzer et de se sentir soi-m\u00eame, sans exc\u00e8s ni r\u00e8gles strictes.<\/p><\/blockquote>\n<h2>MONSE hallucinog\u00e8ne<\/h2>\n<p>Les gens se rendent dans les mus\u00e9es et les galeries avec des attentes plus ou moins pr\u00e9cises quant \u00e0 ce qu&apos;ils vont voir. Mais personnellement, j&apos;aime quand l&apos;art surgit spontan\u00e9ment, l\u00e0 o\u00f9 on ne l&apos;attend pas, car dans ce cas, la r\u00e9action qu&apos;il suscite est tout \u00e0 fait diff\u00e9rente. Gr\u00e2ce au fait que NUR utilise diff\u00e9rents espaces urbains, nous &laquo; captons &raquo; diff\u00e9rents publics. Il s&apos;agit \u00e0 la fois de ceux qui n&apos;avaient pas pr\u00e9vu de rencontrer l&apos;art et de ceux qui l&apos;avaient vaguement pr\u00e9vu, mais qui ne comprennent toujours pas tout \u00e0 fait le format de cette rencontre.<\/p>\n<p>     <img class=\"aligncenter\" \/><\/p>\n<p>@monsemaison<\/p>\n<p>     <img class=\"aligncenter\" \/><\/p>\n<p>@monsemaison<\/p>\n<p>     <img class=\"aligncenter\" \/><\/p>\n<p>@monsemaison<\/p>\n<p>Outre les tops et les vestes aux couleurs vives, on trouve \u00e9galement des mod\u00e8les plus basiques, comme cette robe droite en maille d&apos;un vert apaisant, dot\u00e9e d&apos;un d\u00e9collet\u00e9 fantaisie.<\/p>\n<p>     <img class=\"aligncenter\" \/><\/p>\n<p>good Riddance,<\/p>\n<p>Cette robe bleu vif, tout en sobri\u00e9t\u00e9, a certes une touche d&apos;avant-garde, mais ne crie pas son extravagance.<\/p>\n<p>     <img class=\"aligncenter\" \/><\/p>\n<p>ont d\u00e9j\u00e0 pris les premi\u00e8res places dans tous les classements mondiaux. Qu&apos;est-ce que l&apos;enn\u00e9agramme de la personnalit\u00e9 ? Photo : @astronomybasics<\/p>\n<p>Monse continue de promouvoir la mode des d\u00e9coupes inhabituelles : \u00e9paules nues sur un sweat-shirt, zone asym\u00e9trique au niveau des \u00e9paules sur un pull long, robe inhabituelle avec effet bol\u00e9ro&#8230; Tout cela a sa place dans la mode printemps-\u00e9t\u00e9 de la nouvelle saison.<\/p>\n<p>     <img class=\"aligncenter\" \/><\/p>\n<p>@monsemaison<\/p>\n<p>     <img class=\"aligncenter\" \/><\/p>\n<p>type 2 : assistante<\/p>\n<p>     <img class=\"aligncenter\" \/><\/p>\n<p>@monsemaison<\/p>\n<p>Gracie Abrams<\/p>\n<p>     <img class=\"aligncenter\" \/><\/p>\n<p>@fashionweek<\/p>\n<p><iframe loading=\"lazy\" width=\"560\" height=\"315\" src=\"https:\/\/www.youtube.com\/embed\/DZKg1VZLwAs\" frameborder=\"0\" allow=\"autoplay; encrypted-media\" allowfullscreen><\/iframe><\/p>\n<h2>Michael Kors remet les classiques au go\u00fbt du jour<\/h2>\n<p>Michael Kors s&apos;est toujours distingu\u00e9 par son amour des spectacles, et cette ann\u00e9e n&apos;a pas fait exception. Non seulement un lieu tr\u00e8s pittoresque a \u00e9t\u00e9 choisi pour le d\u00e9fil\u00e9, \u00e0 savoir Central Park \u00e0 New York, mais des mannequins vedettes telles qu&apos;Irina Shayk, Gigi Hadid, Kendall Jenner et Paloma Elsesser ont \u00e9galement \u00e9t\u00e9 invit\u00e9es pour pr\u00e9senter les v\u00eatements.<\/p>\n<p>     <img class=\"aligncenter\" \/><\/p>\n<p>@michaelkors<\/p>\n<p>Avec un tel casting de mannequins, le d\u00e9fil\u00e9 \u00e9tait vou\u00e9 au succ\u00e8s, mais ce ne sont finalement pas les visages c\u00e9l\u00e8bres sur le podium qui ont impressionn\u00e9, mais la collection pr\u00e9sent\u00e9e au public. Cette fois-ci, Michael Kors a mis l&apos;accent sur une agr\u00e9able palette noir et blanc \u2013 seuls deux mannequins ont d\u00e9pass\u00e9 les limites de cette gamme.<\/p>\n<p>     <img class=\"aligncenter\" \/><\/p>\n<p>@michaelkors<\/p>\n<p>     <img class=\"aligncenter\" \/><\/p>\n<p>@michaelkors<\/p>\n<p>Nous avons \u00e9galement remarqu\u00e9 les coupes, toutes assez classiques. Des jupes crayon orn\u00e9es de dentelle, qui n&apos;avait plus \u00e9t\u00e9 utilis\u00e9e en telle quantit\u00e9 depuis environ 7 ans, des robes \u00e0 jupe ample dans l&apos;esprit Christian Dior, des vestes classiques.<\/p>\n<p>     <img class=\"aligncenter\" \/><\/p>\n<p>@michaelkors<\/p>\n<p>Et malgr\u00e9 quelques robes parsem\u00e9es de paillettes et plusieurs shorts ultra-courts, la collection dans son ensemble est associ\u00e9e au classicisme, au minimalisme et m\u00eame au conservatisme.<\/p>\n<p>    <img class=\"aligncenter\" \/> <img class=\"aligncenter\" \/><\/p>\n<p>La Fashion Week de New York a montr\u00e9 que la saison \u00e0 venir sera plac\u00e9e sous le signe de la personnalit\u00e9 et de l&apos;audace. Les cr\u00e9ateurs ne proposent pas une uniformit\u00e9, mais un ensemble de codes expressifs \u00e0 partir desquels chacun peut cr\u00e9er son propre look. L&apos;exp\u00e9rimentation et le plaisir de s&apos;exprimer deviennent la r\u00e8gle d&apos;or.<\/p>\n<p>Les tendances sont marqu\u00e9es par une agr\u00e9able dualit\u00e9 : le luxe et le confort ne s&apos;opposent plus. Nous avons vu des costumes \u00e9l\u00e9gants aux coupes souples, des robes fluides associ\u00e9es \u00e0 des bottes pratiques et robustes, ainsi que des pulls volumineux et confortables. La mode devient plus inclusive et tient compte de la vie r\u00e9elle.<\/p>\n<p>La palette de couleurs du printemps-\u00e9t\u00e9 2022 est une pure bouff\u00e9e d&apos;optimisme. Les teintes vives et ensoleill\u00e9es dominent : orange, jaune citron, rose tendre et bleu intense. Ces couleurs peuvent \u00eatre port\u00e9es de mani\u00e8re totale ou utilis\u00e9es comme accents dans une tenue basique pour la raviver instantan\u00e9ment.<\/p>\n<p>On peut r\u00e9sumer ainsi les conclusions des d\u00e9fil\u00e9s \u00e0 New York : l&apos;avenir appartient \u00e0 une mode consciente, qui donne confiance et bonne humeur. Osez associer l&apos;inassimilable, jouez avec les textures et les couleurs, privil\u00e9giez les silhouettes confortables. La tendance principale, c&apos;est vous-m\u00eame, qui vous sentez libre et \u00e9l\u00e9gant en toute situation.<\/p>\n","protected":false},"excerpt":{"rendered":"<p>La Fashion Week de New York marque toujours le d\u00e9but \u00e9clatant de la saison. Apr\u00e8s une longue s\u00e9rie de d\u00e9fil\u00e9s virtuels et de restrictions, les collections printemps-\u00e9t\u00e9 2022 ont fait leur retour sur les podiums avec une \u00e9nergie particuli\u00e8re. Les cr\u00e9ateurs semblent enfin avoir repris leur souffle et propos\u00e9 une mode non pas pour le [&hellip;]<\/p>\n","protected":false},"author":50,"featured_media":0,"comment_status":"open","ping_status":"open","sticky":false,"template":"","format":"standard","meta":{"footnotes":""},"categories":[24],"tags":[],"class_list":["post-85","post","type-post","status-publish","format-standard","","category-moda-i-stil"],"yoast_head":"<!-- This site is optimized with the Yoast SEO plugin v26.7 - https:\/\/yoast.com\/wordpress\/plugins\/seo\/ -->\n<title>Semaine de la mode \u00e0 New York - tendances printemps-\u00e9t\u00e9 2026<\/title>\n<meta name=\"description\" content=\"D\u00e9couvrez les principales tendances mode du printemps-\u00e9t\u00e9 2026 \u00e0 l&amp;apos;issue de la Fashion Week de New York ! Imprim\u00e9s vifs, silhouettes amples, style \u00e9cologique et couleurs audacieuses : d\u00e9couvrez les tendances de cette saison et laissez-vous inspirer par les looks des podiums. Les derni\u00e8res tendances des grands cr\u00e9ateurs : soyez les premiers \u00e0 les d\u00e9couvrir !\" \/>\n<meta name=\"robots\" content=\"index, follow, max-snippet:-1, max-image-preview:large, max-video-preview:-1\" \/>\n<link rel=\"canonical\" href=\"https:\/\/zavitushki.com\/fr\/semaine-de-la-mode-a-new-york-quelles-sont-les-2\/\" \/>\n<meta property=\"og:locale\" content=\"fr_FR\" \/>\n<meta property=\"og:type\" content=\"article\" \/>\n<meta property=\"og:title\" content=\"Semaine de la mode \u00e0 New York - tendances printemps-\u00e9t\u00e9 2026\" \/>\n<meta property=\"og:description\" content=\"D\u00e9couvrez les principales tendances mode du printemps-\u00e9t\u00e9 2026 \u00e0 l&amp;apos;issue de la Fashion Week de New York ! Imprim\u00e9s vifs, silhouettes amples, style \u00e9cologique et couleurs audacieuses : d\u00e9couvrez les tendances de cette saison et laissez-vous inspirer par les looks des podiums. Les derni\u00e8res tendances des grands cr\u00e9ateurs : soyez les premiers \u00e0 les d\u00e9couvrir !\" \/>\n<meta property=\"og:url\" content=\"https:\/\/zavitushki.com\/fr\/semaine-de-la-mode-a-new-york-quelles-sont-les-2\/\" \/>\n<meta property=\"og:site_name\" content=\"Zavitushki.com\" \/>\n<meta property=\"article:published_time\" content=\"2026-01-28T12:33:34+00:00\" \/>\n<meta name=\"author\" content=\"Alexey Ivanov\" \/>\n<meta name=\"twitter:card\" content=\"summary_large_image\" \/>\n<meta name=\"twitter:label1\" content=\"\u00c9crit par\" \/>\n\t<meta name=\"twitter:data1\" content=\"Alexey Ivanov\" \/>\n\t<meta name=\"twitter:label2\" content=\"Dur\u00e9e de lecture estim\u00e9e\" \/>\n\t<meta name=\"twitter:data2\" content=\"9 minutes\" \/>\n<script type=\"application\/ld+json\" class=\"yoast-schema-graph\">{\"@context\":\"https:\/\/schema.org\",\"@graph\":[{\"@type\":\"Article\",\"@id\":\"https:\/\/zavitushki.com\/fr\/semaine-de-la-mode-a-new-york-quelles-sont-les-2\/#article\",\"isPartOf\":{\"@id\":\"https:\/\/zavitushki.com\/fr\/semaine-de-la-mode-a-new-york-quelles-sont-les-2\/\"},\"author\":{\"name\":\"Alexey Ivanov\",\"@id\":\"https:\/\/zavitushki.com\/fr\/#\/schema\/person\/6522b9794a79a037bb9f8bc6e76d3876\"},\"headline\":\"Semaine de la mode \u00e0 New York : quelles sont les tendances pour le printemps-\u00e9t\u00e9 2026 ?\",\"datePublished\":\"2026-01-28T12:33:34+00:00\",\"mainEntityOfPage\":{\"@id\":\"https:\/\/zavitushki.com\/fr\/semaine-de-la-mode-a-new-york-quelles-sont-les-2\/\"},\"wordCount\":1800,\"commentCount\":0,\"articleSection\":[\"Mode et style\"],\"inLanguage\":\"fr-FR\",\"potentialAction\":[{\"@type\":\"CommentAction\",\"name\":\"Comment\",\"target\":[\"https:\/\/zavitushki.com\/fr\/semaine-de-la-mode-a-new-york-quelles-sont-les-2\/#respond\"]}]},{\"@type\":\"WebPage\",\"@id\":\"https:\/\/zavitushki.com\/fr\/semaine-de-la-mode-a-new-york-quelles-sont-les-2\/\",\"url\":\"https:\/\/zavitushki.com\/fr\/semaine-de-la-mode-a-new-york-quelles-sont-les-2\/\",\"name\":\"Semaine de la mode \u00e0 New York - tendances printemps-\u00e9t\u00e9 2026\",\"isPartOf\":{\"@id\":\"https:\/\/zavitushki.com\/fr\/#website\"},\"datePublished\":\"2026-01-28T12:33:34+00:00\",\"author\":{\"@id\":\"https:\/\/zavitushki.com\/fr\/#\/schema\/person\/6522b9794a79a037bb9f8bc6e76d3876\"},\"description\":\"D\u00e9couvrez les principales tendances mode du printemps-\u00e9t\u00e9 2026 \u00e0 l&apos;issue de la Fashion Week de New York ! Imprim\u00e9s vifs, silhouettes amples, style \u00e9cologique et couleurs audacieuses : d\u00e9couvrez les tendances de cette saison et laissez-vous inspirer par les looks des podiums. Les derni\u00e8res tendances des grands cr\u00e9ateurs : soyez les premiers \u00e0 les d\u00e9couvrir !\",\"breadcrumb\":{\"@id\":\"https:\/\/zavitushki.com\/fr\/semaine-de-la-mode-a-new-york-quelles-sont-les-2\/#breadcrumb\"},\"inLanguage\":\"fr-FR\",\"potentialAction\":[{\"@type\":\"ReadAction\",\"target\":[\"https:\/\/zavitushki.com\/fr\/semaine-de-la-mode-a-new-york-quelles-sont-les-2\/\"]}]},{\"@type\":\"BreadcrumbList\",\"@id\":\"https:\/\/zavitushki.com\/fr\/semaine-de-la-mode-a-new-york-quelles-sont-les-2\/#breadcrumb\",\"itemListElement\":[{\"@type\":\"ListItem\",\"position\":1,\"name\":\"Maison\",\"item\":\"https:\/\/zavitushki.com\/fr\/\"},{\"@type\":\"ListItem\",\"position\":2,\"name\":\"Semaine de la mode \u00e0 New York : quelles sont les tendances pour le printemps-\u00e9t\u00e9 2026 ?\"}]},{\"@type\":\"WebSite\",\"@id\":\"https:\/\/zavitushki.com\/fr\/#website\",\"url\":\"https:\/\/zavitushki.com\/fr\/\",\"name\":\"Zavitushki.com\",\"description\":\"Magazine en ligne f\u00e9minin\",\"potentialAction\":[{\"@type\":\"SearchAction\",\"target\":{\"@type\":\"EntryPoint\",\"urlTemplate\":\"https:\/\/zavitushki.com\/fr\/?s={search_term_string}\"},\"query-input\":{\"@type\":\"PropertyValueSpecification\",\"valueRequired\":true,\"valueName\":\"search_term_string\"}}],\"inLanguage\":\"fr-FR\"},{\"@type\":\"Person\",\"@id\":\"https:\/\/zavitushki.com\/fr\/#\/schema\/person\/6522b9794a79a037bb9f8bc6e76d3876\",\"name\":\"Alexey Ivanov\",\"image\":{\"@type\":\"ImageObject\",\"inLanguage\":\"fr-FR\",\"@id\":\"https:\/\/zavitushki.com\/fr\/#\/schema\/person\/image\/\",\"url\":\"https:\/\/secure.gravatar.com\/avatar\/4bc7450c34c1431ce6fcd3935bbec738a9c9045cce0409469b2839c280a29136?s=96&d=mm&r=g\",\"contentUrl\":\"https:\/\/secure.gravatar.com\/avatar\/4bc7450c34c1431ce6fcd3935bbec738a9c9045cce0409469b2839c280a29136?s=96&d=mm&r=g\",\"caption\":\"Alexey Ivanov\"},\"description\":\"Styliste avec plus de dix ans d'exp\u00e9rience. Je me sp\u00e9cialise dans les coupes de cheveux pour hommes et femmes, en cr\u00e9ant des images qui mettent en valeur l'individualit\u00e9. Je suis s\u00fbre que chacun peut trouver sa coiffure id\u00e9ale qui mettra en valeur sa beaut\u00e9 int\u00e9rieure et sa confiance en soi.\",\"url\":\"https:\/\/zavitushki.com\/fr\/author\/author-publications-fr_1\/\"}]}<\/script>\n<!-- \/ Yoast SEO plugin. -->","yoast_head_json":{"title":"Semaine de la mode \u00e0 New York - tendances printemps-\u00e9t\u00e9 2026","description":"D\u00e9couvrez les principales tendances mode du printemps-\u00e9t\u00e9 2026 \u00e0 l&apos;issue de la Fashion Week de New York ! Imprim\u00e9s vifs, silhouettes amples, style \u00e9cologique et couleurs audacieuses : d\u00e9couvrez les tendances de cette saison et laissez-vous inspirer par les looks des podiums. Les derni\u00e8res tendances des grands cr\u00e9ateurs : soyez les premiers \u00e0 les d\u00e9couvrir !","robots":{"index":"index","follow":"follow","max-snippet":"max-snippet:-1","max-image-preview":"max-image-preview:large","max-video-preview":"max-video-preview:-1"},"canonical":"https:\/\/zavitushki.com\/fr\/semaine-de-la-mode-a-new-york-quelles-sont-les-2\/","og_locale":"fr_FR","og_type":"article","og_title":"Semaine de la mode \u00e0 New York - tendances printemps-\u00e9t\u00e9 2026","og_description":"D\u00e9couvrez les principales tendances mode du printemps-\u00e9t\u00e9 2026 \u00e0 l&apos;issue de la Fashion Week de New York ! Imprim\u00e9s vifs, silhouettes amples, style \u00e9cologique et couleurs audacieuses : d\u00e9couvrez les tendances de cette saison et laissez-vous inspirer par les looks des podiums. Les derni\u00e8res tendances des grands cr\u00e9ateurs : soyez les premiers \u00e0 les d\u00e9couvrir !","og_url":"https:\/\/zavitushki.com\/fr\/semaine-de-la-mode-a-new-york-quelles-sont-les-2\/","og_site_name":"Zavitushki.com","article_published_time":"2026-01-28T12:33:34+00:00","author":"Alexey Ivanov","twitter_card":"summary_large_image","twitter_misc":{"\u00c9crit par":"Alexey Ivanov","Dur\u00e9e de lecture estim\u00e9e":"9 minutes"},"schema":{"@context":"https:\/\/schema.org","@graph":[{"@type":"Article","@id":"https:\/\/zavitushki.com\/fr\/semaine-de-la-mode-a-new-york-quelles-sont-les-2\/#article","isPartOf":{"@id":"https:\/\/zavitushki.com\/fr\/semaine-de-la-mode-a-new-york-quelles-sont-les-2\/"},"author":{"name":"Alexey Ivanov","@id":"https:\/\/zavitushki.com\/fr\/#\/schema\/person\/6522b9794a79a037bb9f8bc6e76d3876"},"headline":"Semaine de la mode \u00e0 New York : quelles sont les tendances pour le printemps-\u00e9t\u00e9 2026 ?","datePublished":"2026-01-28T12:33:34+00:00","mainEntityOfPage":{"@id":"https:\/\/zavitushki.com\/fr\/semaine-de-la-mode-a-new-york-quelles-sont-les-2\/"},"wordCount":1800,"commentCount":0,"articleSection":["Mode et style"],"inLanguage":"fr-FR","potentialAction":[{"@type":"CommentAction","name":"Comment","target":["https:\/\/zavitushki.com\/fr\/semaine-de-la-mode-a-new-york-quelles-sont-les-2\/#respond"]}]},{"@type":"WebPage","@id":"https:\/\/zavitushki.com\/fr\/semaine-de-la-mode-a-new-york-quelles-sont-les-2\/","url":"https:\/\/zavitushki.com\/fr\/semaine-de-la-mode-a-new-york-quelles-sont-les-2\/","name":"Semaine de la mode \u00e0 New York - tendances printemps-\u00e9t\u00e9 2026","isPartOf":{"@id":"https:\/\/zavitushki.com\/fr\/#website"},"datePublished":"2026-01-28T12:33:34+00:00","author":{"@id":"https:\/\/zavitushki.com\/fr\/#\/schema\/person\/6522b9794a79a037bb9f8bc6e76d3876"},"description":"D\u00e9couvrez les principales tendances mode du printemps-\u00e9t\u00e9 2026 \u00e0 l&apos;issue de la Fashion Week de New York ! Imprim\u00e9s vifs, silhouettes amples, style \u00e9cologique et couleurs audacieuses : d\u00e9couvrez les tendances de cette saison et laissez-vous inspirer par les looks des podiums. Les derni\u00e8res tendances des grands cr\u00e9ateurs : soyez les premiers \u00e0 les d\u00e9couvrir !","breadcrumb":{"@id":"https:\/\/zavitushki.com\/fr\/semaine-de-la-mode-a-new-york-quelles-sont-les-2\/#breadcrumb"},"inLanguage":"fr-FR","potentialAction":[{"@type":"ReadAction","target":["https:\/\/zavitushki.com\/fr\/semaine-de-la-mode-a-new-york-quelles-sont-les-2\/"]}]},{"@type":"BreadcrumbList","@id":"https:\/\/zavitushki.com\/fr\/semaine-de-la-mode-a-new-york-quelles-sont-les-2\/#breadcrumb","itemListElement":[{"@type":"ListItem","position":1,"name":"Maison","item":"https:\/\/zavitushki.com\/fr\/"},{"@type":"ListItem","position":2,"name":"Semaine de la mode \u00e0 New York : quelles sont les tendances pour le printemps-\u00e9t\u00e9 2026 ?"}]},{"@type":"WebSite","@id":"https:\/\/zavitushki.com\/fr\/#website","url":"https:\/\/zavitushki.com\/fr\/","name":"Zavitushki.com","description":"Magazine en ligne f\u00e9minin","potentialAction":[{"@type":"SearchAction","target":{"@type":"EntryPoint","urlTemplate":"https:\/\/zavitushki.com\/fr\/?s={search_term_string}"},"query-input":{"@type":"PropertyValueSpecification","valueRequired":true,"valueName":"search_term_string"}}],"inLanguage":"fr-FR"},{"@type":"Person","@id":"https:\/\/zavitushki.com\/fr\/#\/schema\/person\/6522b9794a79a037bb9f8bc6e76d3876","name":"Alexey Ivanov","image":{"@type":"ImageObject","inLanguage":"fr-FR","@id":"https:\/\/zavitushki.com\/fr\/#\/schema\/person\/image\/","url":"https:\/\/secure.gravatar.com\/avatar\/4bc7450c34c1431ce6fcd3935bbec738a9c9045cce0409469b2839c280a29136?s=96&d=mm&r=g","contentUrl":"https:\/\/secure.gravatar.com\/avatar\/4bc7450c34c1431ce6fcd3935bbec738a9c9045cce0409469b2839c280a29136?s=96&d=mm&r=g","caption":"Alexey Ivanov"},"description":"Styliste avec plus de dix ans d'exp\u00e9rience. Je me sp\u00e9cialise dans les coupes de cheveux pour hommes et femmes, en cr\u00e9ant des images qui mettent en valeur l'individualit\u00e9. Je suis s\u00fbre que chacun peut trouver sa coiffure id\u00e9ale qui mettra en valeur sa beaut\u00e9 int\u00e9rieure et sa confiance en soi.","url":"https:\/\/zavitushki.com\/fr\/author\/author-publications-fr_1\/"}]}},"_links":{"self":[{"href":"https:\/\/zavitushki.com\/fr\/wp-json\/wp\/v2\/posts\/85","targetHints":{"allow":["GET"]}}],"collection":[{"href":"https:\/\/zavitushki.com\/fr\/wp-json\/wp\/v2\/posts"}],"about":[{"href":"https:\/\/zavitushki.com\/fr\/wp-json\/wp\/v2\/types\/post"}],"author":[{"embeddable":true,"href":"https:\/\/zavitushki.com\/fr\/wp-json\/wp\/v2\/users\/50"}],"replies":[{"embeddable":true,"href":"https:\/\/zavitushki.com\/fr\/wp-json\/wp\/v2\/comments?post=85"}],"version-history":[{"count":0,"href":"https:\/\/zavitushki.com\/fr\/wp-json\/wp\/v2\/posts\/85\/revisions"}],"wp:attachment":[{"href":"https:\/\/zavitushki.com\/fr\/wp-json\/wp\/v2\/media?parent=85"}],"wp:term":[{"taxonomy":"category","embeddable":true,"href":"https:\/\/zavitushki.com\/fr\/wp-json\/wp\/v2\/categories?post=85"},{"taxonomy":"post_tag","embeddable":true,"href":"https:\/\/zavitushki.com\/fr\/wp-json\/wp\/v2\/tags?post=85"}],"curies":[{"name":"wp","href":"https:\/\/api.w.org\/{rel}","templated":true}]}}