{"id":4794,"date":"2024-09-10T18:08:03","date_gmt":"2024-09-10T15:08:03","guid":{"rendered":"https:\/\/zavitushki.com\/fr\/alder-hair-color-before-and-after-photos-who-it\/"},"modified":"2024-09-10T18:08:03","modified_gmt":"2024-09-10T15:08:03","slug":"alder-hair-color-before-and-after-photos-who-it","status":"publish","type":"post","link":"https:\/\/zavitushki.com\/fr\/alder-hair-color-before-and-after-photos-who-it\/","title":{"rendered":"La coloration \u00e0 l&rsquo;aulne &#8211; photos avant et apr\u00e8s, \u00e0 qui elle convient, une palette de nuances de Garnier"},"content":{"rendered":"\n<p>L&apos;aulne est la nouvelle tendance en mati\u00e8re de coloration des cheveux. Cette teinte riche et terreuse associe des nuances d\u00e9licates \u00e0 la chaleur du brun pour produire une apparence organique distinctive. La coloration aulne peut \u00eatre l&apos;option id\u00e9ale pour vous si vous voulez essayer quelque chose de compl\u00e8tement diff\u00e9rent ou simplement mettre \u00e0 jour votre look actuel.<\/p>\n<p>Mais qui est vraiment \u00e0 l&apos;aise avec une coloration aulne ?? Un large \u00e9ventail de tons de peau, du clair \u00e0 l&apos;olive et m\u00eame des teints plus profonds, peuvent \u00eatre compl\u00e9t\u00e9s par cette nuance adaptable. Il est essentiel de trouver le ton id\u00e9al pour compl\u00e9ter vos traits naturels, et la palette de nuances de Garnier est utile \u00e0 cet \u00e9gard. Gr\u00e2ce \u00e0 leur assortiment de couleurs inspir\u00e9es de l&apos;aulne, chacun trouvera son bonheur.<\/p>\n<p>Les photos avant et apr\u00e8s peuvent fournir une excellente perspective si vous souhaitez savoir comment cette couleur appara\u00eet dans la vie r\u00e9elle. Ces transformations d\u00e9montrent \u00e0 quel point la couleur aulne peut \u00eatre vive et attrayante, donnant de la profondeur et de la dimension \u00e0 diff\u00e9rents types et longueurs de cheveux. Voyez de magnifiques exemples et d\u00e9couvrez quelle nuance d&apos;aulne pourrait \u00eatre le meilleur choix pour vous en continuant \u00e0 lire!<\/p>\n<h2>Qui convient \u00e0 la couleur aulne ??<\/h2>\n<p>En raison de sa teinte chaude, cette couleur semble tr\u00e8s d\u00e9licate. Les femmes \u00e0 la peau claire, p\u00e2le ou dor\u00e9e peuvent la choisir. Les yeux verts ou bleus sont \u00e9galement appropri\u00e9s. L&apos;effet sera donc vraiment sans fond. Les femmes aux couleurs printani\u00e8res ou automnales sont parfaites en aulne, tandis que les estivantes devraient opter pour une nuance plus froide.<\/p>\n<p>Prenez note! L&apos;aulne est une couleur que le type de couleur d&apos;hiver devrait \u00e9viter d&apos;exp\u00e9rimenter parce que ces filles ne sont pas bonnes avec ce ton. La peau para\u00eetra plus p\u00e2le dans le cas contraire.<\/p>\n<p>Parler de naturel est impossible si une fille a des cheveux naturellement fonc\u00e9s, car il sera difficile de les \u00e9claircir pour obtenir une teinte aulne.<\/p>\n<p>Pour les femmes d&apos;\u00e2ge m\u00fbr, cette nuance est parfaite car elle camoufle parfaitement les cheveux gris et donne au visage un aspect plus jeune et plus expressif.<\/p>\n<h2>Couleur aulne &#8211; quelle teinture choisir ??<\/h2>\n<p><img decoding=\"async\" class=\"aligncenter\"  src=\"\/wp-content\/uploads\/2024\/09\/cvet-volos-olha-foto-do-i-posle-komu-idet-palitra_1.jpg\"><\/p>\n<p>Le choix de la coloration appropri\u00e9e doit \u00eatre simple. Il vous suffit de choisir un produit cosm\u00e9tique dans la vaste s\u00e9lection qui vous permet de colorer vos cheveux sans effets n\u00e9gatifs.<\/p>\n<h3>Garnier (Garnier Naturals)<\/h3>\n<p>Les experts de cette marque ont consacr\u00e9 beaucoup de temps \u00e0 l&apos;\u00e9laboration de la composition de la teinture car ils souhaitaient proposer une formule douce sans ammoniaque. Cet article comprend :<\/p>\n<ul>\n<li>huile d&apos;olive ; <img decoding=\"async\" class=\"aligncenter\"  src=\"\/wp-content\/uploads\/2024\/09\/cvet-volos-olha-foto-do-i-posle-komu-idet-palitra_2.jpg\"><\/li>\n<li>huile d&apos;avocat ; <img decoding=\"async\" class=\"aligncenter\"  src=\"\/wp-content\/uploads\/2024\/09\/cvet-volos-olha-foto-do-i-posle-komu-idet-palitra_4.jpg\"><\/li>\n<li>karit\u00e9. <img decoding=\"async\" class=\"aligncenter\"  src=\"\/wp-content\/uploads\/2024\/09\/cvet-volos-olha-foto-do-i-posle-komu-idet-palitra_3.jpg\"><\/li>\n<\/ul>\n<p>Cette composition permet de reconstituer la structure des boucles et de les saturer en nutriments. Le karit\u00e9 leur donne un bel aspect et l&apos;huile d&apos;avocat adoucit les cheveux.<\/p>\n<p><img decoding=\"async\" class=\"aligncenter\"  src=\"\/wp-content\/uploads\/2024\/09\/cvet-volos-olha-foto-do-i-posle-komu-idet-palitra_5.jpg\"><\/p>\n<ul>\n<li>pas d&apos;odeur \u00e2cre ;<\/li>\n<li>n&apos;irrite pas le cuir chevelu ;<\/li>\n<li>colore et nourrit soigneusement les cheveux ;<\/li>\n<li>coloration permanente jusqu&apos;\u00e0 9 semaines ;<\/li>\n<li>facilit\u00e9 d&apos;utilisation en salon et \u00e0 la maison.<\/li>\n<\/ul>\n<h3>Rowan 670 aulne<\/h3>\n<p><img decoding=\"async\" class=\"aligncenter\"  src=\"\/wp-content\/uploads\/2024\/09\/cvet-volos-olha-foto-do-i-posle-komu-idet-palitra_7.jpg\"><\/p>\n<p>Cet article cosm\u00e9tique se situe dans la gamme des prix abordables. La peinture poss\u00e8de d&apos;excellentes qualit\u00e9s malgr\u00e9 son faible co\u00fbt. Le Rowan est id\u00e9al pour couvrir les cheveux gris. Comme les sp\u00e9cialistes de l&apos;entreprise n&apos;utilisent que des ingr\u00e9dients naturels, les cheveux seront teints avec un minimum de dommages.<\/p>\n<p>En outre, bien que l&apos;ammoniaque soit pr\u00e9sente dans la teinture, elle n&apos;est pas aussi concentr\u00e9e que dans d&apos;autres produits. L&apos;odeur forte de la peinture et le d\u00e9lavage rapide de la couleur sont ses inconv\u00e9nients. Vos cheveux devront \u00eatre teints une fois toutes les deux \u00e0 trois semaines.<\/p>\n<h3>Belle couleur nuance 7.1<\/h3>\n<p><img decoding=\"async\" class=\"aligncenter\"  src=\"\/wp-content\/uploads\/2024\/09\/cvet-volos-olha-foto-do-i-posle-komu-idet-palitra_11.jpg\"><\/p>\n<ul>\n<li>le tube de peinture est grand, donc un paquet suffira pour teindre les cheveux en dessous des omoplates ;<\/li>\n<li>apr\u00e8s la teinture, la couleur reste satur\u00e9e pendant 6 semaines ;<\/li>\n<li>pendant le processus de teinture, les cheveux ne se d\u00e9t\u00e9riorent pas, restent sains et forts.<\/li>\n<\/ul>\n<p>  <strong>Important!<\/strong><\/p>\n<h3>Advance Technics d&apos;Avon nuance 7.0<\/h3>\n<p>Le catalogue peut laisser penser le contraire, mais ce produit cosm\u00e9tique n&apos;est pas professionnel. La teinture peut \u00eatre utilis\u00e9e \u00e0 la maison car elle est tr\u00e8s facile \u00e0 appliquer. Les m\u00e8ches sont uniform\u00e9ment color\u00e9es et le produit ne s&apos;\u00e9tale pas.<\/p>\n<p>Il pr\u00e9sente toutefois les inconv\u00e9nients suivants :<\/p>\n<p><img decoding=\"async\" class=\"aligncenter\"  src=\"\/wp-content\/uploads\/2024\/09\/cvet-volos-olha-foto-do-i-posle-komu-idet-palitra_6.jpg\"><\/p>\n<ul>\n<li>ass\u00e8che les cheveux ab\u00eem\u00e9s ;<\/li>\n<li>la composition contient 9 % d&apos;oxydant, ce qui affecte n\u00e9gativement l&apos;\u00e9tat des cheveux avec une coloration constante.<\/li>\n<\/ul>\n<p>L&apos;aulne a l&apos;avantage d&apos;avoir une belle couleur et d&apos;\u00eatre peu co\u00fbteux. L&apos;effet final rappelle de mani\u00e8re frappante l&apos;aulne fonc\u00e9.<\/p>\n<h2>Comment obtenir la teinte d\u00e9sir\u00e9e &laquo; Aulne &raquo; ?<\/h2>\n<p>Les cheveux doivent \u00eatre en parfaite sant\u00e9 avant la coloration pour qu&apos;ils soient magnifiques. Par exemple, il faut d&apos;abord couper les m\u00e8ches pour \u00e9liminer les pointes ab\u00eem\u00e9es si elles sont fourchues, excessivement s\u00e8ches ou cassantes. Si ce n&apos;est pas le cas, ces sections de cheveux auront une couleur aulne plus brillante que le reste de la chevelure.<\/p>\n<p>Vous ne pouvez pas vous laver les cheveux pendant les deux ou trois jours pr\u00e9c\u00e9dant l&apos;intervention, car seules les m\u00e8ches sales doivent \u00eatre teintes. C&apos;est un fait que la graisse prot\u00e8ge les cheveux contre les agressions.<\/p>\n<h3>Pour colorer les cheveux gris<\/h3>\n<p><img decoding=\"async\" class=\"aligncenter\"  src=\"\/wp-content\/uploads\/2024\/09\/cvet-volos-olha-foto-do-i-posle-komu-idet-palitra_8.jpg\"><\/p>\n<p>Les cheveux gris peuvent \u00eatre dissimul\u00e9s efficacement gr\u00e2ce \u00e0 la couleur aulne, qui emp\u00eache les cheveux de para\u00eetre verts ou gris. Il faut cependant tenir compte de la teinte et de l&apos;\u00e9tat naturel des boucles avant de proc\u00e9der \u00e0 la coloration. La teinte obtenue para\u00eetra beaucoup plus claire si les cheveux gris sont nombreux. S&apos;il y a plusieurs m\u00e8ches grises, il faut d&apos;abord les teindre, puis teindre les m\u00e8ches restantes dix minutes plus tard.<\/p>\n<h2>Comment entretenir la nuance<\/h2>\n<p>L&apos;utilisation d&apos;une peinture bien choisie ne garantit pas encore un r\u00e9sultat durable. Pour que la couleur aulne reste aussi vibrante et riche que le jour o\u00f9 vous avez teint vos cheveux, vous devez l&apos;entretenir comme vous le feriez pour n&apos;importe quelle autre nuance. Le pigment colorant finira par s&apos;estomper, c&apos;est pourquoi la teinte deviendra moins vive. Cependant, la solution \u00e0 ce probl\u00e8me r\u00e9side dans les infusions de plantes m\u00e9dicinales qui sont b\u00e9n\u00e9fiques pour le cuir chevelu et les follicules pileux.<\/p>\n<ol>\n<li><strong>Connecter 1 t.l. miel et vinaigre de cidre de pomme<\/strong>. Diluer les ingr\u00e9dients dans 500 ml d&apos;eau chaude. Utiliser une solution apr\u00e8s le lavage des cheveux. <img decoding=\"async\" class=\"aligncenter\"  src=\"\/wp-content\/uploads\/2024\/09\/cvet-volos-olha-foto-do-i-posle-komu-idet-palitra_12.jpg\"><\/li>\n<li><strong>Verser 2 cuill\u00e8res \u00e0 soupe.l. camomille ou calendula 2 tasses d&apos;eau bouillante.<\/strong> Insistez pendant 30 minutes, filtrez et rincez les m\u00e8ches apr\u00e8s le lavage. <img decoding=\"async\" class=\"aligncenter\"  src=\"\/wp-content\/uploads\/2024\/09\/cvet-volos-olha-foto-do-i-posle-komu-idet-palitra_9.jpg\"><\/li>\n<\/ol>\n<p>Vous devez \u00e9galement acheter un masque nourrissant, un apr\u00e8s-shampoing et un shampoing sp\u00e9cial. Utilisez de l&apos;air mod\u00e9r\u00e9ment chaud lorsque vous utilisez un s\u00e8che-cheveux pour le s\u00e9chage. De cette mani\u00e8re, vos cheveux seront moins ab\u00eem\u00e9s pendant le s\u00e9chage. La meilleure m\u00e9thode de s\u00e9chage est naturelle.<\/p>\n<p>Crucial! Vous devrez cesser d&apos;aller \u00e0 la piscine pendant un certain temps, car les ingr\u00e9dients colorants sont affect\u00e9s par le chlore.<\/p>\n<p>Les m\u00e8ches s&apos;affaiblissent apr\u00e8s la coloration et peuvent commencer \u00e0 se diviser. Une visite mensuelle chez le coiffeur vous permettra d&apos;\u00e9viter ce probl\u00e8me. Le coiffeur coupera les pointes ab\u00eem\u00e9es, ce qui donnera \u00e0 la coiffure une apparence soign\u00e9e. Les &laquo; ciseaux chauds &raquo; Cette m\u00e9thode fonctionne \u00e9galement.<\/p>\n<blockquote><p>\n   Chaude et terreuse, la coloration aulne est id\u00e9ale pour ceux qui cherchent \u00e0 accentuer la profondeur et la richesse de leur apparence. Dans cet article, nous examinerons des photos avant et apr\u00e8s pour montrer comment cette coloration fonctionne sur diff\u00e9rents types de cheveux, nous parlerons des personnes qui devraient la porter en fonction de leur couleur de peau et de leur coiffure, et nous explorerons la vari\u00e9t\u00e9 de nuances d&apos;aulne que Garnier propose pour vous aider \u00e0 trouver la couleur id\u00e9ale pour votre beaut\u00e9 individuelle.\n  <\/p><\/blockquote>\n<h2>Photos avant et apr\u00e8s coloration<\/h2>\n<h2>Avis du site otzovik.com :<\/h2>\n<ol>\n<li>\u00c0 propos de la teinture Garnier Color Naturals 7.1 aulne : <img decoding=\"async\" class=\"aligncenter\"  src=\"\/wp-content\/uploads\/2024\/09\/cvet-volos-olha-foto-do-i-posle-komu-idet-palitra_13.jpg\"><\/li>\n<li>\u00c0 propos de la teinture Rowan Alder : <img decoding=\"async\" class=\"aligncenter\"  src=\"\/wp-content\/uploads\/2024\/09\/cvet-volos-olha-foto-do-i-posle-komu-idet-palitra_10.jpg\"><\/li>\n<\/ol>\n<table>\n<tbody>\n<tr>\n<td>Coloration des cheveux \u00e0 l&apos;aulne<\/td>\n<td>Description<\/td>\n<\/tr>\n<tr>\n<td>Photos avant et apr\u00e8s<\/td>\n<td>D\u00e9couvrez des transformations \u00e9tonnantes gr\u00e2ce \u00e0 la coloration Alder, qui met en valeur la beaut\u00e9 naturelle et donne de la profondeur \u00e0 vos cheveux.<\/td>\n<\/tr>\n<tr>\n<td>\u00c0 qui cela convient-il ?<\/td>\n<td>La coloration aulne est polyvalente et convient \u00e0 un large \u00e9ventail de tons de peau, en particulier ceux qui ont des tons chauds ou neutres.<\/td>\n<\/tr>\n<tr>\n<td>Palette de nuances de Garnier<\/td>\n<td>Garnier propose une vari\u00e9t\u00e9 de nuances d&apos;aulne, allant des tons clairs aux tons fonc\u00e9s, parfaites pour trouver le bon accord avec votre style.<\/td>\n<\/tr>\n<\/tbody>\n<\/table>\n<p>L&apos;aulne est une nuance de brun polyvalente et distinctive qui associe des nuances de gris cendr\u00e9 \u00e0 des tons de brun doux. Si vous souhaitez donner de la dimension et de la profondeur \u00e0 vos cheveux sans les rendre trop fonc\u00e9s ou trop clairs, c&apos;est une excellente option. En raison de la subtilit\u00e9 de cette couleur, les personnes ayant des tons froids ou neutres peuvent en b\u00e9n\u00e9ficier grandement, car elle peut accentuer leurs meilleurs atouts sans attirer l&apos;attention sur eux.<\/p>\n<p>Des photos avant et apr\u00e8s peuvent vous aider \u00e0 visualiser l&apos;effet d&apos;une coloration d&apos;aulne sur diff\u00e9rents tons de peau et types de cheveux avant de prendre une d\u00e9cision. En fonction de la couleur de base, cette teinte peut varier consid\u00e9rablement, il est donc pr\u00e9f\u00e9rable de se baser sur des exemples r\u00e9els. La coloration aulne peut vous donner une apparence moderne, soign\u00e9e et naturelle.<\/p>\n<p>Si vous envisagez d&apos;exp\u00e9rimenter cette couleur, la palette Garnier propose un certain nombre d&apos;options pour r\u00e9pondre \u00e0 diff\u00e9rents go\u00fbts. Garnier propose une grande vari\u00e9t\u00e9 de teintes, dont certaines ont des nuances plus marqu\u00e9es de brun ou de gris, ce qui vous permet de choisir la couleur id\u00e9ale pour votre look. Essayer diff\u00e9rentes colorations \u00e0 l&apos;aulne peut \u00eatre une fa\u00e7on amusante de renouveler votre apparence sans sacrifier une esth\u00e9tique raffin\u00e9e et douce.<\/p>\n<h2>Vid\u00e9o sur le sujet<\/h2>\n<h3>Commentaire sur la teinture Garnier Color Naturals, nuance 7.1 Aulne<\/h3>\n<p><iframe loading=\"lazy\" width=\"560\" height=\"315\" src=\"https:\/\/www.youtube.com\/embed\/LnHZ3ENvvvc\" frameborder=\"0\" allow=\"autoplay; encrypted-media\" allowfullscreen><\/iframe><\/p>\n","protected":false},"excerpt":{"rendered":"<p>L&apos;aulne est la nouvelle tendance en mati\u00e8re de coloration des cheveux. Cette teinte riche et terreuse associe des nuances d\u00e9licates \u00e0 la chaleur du brun pour produire une apparence organique distinctive. La coloration aulne peut \u00eatre l&apos;option id\u00e9ale pour vous si vous voulez essayer quelque chose de compl\u00e8tement diff\u00e9rent ou simplement mettre \u00e0 jour votre [&hellip;]<\/p>\n","protected":false},"author":54,"featured_media":0,"comment_status":"open","ping_status":"open","sticky":false,"template":"","format":"standard","meta":{"footnotes":""},"categories":[23],"tags":[],"class_list":["post-4794","post","type-post","status-publish","format-standard","","category-hair"],"yoast_head":"<!-- This site is optimized with the Yoast SEO plugin v26.7 - https:\/\/yoast.com\/wordpress\/plugins\/seo\/ -->\n<title>Couleur aulne - \u00e0 qui \u00e7a convient, palette Garnier, photos avant et apr\u00e8s<\/title>\n<meta name=\"description\" content=\"D\u00e9couvrez la coloration Alder avec des photos avant et apr\u00e8s, d\u00e9couvrez \u00e0 qui elle convient le mieux et explorez une palette de nuances de Garnier pour un nouveau look.\" \/>\n<meta name=\"robots\" content=\"index, follow, max-snippet:-1, max-image-preview:large, max-video-preview:-1\" \/>\n<link rel=\"canonical\" href=\"https:\/\/zavitushki.com\/fr\/alder-hair-color-before-and-after-photos-who-it\/\" \/>\n<meta property=\"og:locale\" content=\"fr_FR\" \/>\n<meta property=\"og:type\" content=\"article\" \/>\n<meta property=\"og:title\" content=\"Couleur aulne - \u00e0 qui \u00e7a convient, palette Garnier, photos avant et apr\u00e8s\" \/>\n<meta property=\"og:description\" content=\"D\u00e9couvrez la coloration Alder avec des photos avant et apr\u00e8s, d\u00e9couvrez \u00e0 qui elle convient le mieux et explorez une palette de nuances de Garnier pour un nouveau look.\" \/>\n<meta property=\"og:url\" content=\"https:\/\/zavitushki.com\/fr\/alder-hair-color-before-and-after-photos-who-it\/\" \/>\n<meta property=\"og:site_name\" content=\"Zavitushki.com\" \/>\n<meta property=\"article:published_time\" content=\"2024-09-10T15:08:03+00:00\" \/>\n<meta name=\"author\" content=\"Igor Petrov\" \/>\n<meta name=\"twitter:card\" content=\"summary_large_image\" \/>\n<meta name=\"twitter:label1\" content=\"\u00c9crit par\" \/>\n\t<meta name=\"twitter:data1\" content=\"Igor Petrov\" \/>\n\t<meta name=\"twitter:label2\" content=\"Dur\u00e9e de lecture estim\u00e9e\" \/>\n\t<meta name=\"twitter:data2\" content=\"9 minutes\" \/>\n<script type=\"application\/ld+json\" class=\"yoast-schema-graph\">{\"@context\":\"https:\/\/schema.org\",\"@graph\":[{\"@type\":\"Article\",\"@id\":\"https:\/\/zavitushki.com\/fr\/alder-hair-color-before-and-after-photos-who-it\/#article\",\"isPartOf\":{\"@id\":\"https:\/\/zavitushki.com\/fr\/alder-hair-color-before-and-after-photos-who-it\/\"},\"author\":{\"name\":\"Igor Petrov\",\"@id\":\"https:\/\/zavitushki.com\/fr\/#\/schema\/person\/4a8dc8e7baf9080f6aa3cd4370b220ff\"},\"headline\":\"La coloration \u00e0 l&rsquo;aulne &#8211; photos avant et apr\u00e8s, \u00e0 qui elle convient, une palette de nuances de Garnier\",\"datePublished\":\"2024-09-10T15:08:03+00:00\",\"mainEntityOfPage\":{\"@id\":\"https:\/\/zavitushki.com\/fr\/alder-hair-color-before-and-after-photos-who-it\/\"},\"wordCount\":1831,\"commentCount\":0,\"articleSection\":[\"Les cheveux\"],\"inLanguage\":\"fr-FR\",\"potentialAction\":[{\"@type\":\"CommentAction\",\"name\":\"Comment\",\"target\":[\"https:\/\/zavitushki.com\/fr\/alder-hair-color-before-and-after-photos-who-it\/#respond\"]}]},{\"@type\":\"WebPage\",\"@id\":\"https:\/\/zavitushki.com\/fr\/alder-hair-color-before-and-after-photos-who-it\/\",\"url\":\"https:\/\/zavitushki.com\/fr\/alder-hair-color-before-and-after-photos-who-it\/\",\"name\":\"Couleur aulne - \u00e0 qui \u00e7a convient, palette Garnier, photos avant et apr\u00e8s\",\"isPartOf\":{\"@id\":\"https:\/\/zavitushki.com\/fr\/#website\"},\"datePublished\":\"2024-09-10T15:08:03+00:00\",\"author\":{\"@id\":\"https:\/\/zavitushki.com\/fr\/#\/schema\/person\/4a8dc8e7baf9080f6aa3cd4370b220ff\"},\"description\":\"D\u00e9couvrez la coloration Alder avec des photos avant et apr\u00e8s, d\u00e9couvrez \u00e0 qui elle convient le mieux et explorez une palette de nuances de Garnier pour un nouveau look.\",\"breadcrumb\":{\"@id\":\"https:\/\/zavitushki.com\/fr\/alder-hair-color-before-and-after-photos-who-it\/#breadcrumb\"},\"inLanguage\":\"fr-FR\",\"potentialAction\":[{\"@type\":\"ReadAction\",\"target\":[\"https:\/\/zavitushki.com\/fr\/alder-hair-color-before-and-after-photos-who-it\/\"]}]},{\"@type\":\"BreadcrumbList\",\"@id\":\"https:\/\/zavitushki.com\/fr\/alder-hair-color-before-and-after-photos-who-it\/#breadcrumb\",\"itemListElement\":[{\"@type\":\"ListItem\",\"position\":1,\"name\":\"Maison\",\"item\":\"https:\/\/zavitushki.com\/fr\/\"},{\"@type\":\"ListItem\",\"position\":2,\"name\":\"La coloration \u00e0 l&#8217;aulne &#8212; photos avant et apr\u00e8s, \u00e0 qui elle convient, une palette de nuances de Garnier\"}]},{\"@type\":\"WebSite\",\"@id\":\"https:\/\/zavitushki.com\/fr\/#website\",\"url\":\"https:\/\/zavitushki.com\/fr\/\",\"name\":\"Zavitushki.com\",\"description\":\"Magazine en ligne f\u00e9minin\",\"potentialAction\":[{\"@type\":\"SearchAction\",\"target\":{\"@type\":\"EntryPoint\",\"urlTemplate\":\"https:\/\/zavitushki.com\/fr\/?s={search_term_string}\"},\"query-input\":{\"@type\":\"PropertyValueSpecification\",\"valueRequired\":true,\"valueName\":\"search_term_string\"}}],\"inLanguage\":\"fr-FR\"},{\"@type\":\"Person\",\"@id\":\"https:\/\/zavitushki.com\/fr\/#\/schema\/person\/4a8dc8e7baf9080f6aa3cd4370b220ff\",\"name\":\"Igor Petrov\",\"image\":{\"@type\":\"ImageObject\",\"inLanguage\":\"fr-FR\",\"@id\":\"https:\/\/zavitushki.com\/fr\/#\/schema\/person\/image\/\",\"url\":\"https:\/\/secure.gravatar.com\/avatar\/fe1ba2a38428ed958d7bcb464cb63c4eac6728bf258dabf827d70764b84e054b?s=96&d=mm&r=g\",\"contentUrl\":\"https:\/\/secure.gravatar.com\/avatar\/fe1ba2a38428ed958d7bcb464cb63c4eac6728bf258dabf827d70764b84e054b?s=96&d=mm&r=g\",\"caption\":\"Igor Petrov\"},\"description\":\"Barbier avec de nombreuses ann\u00e9es d'exp\u00e9rience. Je cr\u00e9e des looks masculins modernes bas\u00e9s sur des techniques de coupe et de stylisme classiques. Je pense que la coupe de cheveux parfaite est un \u00e9quilibre entre le style et le confort, qui met en valeur le caract\u00e8re.\",\"url\":\"https:\/\/zavitushki.com\/fr\/author\/author-publications-fr_5\/\"}]}<\/script>\n<!-- \/ Yoast SEO plugin. -->","yoast_head_json":{"title":"Couleur aulne - \u00e0 qui \u00e7a convient, palette Garnier, photos avant et apr\u00e8s","description":"D\u00e9couvrez la coloration Alder avec des photos avant et apr\u00e8s, d\u00e9couvrez \u00e0 qui elle convient le mieux et explorez une palette de nuances de Garnier pour un nouveau look.","robots":{"index":"index","follow":"follow","max-snippet":"max-snippet:-1","max-image-preview":"max-image-preview:large","max-video-preview":"max-video-preview:-1"},"canonical":"https:\/\/zavitushki.com\/fr\/alder-hair-color-before-and-after-photos-who-it\/","og_locale":"fr_FR","og_type":"article","og_title":"Couleur aulne - \u00e0 qui \u00e7a convient, palette Garnier, photos avant et apr\u00e8s","og_description":"D\u00e9couvrez la coloration Alder avec des photos avant et apr\u00e8s, d\u00e9couvrez \u00e0 qui elle convient le mieux et explorez une palette de nuances de Garnier pour un nouveau look.","og_url":"https:\/\/zavitushki.com\/fr\/alder-hair-color-before-and-after-photos-who-it\/","og_site_name":"Zavitushki.com","article_published_time":"2024-09-10T15:08:03+00:00","author":"Igor Petrov","twitter_card":"summary_large_image","twitter_misc":{"\u00c9crit par":"Igor Petrov","Dur\u00e9e de lecture estim\u00e9e":"9 minutes"},"schema":{"@context":"https:\/\/schema.org","@graph":[{"@type":"Article","@id":"https:\/\/zavitushki.com\/fr\/alder-hair-color-before-and-after-photos-who-it\/#article","isPartOf":{"@id":"https:\/\/zavitushki.com\/fr\/alder-hair-color-before-and-after-photos-who-it\/"},"author":{"name":"Igor Petrov","@id":"https:\/\/zavitushki.com\/fr\/#\/schema\/person\/4a8dc8e7baf9080f6aa3cd4370b220ff"},"headline":"La coloration \u00e0 l&rsquo;aulne &#8211; photos avant et apr\u00e8s, \u00e0 qui elle convient, une palette de nuances de Garnier","datePublished":"2024-09-10T15:08:03+00:00","mainEntityOfPage":{"@id":"https:\/\/zavitushki.com\/fr\/alder-hair-color-before-and-after-photos-who-it\/"},"wordCount":1831,"commentCount":0,"articleSection":["Les cheveux"],"inLanguage":"fr-FR","potentialAction":[{"@type":"CommentAction","name":"Comment","target":["https:\/\/zavitushki.com\/fr\/alder-hair-color-before-and-after-photos-who-it\/#respond"]}]},{"@type":"WebPage","@id":"https:\/\/zavitushki.com\/fr\/alder-hair-color-before-and-after-photos-who-it\/","url":"https:\/\/zavitushki.com\/fr\/alder-hair-color-before-and-after-photos-who-it\/","name":"Couleur aulne - \u00e0 qui \u00e7a convient, palette Garnier, photos avant et apr\u00e8s","isPartOf":{"@id":"https:\/\/zavitushki.com\/fr\/#website"},"datePublished":"2024-09-10T15:08:03+00:00","author":{"@id":"https:\/\/zavitushki.com\/fr\/#\/schema\/person\/4a8dc8e7baf9080f6aa3cd4370b220ff"},"description":"D\u00e9couvrez la coloration Alder avec des photos avant et apr\u00e8s, d\u00e9couvrez \u00e0 qui elle convient le mieux et explorez une palette de nuances de Garnier pour un nouveau look.","breadcrumb":{"@id":"https:\/\/zavitushki.com\/fr\/alder-hair-color-before-and-after-photos-who-it\/#breadcrumb"},"inLanguage":"fr-FR","potentialAction":[{"@type":"ReadAction","target":["https:\/\/zavitushki.com\/fr\/alder-hair-color-before-and-after-photos-who-it\/"]}]},{"@type":"BreadcrumbList","@id":"https:\/\/zavitushki.com\/fr\/alder-hair-color-before-and-after-photos-who-it\/#breadcrumb","itemListElement":[{"@type":"ListItem","position":1,"name":"Maison","item":"https:\/\/zavitushki.com\/fr\/"},{"@type":"ListItem","position":2,"name":"La coloration \u00e0 l&#8217;aulne &#8212; photos avant et apr\u00e8s, \u00e0 qui elle convient, une palette de nuances de Garnier"}]},{"@type":"WebSite","@id":"https:\/\/zavitushki.com\/fr\/#website","url":"https:\/\/zavitushki.com\/fr\/","name":"Zavitushki.com","description":"Magazine en ligne f\u00e9minin","potentialAction":[{"@type":"SearchAction","target":{"@type":"EntryPoint","urlTemplate":"https:\/\/zavitushki.com\/fr\/?s={search_term_string}"},"query-input":{"@type":"PropertyValueSpecification","valueRequired":true,"valueName":"search_term_string"}}],"inLanguage":"fr-FR"},{"@type":"Person","@id":"https:\/\/zavitushki.com\/fr\/#\/schema\/person\/4a8dc8e7baf9080f6aa3cd4370b220ff","name":"Igor Petrov","image":{"@type":"ImageObject","inLanguage":"fr-FR","@id":"https:\/\/zavitushki.com\/fr\/#\/schema\/person\/image\/","url":"https:\/\/secure.gravatar.com\/avatar\/fe1ba2a38428ed958d7bcb464cb63c4eac6728bf258dabf827d70764b84e054b?s=96&d=mm&r=g","contentUrl":"https:\/\/secure.gravatar.com\/avatar\/fe1ba2a38428ed958d7bcb464cb63c4eac6728bf258dabf827d70764b84e054b?s=96&d=mm&r=g","caption":"Igor Petrov"},"description":"Barbier avec de nombreuses ann\u00e9es d'exp\u00e9rience. Je cr\u00e9e des looks masculins modernes bas\u00e9s sur des techniques de coupe et de stylisme classiques. Je pense que la coupe de cheveux parfaite est un \u00e9quilibre entre le style et le confort, qui met en valeur le caract\u00e8re.","url":"https:\/\/zavitushki.com\/fr\/author\/author-publications-fr_5\/"}]}},"_links":{"self":[{"href":"https:\/\/zavitushki.com\/fr\/wp-json\/wp\/v2\/posts\/4794","targetHints":{"allow":["GET"]}}],"collection":[{"href":"https:\/\/zavitushki.com\/fr\/wp-json\/wp\/v2\/posts"}],"about":[{"href":"https:\/\/zavitushki.com\/fr\/wp-json\/wp\/v2\/types\/post"}],"author":[{"embeddable":true,"href":"https:\/\/zavitushki.com\/fr\/wp-json\/wp\/v2\/users\/54"}],"replies":[{"embeddable":true,"href":"https:\/\/zavitushki.com\/fr\/wp-json\/wp\/v2\/comments?post=4794"}],"version-history":[{"count":0,"href":"https:\/\/zavitushki.com\/fr\/wp-json\/wp\/v2\/posts\/4794\/revisions"}],"wp:attachment":[{"href":"https:\/\/zavitushki.com\/fr\/wp-json\/wp\/v2\/media?parent=4794"}],"wp:term":[{"taxonomy":"category","embeddable":true,"href":"https:\/\/zavitushki.com\/fr\/wp-json\/wp\/v2\/categories?post=4794"},{"taxonomy":"post_tag","embeddable":true,"href":"https:\/\/zavitushki.com\/fr\/wp-json\/wp\/v2\/tags?post=4794"}],"curies":[{"name":"wp","href":"https:\/\/api.w.org\/{rel}","templated":true}]}}