{"id":5341,"date":"2024-09-10T20:53:51","date_gmt":"2024-09-10T17:53:51","guid":{"rendered":"https:\/\/zavitushki.com\/es\/so-canada-is-necessary-or-who-suits-a-canadian\/"},"modified":"2024-09-10T20:53:51","modified_gmt":"2024-09-10T17:53:51","slug":"so-canada-is-necessary-or-who-suits-a-canadian","status":"publish","type":"post","link":"https:\/\/zavitushki.com\/es\/so-canada-is-necessary-or-who-suits-a-canadian\/","title":{"rendered":"Por lo tanto, Canad\u00e1 es necesario, o \u00bfQui\u00e9n se adapta a una barba canadiense"},"content":{"rendered":"\n<p>Probablemente haya o\u00eddo hablar de la barba canadiense y no est\u00e9 seguro de si es algo que deber\u00eda adoptar. Es comprensible por qu\u00e9 este look atemporal se ha vuelto cada vez m\u00e1s popular. A\u00f1ade un toque de masculinidad que muchos encuentran atractivo, y es resistente y adaptable. Sin embargo, es crucial determinar si este estilo se adapta a la forma de tu cara y a tus gustos personales antes de sacar la recortadora.<\/p>\n<p>La longitud y densidad de la barba canadiense, que tiene fama de tener un aspecto poblado y cuidado, puede variar. Su objetivo es realzar la parte inferior de la cara, d\u00e1ndole un aspecto bien proporcionado y organizado. Esta barba puede suavizar los \u00e1ngulos de tu cara si es cuadrada o rectangular. Sin embargo, tambi\u00e9n puede a\u00f1adir longitud y estructura, lo que ayuda a definir un rostro redondo.<\/p>\n<p>Resaltar tus rasgos naturales es la clave para elegir el estilo de barba perfecto. Si est\u00e1s pensando en dejarte barba, ten en cuenta tu r\u00e9gimen de aseo y el nivel de mantenimiento que puedes soportar. Para que este look se mantenga actual y a la moda, es necesario un mantenimiento regular. Esta barba puede ser el complemento perfecto para mejorar tu estilo, tanto si tu objetivo es un look rudo como sofisticado.<\/p>\n<table>\n<tbody>\n<tr>\n<td><b>A qui\u00e9n va dirigida<\/b><\/td>\n<td><b>Por qu\u00e9 funciona<\/b><\/td>\n<\/tr>\n<tr>\n<td>Cara cuadrada<\/td>\n<td>A\u00f1ade equilibrio a las mand\u00edbulas fuertes y mejora la simetr\u00eda general.<\/td>\n<\/tr>\n<tr>\n<td>Caras redondas<\/td>\n<td>La barba alarga el rostro, d\u00e1ndole un aspecto m\u00e1s anguloso.<\/td>\n<\/tr>\n<tr>\n<td>Hombres con mand\u00edbulas fuertes<\/td>\n<td>Acent\u00faa y resalta la l\u00ednea de la mand\u00edbula, creando un aspecto m\u00e1s definido.<\/td>\n<\/tr>\n<tr>\n<td>Hombres con barba poblada<\/td>\n<td>El estilo de barba canadiense complementa el crecimiento de una barba m\u00e1s poblada, a\u00f1adiendo estilo y estructura.<\/td>\n<\/tr>\n<tr>\n<td>Los que buscan un look cl\u00e1sico<\/td>\n<td>Ofrece un aspecto atemporal y limpio que funciona en muchos entornos profesionales.<\/td>\n<\/tr>\n<\/tbody>\n<\/table>\n<h2>C\u00f3mo es una barba canadiense?<\/h2>\n<p><img decoding=\"async\" class=\"aligncenter\"  src=\"\/wp-content\/uploads\/2024\/09\/nado-znachit-kanada-ili-komu-idet-boroda-kanadka_6.jpg\"><\/p>\n<p>El origen de la popularidad de la barba canadiense en nuestro pa\u00eds se remonta a los jugadores de hockey canadienses que visitaron la Uni\u00f3n Sovi\u00e9tica en los a\u00f1os 70. Se dice que la barba y el corte de pelo correspondiente viajaron con ellos. Tambi\u00e9n dicen que nuestros hombres cambiaron su aspecto, incluida la forma de su barba, debido al estilo elegante pero brutal de los atletas.<\/p>\n<p><img decoding=\"async\" class=\"aligncenter\"  src=\"\/wp-content\/uploads\/2024\/09\/nado-znachit-kanada-ili-komu-idet-boroda-kanadka_2.jpg\"><\/p>\n<p>El sexo fuerte est\u00e1 pr\u00e1cticamente obligado a tener un aspecto determinado por la moda. Los que marcan tendencia creen que un hombre debe aprovechar cualquier oportunidad para mostrar su masculinidad. Y el estilo de barba canadiense hace un trabajo fant\u00e1stico en esto!<\/p>\n<p><img decoding=\"async\" class=\"aligncenter\"  src=\"\/wp-content\/uploads\/2024\/09\/nado-znachit-kanada-ili-komu-idet-boroda-kanadka_7.jpg\"><\/p>\n<ul>\n<li>longitud del vello facial 5 mm;<\/li>\n<\/ul>\n<ul>\n<li>forma redondeada, que est\u00e1 formada por un bigote, que fluye suavemente a lo largo de la barbilla hasta convertirse en barba;<\/li>\n<\/ul>\n<ul>\n<li>una franja corta de vello bajo el labio inferior;<\/li>\n<\/ul>\n<ul>\n<li>mejillas y cuello bien afeitados.<\/li>\n<\/ul>\n<p>Estas caracter\u00edsticas permiten a la barba canadiense suavizar la l\u00ednea de la barbilla, dando al rostro un aspecto m\u00e1s voluptuoso y redondeado. Por cierto, la forma canadiense es similar a la de otros tipos de barba. Su parecido m\u00e1s llamativo es con la variedad redonda Espanyolka, con toques de Balbo y Anchors. Sin embargo, hay una distinci\u00f3n notable: las l\u00edneas est\u00e1n mucho m\u00e1s suavemente definidas, y se requieren cerdas debajo del labio inferior.<\/p>\n<p>Parece que el peinado es innecesario para cerdas tan cortas. A\u00fan as\u00ed, se requiere muy poca colocaci\u00f3n. Aconsejamos aplicar una peque\u00f1a cantidad de l\u00e1piz de labios, como Redken Brews Wax o L&apos;Or\u00e9al Pro Homme, una vez cada dos d\u00edas, pero s\u00f3lo con ligeras pasadas, ya que los productos de peinado no deben entrar en contacto con la piel.<\/p>\n<blockquote><p>\n   Con su caracter\u00edstico aspecto grueso y rudo, la barba canadiense transmite tanto personalidad como sentido pr\u00e1ctico. Es m\u00e1s que una simple declaraci\u00f3n de moda. En este art\u00edculo hablaremos de las razones por las que este vello facial atemporal complementa una amplia gama de rostros y estilos de vida, desde equilibrar los rasgos faciales hasta aportar un toque de encanto rudo. Tambi\u00e9n daremos sugerencias de peinado y consejos de mantenimiento para que cualquiera pueda lucir con confianza esta barba adaptable.\n  <\/p><\/blockquote>\n<h2>Para qui\u00e9n es adecuada la barba canadiense?<\/h2>\n<p><img decoding=\"async\" class=\"aligncenter\"  src=\"\/wp-content\/uploads\/2024\/09\/nado-znachit-kanada-ili-komu-idet-boroda-kanadka_3.jpg\"><\/p>\n<p>Los barberos prometen que cualquier hombre puede transformarse m\u00e1gicamente y tener un aspecto m\u00e1s brillante e interesante con una barba bien elegida. Aunque a casi todo el mundo le queda bien la barba, los expertos siguen desaconsej\u00e1ndola para algunas personas. Es importante tener en cuenta la forma de la cara a la hora de elegir una barba para no equivocarse.<\/p>\n<p><img decoding=\"async\" class=\"aligncenter\"  src=\"\/wp-content\/uploads\/2024\/09\/nado-znachit-kanada-ili-komu-idet-boroda-kanadka_1.jpg\"><img decoding=\"async\" class=\"aligncenter\"  src=\"\/wp-content\/uploads\/2024\/09\/nado-znachit-kanada-ili-komu-idet-boroda-kanadka_4.jpg\"><img decoding=\"async\" class=\"aligncenter\"  src=\"\/wp-content\/uploads\/2024\/09\/nado-znachit-kanada-ili-komu-idet-boroda-kanadka_11.jpg\"><img decoding=\"async\" class=\"aligncenter\"  src=\"\/wp-content\/uploads\/2024\/09\/nado-znachit-kanada-ili-komu-idet-boroda-kanadka_5.jpg\"><\/p>\n<ul>\n<li><strong>rostro de tipo ovalado<\/strong> Tradicionalmente, se permite cualquier tipo de barba, ya sea canadiense, <strong>Shkeper<\/strong> o <strong>Ruso<\/strong>, &#8211; S\u00f3lo enfatizar\u00e1 y reforzar\u00e1 los rasgos correctos.<\/li>\n<\/ul>\n<ul>\n<li>Propietarios <strong>Cara redonda<\/strong> o mejillas hinchadas volum\u00e9trica puede crecer con seguridad por la barba canadiense &#8211; se centra en la barbilla y alarga visualmente las formas.<\/li>\n<\/ul>\n<ul>\n<li>Con la ayuda de Canad\u00e1, puede corregir visualmente las caracter\u00edsticas <strong>cara triangular<\/strong> &#8211; equilibrar la frente estrecha y la parte inferior ancha.<\/li>\n<\/ul>\n<ul>\n<li>canadiense ser\u00e1 una gran soluci\u00f3n para los propietarios <strong>rostro romboidal<\/strong> &#8211; La barbilla con una barba de este tipo se ve m\u00e1s masiva y valiente.<\/li>\n<\/ul>\n<ul>\n<li><strong>Cara cuadrada<\/strong> En combinaci\u00f3n con el canadiense, parece a\u00fan m\u00e1s ancho y, por desgracia, pierde todo el relieve.<\/li>\n<\/ul>\n<ul>\n<li>canadiense equilibra los rasgos <strong>en forma de tri\u00e1ngulo invertido<\/strong> y a\u00f1ade solidez a una barbilla estrecha.<\/li>\n<\/ul>\n<ul>\n<li>En <strong>Cara en \u00e1ngulo recto<\/strong> La vegetaci\u00f3n al estilo canadiense resulta sobre todo antiest\u00e9tica e inexpresiva. Sin embargo, si prefieres un peinado voluminoso y ligeramente despeinado en el cabello de longitud media (son f\u00e1ciles de crear con la ayuda de la pasta <strong>Material de densidad<\/strong> de <strong>L&apos;Or\u00e9al Pro<\/strong>, estilismo <strong>Pomada texturizante<\/strong> o en spray <strong>Densificante<\/strong> de <strong>Redken Brews<\/strong>), la imagen con un canadiense resultar\u00e1 bastante armoniosa.<\/li>\n<\/ul>\n<p><img decoding=\"async\" class=\"aligncenter\"  src=\"\/wp-content\/uploads\/2024\/09\/nado-znachit-kanada-ili-komu-idet-boroda-kanadka_8.jpg\"><\/p>\n<p>Pelirrojas, morenas y rubias, todas quedan muy bien con una barba canadiense, que funciona bien en una gran variedad de tipos de cabello. Recuerde que la barba canadiense es un estilo de barba genuinamente universal si actualmente est\u00e1 debatiendo c\u00f3mo peinar su vello facial.<\/p>\n<h2>Listo, listo&#8230; C\u00f3mo hacer crecer un canadiense?<\/h2>\n<p><img decoding=\"async\" class=\"aligncenter\"  src=\"\/wp-content\/uploads\/2024\/09\/nado-znachit-kanada-ili-komu-idet-boroda-kanadka_9.jpg\"><\/p>\n<p>Debe dejar de afeitarse durante al menos tres o cuatro semanas antes de empezar a dar forma a su barba y bigote. Durante este tiempo, su barba crecer\u00e1 a la longitud y grosor adecuados. Estos son algunos trucos pr\u00e1cticos que le ayudar\u00e1n a que el vello facial crezca de forma m\u00e1s r\u00e1pida y sencilla.<\/p>\n<ul>\n<li><strong>Para aumentar el flujo sangu\u00edneo<\/strong> a los fol\u00edculos pilosos y estimula su &laquo;despertar&raquo;, no olvide realizar regularmente un ligero masaje facial mientras se lava.<\/li>\n<\/ul>\n<ul>\n<li><strong>Despu\u00e9s de 2-3 semanas de crecimiento de la barba<\/strong> la piel bajo el rastrojo empieza a picar: son las puntas rizadas y espinosas del pelo, que se han afilado tras el \u00faltimo afeitado. Para este caso, hazte con una buena crema hidratante o <strong>b\u00e1lsamo<\/strong>, calmar la piel y aliviar el picor. Por ejemplo,, <strong>El b\u00e1lsamo para despu\u00e9s del afeitado Redken Brews servir\u00e1<\/strong>.<\/li>\n<\/ul>\n<ul>\n<li><strong>Utiliza activadores profesionales<\/strong> para el crecimiento y el grosor del vello con estemoxidina en la composici\u00f3n diaria. As\u00ed, por ejemplo, el suero funciona <strong>Serioxyl Cabello m\u00e1s denso<\/strong> de <strong>L&apos;Or\u00e9al Professionnel<\/strong>. Fortalece los fol\u00edculos pilosos y estimula su trabajo. Pero los expertos de SalonSecret enfatizan: tales sueros se desarrollan para el cuero cabelludo, por lo que la mayor\u00eda de las veces no se prueban en la cara. Act\u00fae bajo su propio riesgo, y es mejor consultar primero a un tric\u00f3logo y dermat\u00f3logo.<\/li>\n<\/ul>\n<h2>C\u00f3mo hacer una barba canadiense: t\u00e9cnica del corte de pelo<\/h2>\n<p><img decoding=\"async\" class=\"aligncenter\"  src=\"\/wp-content\/uploads\/2024\/09\/nado-znachit-kanada-ili-komu-idet-boroda-kanadka_12.jpg\"><\/p>\n<p>Ahora que el vello facial tiene la longitud adecuada, puede empezar a arreglarse la barba. Naturalmente, es preferible manejar la situaci\u00f3n con sensatez y ponerse en contacto con un barbero titulado para evitar peque\u00f1os errores y preservar cualquier esfuerzo por dejarla crecer. Si no tienes tiempo de ir a una barber\u00eda, puedes intentar hacerte una canadiense en casa siguiendo nuestra gu\u00eda.<\/p>\n<p><img decoding=\"async\" class=\"aligncenter\"  src=\"\/wp-content\/uploads\/2024\/09\/nado-znachit-kanada-ili-komu-idet-boroda-kanadka_10.jpg\"><\/p>\n<ol>\n<li>En primer lugar, <strong>recortar la longitud<\/strong> de todo el vello utilizando una recortadora con un accesorio de 5 mm.<\/li>\n<li>A continuaci\u00f3n, quita el accesorio y <strong>formar un c\u00edrculo cerrado con la m\u00e1quina<\/strong> alrededor de la boca, movi\u00e9ndose desde las patillas hacia los bordes de la boca. Recuerda: el resto del vello debe tener una forma sim\u00e9trica y pasar suavemente del bigote a la barba.<\/li>\n<li>Utilizando una maquinilla o recortadora situada en \u00e1ngulo recto,, <strong>Elimina por completo la barba incipiente<\/strong>, crecer en las mejillas y el cuello.<\/li>\n<\/ol>\n<p>En conclusi\u00f3n, la barba canadiense, m\u00e1s que un estilo, es una declaraci\u00f3n de intenciones. Con su crecimiento completo y org\u00e1nico, este estilo atemporal complementa una gran variedad de formas y disposiciones faciales. La barba canadiense ofrece encanto y versatilidad, tanto si buscas un look pulido y sofisticado como un aire rudo y desenfadado.<\/p>\n<p>Es fundamental tener en cuenta que este estilo de barba requiere dedicaci\u00f3n. Necesita un aseo constante para mantener su forma y tarda en crecer. Sin embargo, la barba canadiense puede ser un rasgo distintivo que mejore su aspecto general para quienes puedan permitirse mantenerla.<\/p>\n<p>En \u00faltima instancia, tu estilo personal y la imagen que deseas proyectar determinar\u00e1n si una barba canadiense es o no la elecci\u00f3n correcta para ti. Merece la pena probar este estilo de barba si est\u00e1s pensando en hacerte una para ver c\u00f3mo realza tus rasgos. Cuando se cuida adecuadamente, puede a\u00f1adir car\u00e1cter y confianza a su aspecto.<\/p>\n<h2>V\u00eddeo sobre el tema<\/h2>\n<h3>LAS 5 MEJORES RAZONES PARA LLEVAR BARBA \/ POR QU\u00c9 UN HOMBRE NECESITA BARBA \/ UN HOMBRE DE VERDAD \/ POR QU\u00c9 NECESITAS BARBA<\/h3>\n<p><iframe loading=\"lazy\" width=\"560\" height=\"315\" src=\"https:\/\/www.youtube.com\/embed\/saY4XnQMNsY\" frameborder=\"0\" allow=\"autoplay; encrypted-media\" allowfullscreen><\/iframe><\/p>\n<h3>La influencia de la barba en el aspecto y la imagen del hombre | Qu\u00e9 forma de barba elegir?<\/h3>\n<p><iframe loading=\"lazy\" width=\"560\" height=\"315\" src=\"https:\/\/www.youtube.com\/embed\/6N_Bh5tj6Vk\" frameborder=\"0\" allow=\"autoplay; encrypted-media\" allowfullscreen><\/iframe><\/p>\n<h3>Dise\u00f1o de barba &laquo;La perilla completa (&laquo;Perilla&raquo;)<\/h3>\n<p><iframe loading=\"lazy\" width=\"560\" height=\"315\" src=\"https:\/\/www.youtube.com\/embed\/jrw3kAEd_Ho\" frameborder=\"0\" allow=\"autoplay; encrypted-media\" allowfullscreen><\/iframe><\/p>\n<h3>\u00bfNecesitas barba?? \/ \u00bfA qu\u00e9 estrellas no les favorec\u00eda la barba??<\/h3>\n<p><iframe loading=\"lazy\" width=\"560\" height=\"315\" src=\"https:\/\/www.youtube.com\/embed\/gNTP4kV4px4\" frameborder=\"0\" allow=\"autoplay; encrypted-media\" allowfullscreen><\/iframe><\/p>\n<h3>Qu\u00e9 tipo de barba incipiente llevar? | Los principales trucos de vida sobre la barba incipiente<\/h3>\n<p><iframe loading=\"lazy\" width=\"560\" height=\"315\" src=\"https:\/\/www.youtube.com\/embed\/WzyGgRcgDVQ\" frameborder=\"0\" allow=\"autoplay; encrypted-media\" allowfullscreen><\/iframe><\/p>\n<h3>&amp;#128329; POR QU\u00c9 ES IMPORTANTE LLEVAR BARBA Y PELO LARGO?#man<\/h3>\n<p><iframe loading=\"lazy\" width=\"560\" height=\"315\" src=\"https:\/\/www.youtube.com\/embed\/VNhttyWGUCo\" frameborder=\"0\" allow=\"autoplay; encrypted-media\" allowfullscreen><\/iframe><\/p>\n","protected":false},"excerpt":{"rendered":"<p>Probablemente haya o\u00eddo hablar de la barba canadiense y no est\u00e9 seguro de si es algo que deber\u00eda adoptar. Es comprensible por qu\u00e9 este look atemporal se ha vuelto cada vez m\u00e1s popular. A\u00f1ade un toque de masculinidad que muchos encuentran atractivo, y es resistente y adaptable. Sin embargo, es crucial determinar si este estilo [&hellip;]<\/p>\n","protected":false},"author":62,"featured_media":0,"comment_status":"open","ping_status":"open","sticky":false,"template":"","format":"standard","meta":{"footnotes":""},"categories":[20],"tags":[],"class_list":["post-5341","post","type-post","status-publish","format-standard","","category-beauty"],"yoast_head":"<!-- This site is optimized with the Yoast SEO plugin v26.7 - https:\/\/yoast.com\/wordpress\/plugins\/seo\/ -->\n<title>Barba canadiense: FOTO, c\u00f3mo hacer un estilo de barba canadiense<\/title>\n<meta name=\"description\" content=\"Descubre la forma perfecta para una barba canadiense con nuestra completa gu\u00eda. Descubre qui\u00e9n puede lucir este ic\u00f3nico estilo y c\u00f3mo conseguirlo. Encuentra consejos, inspiraci\u00f3n y mucho m\u00e1s para transformar tu look!\" \/>\n<meta name=\"robots\" content=\"index, follow, max-snippet:-1, max-image-preview:large, max-video-preview:-1\" \/>\n<link rel=\"canonical\" href=\"https:\/\/zavitushki.com\/es\/so-canada-is-necessary-or-who-suits-a-canadian\/\" \/>\n<meta property=\"og:locale\" content=\"es_ES\" \/>\n<meta property=\"og:type\" content=\"article\" \/>\n<meta property=\"og:title\" content=\"Barba canadiense: FOTO, c\u00f3mo hacer un estilo de barba canadiense\" \/>\n<meta property=\"og:description\" content=\"Descubre la forma perfecta para una barba canadiense con nuestra completa gu\u00eda. Descubre qui\u00e9n puede lucir este ic\u00f3nico estilo y c\u00f3mo conseguirlo. Encuentra consejos, inspiraci\u00f3n y mucho m\u00e1s para transformar tu look!\" \/>\n<meta property=\"og:url\" content=\"https:\/\/zavitushki.com\/es\/so-canada-is-necessary-or-who-suits-a-canadian\/\" \/>\n<meta property=\"og:site_name\" content=\"Zavitushki.com\" \/>\n<meta property=\"article:published_time\" content=\"2024-09-10T17:53:51+00:00\" \/>\n<meta name=\"author\" content=\"Alexey Ivanov\" \/>\n<meta name=\"twitter:card\" content=\"summary_large_image\" \/>\n<meta name=\"twitter:label1\" content=\"Escrito por\" \/>\n\t<meta name=\"twitter:data1\" content=\"Alexey Ivanov\" \/>\n\t<meta name=\"twitter:label2\" content=\"Tiempo de lectura\" \/>\n\t<meta name=\"twitter:data2\" content=\"9 minutos\" \/>\n<script type=\"application\/ld+json\" class=\"yoast-schema-graph\">{\"@context\":\"https:\/\/schema.org\",\"@graph\":[{\"@type\":\"Article\",\"@id\":\"https:\/\/zavitushki.com\/es\/so-canada-is-necessary-or-who-suits-a-canadian\/#article\",\"isPartOf\":{\"@id\":\"https:\/\/zavitushki.com\/es\/so-canada-is-necessary-or-who-suits-a-canadian\/\"},\"author\":{\"name\":\"Alexey Ivanov\",\"@id\":\"https:\/\/zavitushki.com\/es\/#\/schema\/person\/edff3064c7b9322308b61bb09d222889\"},\"headline\":\"Por lo tanto, Canad\u00e1 es necesario, o \u00bfQui\u00e9n se adapta a una barba canadiense\",\"datePublished\":\"2024-09-10T17:53:51+00:00\",\"mainEntityOfPage\":{\"@id\":\"https:\/\/zavitushki.com\/es\/so-canada-is-necessary-or-who-suits-a-canadian\/\"},\"wordCount\":1735,\"commentCount\":0,\"articleSection\":[\"Belleza\"],\"inLanguage\":\"es\",\"potentialAction\":[{\"@type\":\"CommentAction\",\"name\":\"Comment\",\"target\":[\"https:\/\/zavitushki.com\/es\/so-canada-is-necessary-or-who-suits-a-canadian\/#respond\"]}]},{\"@type\":\"WebPage\",\"@id\":\"https:\/\/zavitushki.com\/es\/so-canada-is-necessary-or-who-suits-a-canadian\/\",\"url\":\"https:\/\/zavitushki.com\/es\/so-canada-is-necessary-or-who-suits-a-canadian\/\",\"name\":\"Barba canadiense: FOTO, c\u00f3mo hacer un estilo de barba canadiense\",\"isPartOf\":{\"@id\":\"https:\/\/zavitushki.com\/es\/#website\"},\"datePublished\":\"2024-09-10T17:53:51+00:00\",\"author\":{\"@id\":\"https:\/\/zavitushki.com\/es\/#\/schema\/person\/edff3064c7b9322308b61bb09d222889\"},\"description\":\"Descubre la forma perfecta para una barba canadiense con nuestra completa gu\u00eda. Descubre qui\u00e9n puede lucir este ic\u00f3nico estilo y c\u00f3mo conseguirlo. Encuentra consejos, inspiraci\u00f3n y mucho m\u00e1s para transformar tu look!\",\"breadcrumb\":{\"@id\":\"https:\/\/zavitushki.com\/es\/so-canada-is-necessary-or-who-suits-a-canadian\/#breadcrumb\"},\"inLanguage\":\"es\",\"potentialAction\":[{\"@type\":\"ReadAction\",\"target\":[\"https:\/\/zavitushki.com\/es\/so-canada-is-necessary-or-who-suits-a-canadian\/\"]}]},{\"@type\":\"BreadcrumbList\",\"@id\":\"https:\/\/zavitushki.com\/es\/so-canada-is-necessary-or-who-suits-a-canadian\/#breadcrumb\",\"itemListElement\":[{\"@type\":\"ListItem\",\"position\":1,\"name\":\"Hogar\",\"item\":\"https:\/\/zavitushki.com\/es\/\"},{\"@type\":\"ListItem\",\"position\":2,\"name\":\"Por lo tanto, Canad\u00e1 es necesario, o \u00bfQui\u00e9n se adapta a una barba canadiense\"}]},{\"@type\":\"WebSite\",\"@id\":\"https:\/\/zavitushki.com\/es\/#website\",\"url\":\"https:\/\/zavitushki.com\/es\/\",\"name\":\"Zavitushki.com\",\"description\":\"Revista online para mujeres.\",\"potentialAction\":[{\"@type\":\"SearchAction\",\"target\":{\"@type\":\"EntryPoint\",\"urlTemplate\":\"https:\/\/zavitushki.com\/es\/?s={search_term_string}\"},\"query-input\":{\"@type\":\"PropertyValueSpecification\",\"valueRequired\":true,\"valueName\":\"search_term_string\"}}],\"inLanguage\":\"es\"},{\"@type\":\"Person\",\"@id\":\"https:\/\/zavitushki.com\/es\/#\/schema\/person\/edff3064c7b9322308b61bb09d222889\",\"name\":\"Alexey Ivanov\",\"image\":{\"@type\":\"ImageObject\",\"inLanguage\":\"es\",\"@id\":\"https:\/\/zavitushki.com\/es\/#\/schema\/person\/image\/\",\"url\":\"https:\/\/secure.gravatar.com\/avatar\/2a95d5a0a39dda33b685bb9898046c1a716e5340da0a456d22aa3c7fc5b51221?s=96&d=mm&r=g\",\"contentUrl\":\"https:\/\/secure.gravatar.com\/avatar\/2a95d5a0a39dda33b685bb9898046c1a716e5340da0a456d22aa3c7fc5b51221?s=96&d=mm&r=g\",\"caption\":\"Alexey Ivanov\"},\"description\":\"Estilista con m\u00e1s de diez a\u00f1os de experiencia. Me especializo en cortes de pelo para hombres y mujeres, creando im\u00e1genes que enfatizan la individualidad. Estoy seguro de que todo el mundo puede encontrar su peinado ideal que acent\u00fae la belleza interior y la confianza en uno mismo.\",\"url\":\"https:\/\/zavitushki.com\/es\/author\/author-publications-es_1\/\"}]}<\/script>\n<!-- \/ Yoast SEO plugin. -->","yoast_head_json":{"title":"Barba canadiense: FOTO, c\u00f3mo hacer un estilo de barba canadiense","description":"Descubre la forma perfecta para una barba canadiense con nuestra completa gu\u00eda. Descubre qui\u00e9n puede lucir este ic\u00f3nico estilo y c\u00f3mo conseguirlo. Encuentra consejos, inspiraci\u00f3n y mucho m\u00e1s para transformar tu look!","robots":{"index":"index","follow":"follow","max-snippet":"max-snippet:-1","max-image-preview":"max-image-preview:large","max-video-preview":"max-video-preview:-1"},"canonical":"https:\/\/zavitushki.com\/es\/so-canada-is-necessary-or-who-suits-a-canadian\/","og_locale":"es_ES","og_type":"article","og_title":"Barba canadiense: FOTO, c\u00f3mo hacer un estilo de barba canadiense","og_description":"Descubre la forma perfecta para una barba canadiense con nuestra completa gu\u00eda. Descubre qui\u00e9n puede lucir este ic\u00f3nico estilo y c\u00f3mo conseguirlo. Encuentra consejos, inspiraci\u00f3n y mucho m\u00e1s para transformar tu look!","og_url":"https:\/\/zavitushki.com\/es\/so-canada-is-necessary-or-who-suits-a-canadian\/","og_site_name":"Zavitushki.com","article_published_time":"2024-09-10T17:53:51+00:00","author":"Alexey Ivanov","twitter_card":"summary_large_image","twitter_misc":{"Escrito por":"Alexey Ivanov","Tiempo de lectura":"9 minutos"},"schema":{"@context":"https:\/\/schema.org","@graph":[{"@type":"Article","@id":"https:\/\/zavitushki.com\/es\/so-canada-is-necessary-or-who-suits-a-canadian\/#article","isPartOf":{"@id":"https:\/\/zavitushki.com\/es\/so-canada-is-necessary-or-who-suits-a-canadian\/"},"author":{"name":"Alexey Ivanov","@id":"https:\/\/zavitushki.com\/es\/#\/schema\/person\/edff3064c7b9322308b61bb09d222889"},"headline":"Por lo tanto, Canad\u00e1 es necesario, o \u00bfQui\u00e9n se adapta a una barba canadiense","datePublished":"2024-09-10T17:53:51+00:00","mainEntityOfPage":{"@id":"https:\/\/zavitushki.com\/es\/so-canada-is-necessary-or-who-suits-a-canadian\/"},"wordCount":1735,"commentCount":0,"articleSection":["Belleza"],"inLanguage":"es","potentialAction":[{"@type":"CommentAction","name":"Comment","target":["https:\/\/zavitushki.com\/es\/so-canada-is-necessary-or-who-suits-a-canadian\/#respond"]}]},{"@type":"WebPage","@id":"https:\/\/zavitushki.com\/es\/so-canada-is-necessary-or-who-suits-a-canadian\/","url":"https:\/\/zavitushki.com\/es\/so-canada-is-necessary-or-who-suits-a-canadian\/","name":"Barba canadiense: FOTO, c\u00f3mo hacer un estilo de barba canadiense","isPartOf":{"@id":"https:\/\/zavitushki.com\/es\/#website"},"datePublished":"2024-09-10T17:53:51+00:00","author":{"@id":"https:\/\/zavitushki.com\/es\/#\/schema\/person\/edff3064c7b9322308b61bb09d222889"},"description":"Descubre la forma perfecta para una barba canadiense con nuestra completa gu\u00eda. Descubre qui\u00e9n puede lucir este ic\u00f3nico estilo y c\u00f3mo conseguirlo. Encuentra consejos, inspiraci\u00f3n y mucho m\u00e1s para transformar tu look!","breadcrumb":{"@id":"https:\/\/zavitushki.com\/es\/so-canada-is-necessary-or-who-suits-a-canadian\/#breadcrumb"},"inLanguage":"es","potentialAction":[{"@type":"ReadAction","target":["https:\/\/zavitushki.com\/es\/so-canada-is-necessary-or-who-suits-a-canadian\/"]}]},{"@type":"BreadcrumbList","@id":"https:\/\/zavitushki.com\/es\/so-canada-is-necessary-or-who-suits-a-canadian\/#breadcrumb","itemListElement":[{"@type":"ListItem","position":1,"name":"Hogar","item":"https:\/\/zavitushki.com\/es\/"},{"@type":"ListItem","position":2,"name":"Por lo tanto, Canad\u00e1 es necesario, o \u00bfQui\u00e9n se adapta a una barba canadiense"}]},{"@type":"WebSite","@id":"https:\/\/zavitushki.com\/es\/#website","url":"https:\/\/zavitushki.com\/es\/","name":"Zavitushki.com","description":"Revista online para mujeres.","potentialAction":[{"@type":"SearchAction","target":{"@type":"EntryPoint","urlTemplate":"https:\/\/zavitushki.com\/es\/?s={search_term_string}"},"query-input":{"@type":"PropertyValueSpecification","valueRequired":true,"valueName":"search_term_string"}}],"inLanguage":"es"},{"@type":"Person","@id":"https:\/\/zavitushki.com\/es\/#\/schema\/person\/edff3064c7b9322308b61bb09d222889","name":"Alexey Ivanov","image":{"@type":"ImageObject","inLanguage":"es","@id":"https:\/\/zavitushki.com\/es\/#\/schema\/person\/image\/","url":"https:\/\/secure.gravatar.com\/avatar\/2a95d5a0a39dda33b685bb9898046c1a716e5340da0a456d22aa3c7fc5b51221?s=96&d=mm&r=g","contentUrl":"https:\/\/secure.gravatar.com\/avatar\/2a95d5a0a39dda33b685bb9898046c1a716e5340da0a456d22aa3c7fc5b51221?s=96&d=mm&r=g","caption":"Alexey Ivanov"},"description":"Estilista con m\u00e1s de diez a\u00f1os de experiencia. Me especializo en cortes de pelo para hombres y mujeres, creando im\u00e1genes que enfatizan la individualidad. Estoy seguro de que todo el mundo puede encontrar su peinado ideal que acent\u00fae la belleza interior y la confianza en uno mismo.","url":"https:\/\/zavitushki.com\/es\/author\/author-publications-es_1\/"}]}},"_links":{"self":[{"href":"https:\/\/zavitushki.com\/es\/wp-json\/wp\/v2\/posts\/5341","targetHints":{"allow":["GET"]}}],"collection":[{"href":"https:\/\/zavitushki.com\/es\/wp-json\/wp\/v2\/posts"}],"about":[{"href":"https:\/\/zavitushki.com\/es\/wp-json\/wp\/v2\/types\/post"}],"author":[{"embeddable":true,"href":"https:\/\/zavitushki.com\/es\/wp-json\/wp\/v2\/users\/62"}],"replies":[{"embeddable":true,"href":"https:\/\/zavitushki.com\/es\/wp-json\/wp\/v2\/comments?post=5341"}],"version-history":[{"count":0,"href":"https:\/\/zavitushki.com\/es\/wp-json\/wp\/v2\/posts\/5341\/revisions"}],"wp:attachment":[{"href":"https:\/\/zavitushki.com\/es\/wp-json\/wp\/v2\/media?parent=5341"}],"wp:term":[{"taxonomy":"category","embeddable":true,"href":"https:\/\/zavitushki.com\/es\/wp-json\/wp\/v2\/categories?post=5341"},{"taxonomy":"post_tag","embeddable":true,"href":"https:\/\/zavitushki.com\/es\/wp-json\/wp\/v2\/tags?post=5341"}],"curies":[{"name":"wp","href":"https:\/\/api.w.org\/{rel}","templated":true}]}}