{"id":3783,"date":"2024-09-10T10:37:33","date_gmt":"2024-09-10T07:37:33","guid":{"rendered":"https:\/\/zavitushki.com\/es\/how-i-grew-a-short-haircut-in-one-year\/"},"modified":"2024-09-10T10:37:33","modified_gmt":"2024-09-10T07:37:33","slug":"how-i-grew-a-short-haircut-in-one-year","status":"publish","type":"post","link":"https:\/\/zavitushki.com\/es\/how-i-grew-a-short-haircut-in-one-year\/","title":{"rendered":"C\u00f3mo me hice un corte de pelo corto en un a\u00f1o?"},"content":{"rendered":"\n<p>Aunque hacer crecer un corte de pelo corto puede parecer una tarea dif\u00edcil, sin duda se puede conseguir con perseverancia y algo de atenci\u00f3n. No ten\u00eda ni idea de c\u00f3mo funcionar\u00eda el proceso cuando tom\u00e9 la decisi\u00f3n de convertir mi corte de pelo corto en algo m\u00e1s largo. Aunque sab\u00eda que no lo conseguir\u00eda de inmediato, quer\u00eda ver hasta d\u00f3nde pod\u00eda llegar en un a\u00f1o&raquo;.<\/p>\n<p>Aprend\u00ed lo que funciona y lo que no durante este tiempo. Adquir\u00ed muchos conocimientos sobre el cuidado del cabello, desde el manejo de largos extra\u00f1os hasta la selecci\u00f3n de los mejores productos. Aunque no siempre fue sencillo, los resultados terminaron por notarse con la rutina correcta.<\/p>\n<p>En este post repasar\u00e9 los procedimientos que segu\u00ed, los materiales que utilic\u00e9 y las cosas que descubr\u00ed por el camino. Esto puede hacer que el proceso de dejar crecer tu pelo corto sea m\u00e1s f\u00e1cil y r\u00e1pido para ti si est\u00e1s pensando en hacerlo.<\/p>\n<table>\n<tbody>\n<tr>\n<td>Mes<\/td>\n<td>Progreso del crecimiento del cabello<\/td>\n<\/tr>\n<tr>\n<td>1er mes<\/td>\n<td>Empezamos con un nuevo corte para darle forma<\/td>\n<\/tr>\n<tr>\n<td>3er Mes<\/td>\n<td>El pelo llegaba a las orejas, empec\u00e9 a usar acondicionadores ligeros para hidratarlo<\/td>\n<\/tr>\n<tr>\n<td>6\u00ba mes<\/td>\n<td>El pelo tocando el escote, us\u00e9 menos herramientas de calor para evitar da\u00f1os<\/td>\n<\/tr>\n<tr>\n<td>Noveno mes<\/td>\n<td>Lleg\u00f3 a los hombros, empec\u00e9 a experimentar con peinados de bajo mantenimiento<\/td>\n<\/tr>\n<tr>\n<td>12\u00ba Mes<\/td>\n<td>El pelo estaba a media espalda, los recortes regulares manten\u00edan alejadas las puntas abiertas<\/td>\n<\/tr>\n<\/tbody>\n<\/table>\n<h2>La historia de mi pelo en 2026<\/h2>\n<h3>Enero<\/h3>\n<p>Cambi\u00e9 mi aspecto para empezar el A\u00f1o Nuevo ti\u00f1\u00e9ndome de morado. Para que puedas ver en las fotos los resultados de nuestra colaboraci\u00f3n, le ense\u00f1\u00e9 a mi pareja c\u00f3mo aplicar las composiciones y decolorar su cabello.<\/p>\n<p>Tono natural: aproximadamente un nivel 6. Ten\u00eda \u00f3xido al 3% y polvo de Londa en mi arsenal. El polvo no produce polvo, aclara el cabello de forma eficaz y suave, y no irrita el cuero cabelludo.<\/p>\n<p><img decoding=\"async\" class=\"aligncenter\"  src=\"\/wp-content\/uploads\/2024\/09\/kak-ja-otrastila-korotkuju-strizhku-za-odin-god_1.jpg\"><\/p>\n<p>Utilizamos Unitones, un pigmento de acci\u00f3n directa, para tonificar. Aunque el tinte no es muy conocido, los coloristas y entusiastas del tinte casero deber\u00edan tomar nota de \u00e9l. Su base de gel permite un consumo econ\u00f3mico y una aplicaci\u00f3n sin esfuerzo sobre el cabello. M\u00e1s informaci\u00f3n en mi post &laquo;En busca del morado perfecto.&quot;<\/p>\n<p><img decoding=\"async\" class=\"aligncenter\"  src=\"\/wp-content\/uploads\/2024\/09\/kak-ja-otrastila-korotkuju-strizhku-za-odin-god_5.jpg\"><img decoding=\"async\" class=\"aligncenter\"  src=\"\/wp-content\/uploads\/2024\/09\/kak-ja-otrastila-korotkuju-strizhku-za-odin-god_2.jpg\"><img decoding=\"async\" class=\"aligncenter\"  src=\"\/wp-content\/uploads\/2024\/09\/kak-ja-otrastila-korotkuju-strizhku-za-odin-god_3.jpg\"><\/p>\n<p>El color morado era demasiado oscuro; esperaba un tono m\u00e1s claro. No tuve en cuenta mi comportamiento err\u00e1tico y no utilic\u00e9 acondicionador para diluir el pigmento en vano. Llamemos la atenci\u00f3n sobre el primer error:<\/p>\n<p><img decoding=\"async\" class=\"aligncenter\"  src=\"\/wp-content\/uploads\/2024\/09\/kak-ja-otrastila-korotkuju-strizhku-za-odin-god_4.jpg\"><\/p>\n<h3>Febrero<\/h3>\n<p>El color se desvaneci\u00f3, pero no lo suficiente. No quise esperar, as\u00ed que antes de la nueva coloraci\u00f3n me aclar\u00e9 el pelo con &laquo;champ\u00fa americano&raquo;. Esta t\u00e9cnica sirve para lavar el color con un poco m\u00e1s de cuidado que para decolorarlo de nuevo con polvos.<\/p>\n<p><img decoding=\"async\" class=\"aligncenter\"  src=\"\/wp-content\/uploads\/2024\/09\/kak-ja-otrastila-korotkuju-strizhku-za-odin-god_7.jpg\"><\/p>\n<p>Hay muchas posibilidades de que el color pigmentado de tu pelo que elimines con polvos decolorantes se caiga y se te quede para siempre.<\/p>\n<p><img decoding=\"async\" class=\"aligncenter\"  src=\"\/wp-content\/uploads\/2024\/09\/kak-ja-otrastila-korotkuju-strizhku-za-odin-god_6.jpg\"><\/p>\n<p>Optamos por utilizar degradados para crear una coloraci\u00f3n m\u00e1s intrincada. El puesto de salida del marat\u00f3n de primavera mostr\u00f3 el resultado. Consegu\u00ed la misma pigmentaci\u00f3n diluyendo tres colores -rosa, morado y morado oscuro- con acondicionador. El resultado fue impresionante, con desbordamientos, matices complejos y transiciones sin fisuras. La longitud del pelo no planteaba ning\u00fan problema porque era f\u00e1cil de peinar y las sienes no crec\u00edan mucho.<\/p>\n<p><img decoding=\"async\" class=\"aligncenter\"  src=\"\/wp-content\/uploads\/2024\/09\/kak-ja-otrastila-korotkuju-strizhku-za-odin-god_10.jpg\"><\/p>\n<p>Tiene sentido usar m\u00e1scaras de crecimiento que funcionan calentando durante el invierno. La mascarilla de pimienta de Compliment fue mi elecci\u00f3n. Lo apliqu\u00e9 sobre el cabello h\u00famedo y limpio durante 40 minutos antes de lavarlo. Como consecuencia de la estimulaci\u00f3n del crecimiento en la foto de marzo, pude acelerar significativamente el crecimiento de mi cabello.<\/p>\n<h3>Marzo<\/h3>\n<p>La decoloraci\u00f3n de las ra\u00edces no se hizo en marzo. No recuerdo muy bien c\u00f3mo se relaciona con nada. Todo lo que hicimos fue aplicar la coloraci\u00f3n de febrero de nuevo en la parte superior de las ra\u00edces org\u00e1nicas. M\u00e1s tarde, experimentamos las repercusiones.<\/p>\n<p><img decoding=\"async\" class=\"aligncenter\"  src=\"\/wp-content\/uploads\/2024\/09\/kak-ja-otrastila-korotkuju-strizhku-za-odin-god_8.jpg\"><img decoding=\"async\" class=\"aligncenter\"  src=\"\/wp-content\/uploads\/2024\/09\/kak-ja-otrastila-korotkuju-strizhku-za-odin-god_18.jpg\"><\/p>\n<p>Las sienes maduras hab\u00edan perdido su sumisi\u00f3n. Pude hacer la transici\u00f3n al m\u00e9todo Curly Girl debido a la longitud, as\u00ed que a\u00f1ad\u00ed Taft &laquo;Fijaci\u00f3n Invisible&raquo; gel y dej\u00e9 temporalmente de utilizar productos con silicona. El pelo tom\u00f3 bien estos cambios y yo estaba contenta con los rizos.<\/p>\n<p><img decoding=\"async\" class=\"aligncenter\"  src=\"\/wp-content\/uploads\/2024\/09\/kak-ja-otrastila-korotkuju-strizhku-za-odin-god_12.jpg\"><\/p>\n<h3>Abril<\/h3>\n<p>A los tres meses de tener el pelo te\u00f1ido, echaba de menos mi rubio. Una visi\u00f3n de una virgen rubia de pelo largo surgi\u00f3 en los pensamientos. La idea de volverme rubia me toc\u00f3 la fibra sensible.<\/p>\n<p>Con el fin de deshacerse de la mayor cantidad de color posible, el pelo tuvo que ser aclarado de nuevo. Hice una mezcla tradicional de polvo y \u00f3xido 1: 2 para las ra\u00edces y una opci\u00f3n m\u00e1s diluida (1: 4) para el largo. Color rosa, que fue el resultado final de los errores No. 1 y No. 2, finalmente fracas\u00f3 en el cabello debido a la decoloraci\u00f3n.<\/p>\n<p><img decoding=\"async\" class=\"aligncenter\"  src=\"\/wp-content\/uploads\/2024\/09\/kak-ja-otrastila-korotkuju-strizhku-za-odin-god_9.jpg\"><\/p>\n<p>Decid\u00ed deshacerme del problema d\u00e1ndole a mi pelo un tinte melocot\u00f3n. Esto fue posible gracias a la base. Utilic\u00e9 Manic Panic, que he tenido desde que ten\u00eda el pelo naranja y estaba te\u00f1ido de Psyedelic Sunset, para crear el color combin\u00e1ndolo con un tinte Fuchsia Concept. La mezcla final se aplic\u00f3 al cabello despu\u00e9s de diluirse significativamente con aire acondicionado.<\/p>\n<p>El color era inicialmente rojo brillante, pero r\u00e1pidamente se convirti\u00f3 en el melocot\u00f3n requerido despu\u00e9s del primer lavado.<\/p>\n<p><img decoding=\"async\" class=\"aligncenter\"  src=\"\/wp-content\/uploads\/2024\/09\/kak-ja-otrastila-korotkuju-strizhku-za-odin-god_13.jpg\"><\/p>\n<h3>Mayo<\/h3>\n<p>El color melocot\u00f3n se desvaneci\u00f3 r\u00e1pidamente. Con el fin de crear un gradiente para la nueva coloracion, se utilizo un nuevo tinte de un fabricante ruso llamado BadGirl en los tonos Sugar Baby (un rosa suave) y &laquo;Tonica&raquo; en turquesa. Utilic\u00e9 acondicionador para diluir todos los pigmentos de acci\u00f3n directa.<\/p>\n<p><img decoding=\"async\" class=\"aligncenter\"  src=\"\/wp-content\/uploads\/2024\/09\/kak-ja-otrastila-korotkuju-strizhku-za-odin-god_19.jpg\"><\/p>\n<p>Mi pelo parec\u00eda azul-violeta por el tinte turquesa diluido, pero el rosa suave era de todo menos suave. A pesar de esto, la coloraci\u00f3n sali\u00f3 muy bien. El azul se desvaneci\u00f3 r\u00e1pidamente, dejando puntas de color rosa claro.<\/p>\n<p><img decoding=\"async\" class=\"aligncenter\"  src=\"\/wp-content\/uploads\/2024\/09\/kak-ja-otrastila-korotkuju-strizhku-za-odin-god_17.jpg\"><\/p>\n<p>Empec\u00e9 a tomar tinturas de menta para favorecer el crecimiento del cabello. Utilic\u00e9 una jeringuilla sin aguja para aplicar el producto en las ra\u00edces y le di un buen masaje. No lo dilu\u00ed. Segu\u00ed usando esta t\u00e9cnica de estimulaci\u00f3n en oto\u00f1o despu\u00e9s del verano.<\/p>\n<h3>Junio<\/h3>\n<p>En junio tuve la brillante idea de te\u00f1irme el pelo de un color rosa suave, te\u00f1irlo de rubio ceniza y decolorar las ra\u00edces que hab\u00edan vuelto a crecer. Utilic\u00e9 IroIro en el tono Bubble Gum Pink Pastel para el tono rosado y Londa 10\/16 para te\u00f1ir las ra\u00edces.<\/p>\n<p><img decoding=\"async\" class=\"aligncenter\"  src=\"\/wp-content\/uploads\/2024\/09\/kak-ja-otrastila-korotkuju-strizhku-za-odin-god_11.jpg\"><\/p>\n<p>En contraste con el tinte rosa anterior, el tinte IroIro ten\u00eda realmente un aspecto pastel. Aparte de esto, sin embargo, complaci\u00f3 con gran cuidado del cabello y durabilidad.<\/p>\n<h3>Julio<\/h3>\n<p>Decid\u00ed no decolorarme el pelo en julio porque me iba a la playa. El pigmento rosa de acci\u00f3n directa fue lavado activamente por el agua salada. Utilic\u00e9 mascarillas reparadoras con m\u00e1s frecuencia en mi r\u00e9gimen de cuidado capilar para que mi pelo no se quedara &laquo;desnudo.&quot; Mi pelo ya era lo suficientemente largo como para llevarlo recogido en una coleta, un mo\u00f1o y dos trenzas de coleta. Me puse un sombrero y me at\u00e9 un pa\u00f1uelo para protegerme del sol.<\/p>\n<p><img decoding=\"async\" class=\"aligncenter\"  src=\"\/wp-content\/uploads\/2024\/09\/kak-ja-otrastila-korotkuju-strizhku-za-odin-god_25.jpg\"><\/p>\n<h3>Agosto<\/h3>\n<p>Cuando volv\u00ed a cometer el error n\u00ba 3 en agosto, apareci\u00f3 una raya amarilla oscura. En un intento de salvar la situaci\u00f3n, colore\u00e9 el largo con el rosa de Manic Panic, del que habl\u00e9 con mucho detalle aqu\u00ed, y apliqu\u00e9 morado diluido en las ra\u00edces. El tono p\u00farpura se desvaneci\u00f3 de las ra\u00edces despu\u00e9s de algunos lavados, revelando un impresionante tono ceniza.<\/p>\n<p><img decoding=\"async\" class=\"aligncenter\"  src=\"\/wp-content\/uploads\/2024\/09\/kak-ja-otrastila-korotkuju-strizhku-za-odin-god_15.jpg\"><\/p>\n<h3>Septiembre<\/h3>\n<p>En comparaci\u00f3n con otros tintes rosas, Manic Panic se desvaneci\u00f3 m\u00e1s r\u00e1pidamente, dejando s\u00f3lo un ligero toque. Pude te\u00f1irme el pelo de un color m\u00e1s fr\u00edo gracias a la base. Creamos un c\u00f3ctel usando los siguientes colores de Londa para esto: 10\/16, 10\/65, y 8\/81. El color sali\u00f3 perfecto, un gris brujo.<\/p>\n<p><img decoding=\"async\" class=\"aligncenter\"  src=\"\/wp-content\/uploads\/2024\/09\/kak-ja-otrastila-korotkuju-strizhku-za-odin-god_14.jpg\"><\/p>\n<p>Pero el tono ceniza desapareci\u00f3 pronto, dejando el pelo beige. Usando pigmentos diluidos de acci\u00f3n directa, pude ajustar el tono. Simplemente llen\u00e9 un recipiente con agua, a\u00f1ad\u00ed unos gramos de tinte, lo mezcl\u00e9 bien y sumerg\u00ed la cabeza en \u00e9l. El color final era plateado.<\/p>\n<h3>Octubre<\/h3>\n<p>Decid\u00ed valientemente utilizar un rubio especial con 12% de \u00f3xido en lugar de polvo para aclarar mi pelo. Me preocupaba que la raya naranja se quedara porque mi pelo natural es bastante oscuro, pero el inter\u00e9s fue mayor de lo que hab\u00eda previsto. Us\u00e9 la pintura 12\/81 de Londa para la primera iluminaci\u00f3n.<\/p>\n<p><img decoding=\"async\" class=\"aligncenter\"  src=\"\/wp-content\/uploads\/2024\/09\/kak-ja-otrastila-korotkuju-strizhku-za-odin-god_16.jpg\"><\/p>\n<p>El color sali\u00f3 incre\u00edblemente precioso, un rubio claro natural. Era f\u00e1cil ver la diferencia entre mi pelo aclarado y decolorado, pero decid\u00ed no matizarlo.<\/p>\n<p><img decoding=\"async\" class=\"aligncenter\"  src=\"\/wp-content\/uploads\/2024\/09\/kak-ja-otrastila-korotkuju-strizhku-za-odin-god_24.jpg\"><\/p>\n<p>Empec\u00e9 a perder pelo. Al principio, lo atribu\u00ed todo a mi uso frecuente de antibi\u00f3ticos, pero finalmente comprend\u00ed que el pelo simplemente se cae en lugar de salirse. Tal vez el pelo no pudo soportar el efecto de \u00f3xido de 12% porque el tinte se puso en la zona estresada, o tal vez la tonificaci\u00f3n no se hizo correctamente. El malentendido de la cabeza se ha disimulado con \u00e9xito gracias a los rizos. Por cierto, la p\u00e9rdida tambi\u00e9n puede haber sido consecuencia de los frecuentes apretones del m\u00e9todo Curly Girls. En este momento, todo lo que podemos hacer es especular.<\/p>\n<p><img decoding=\"async\" class=\"aligncenter\"  src=\"\/wp-content\/uploads\/2024\/09\/kak-ja-otrastila-korotkuju-strizhku-za-odin-god_26.jpg\"><\/p>\n<h3>Noviembre<\/h3>\n<p>La p\u00e9rdida de cabello en la parte superior de la cabeza se detuvo en noviembre, con la ca\u00edda de hasta la mitad del cabello. No es tan evidente en la masa, pero la densidad es indudablemente insuficiente. Seguiremos expandi\u00e9ndonos.<\/p>\n<p>Tomamos la decisi\u00f3n de probar el rubio especial m\u00e1s suave de Tefia en noviembre. El color elegido fue 12\/10 (ceniza). La pintura es realmente f\u00e1cil de aplicar, aclara el cabello con suavidad y no reseca el cuero cabelludo ni el cabello, por lo que me gust\u00f3 mucho su uso.<\/p>\n<p><img decoding=\"async\" class=\"aligncenter\"  src=\"\/wp-content\/uploads\/2024\/09\/kak-ja-otrastila-korotkuju-strizhku-za-odin-god_20.jpg\"><\/p>\n<p>Tonificamos el cabello con Tefia 10\/21 &laquo;Vainilla&raquo; pintura tonificante para crear una transici\u00f3n de color m\u00e1s fluida. El color no me gust\u00f3; era m\u00e1s bien color arena y oscuro.<\/p>\n<h3>Diciembre<\/h3>\n<p>Decidimos aclarar las ra\u00edces en diciembre utilizando los tonos 11\/7 y 11\/1 de Tefia. Me top\u00e9 con el comentario de un tecn\u00f3logo de la marca, que afirmaba que la Fila 11 tiene mayor capacidad de iluminaci\u00f3n que la Fila 12. Aunque no he observado variaciones apreciables en el resultado.<\/p>\n<p><img decoding=\"async\" class=\"aligncenter\"  src=\"\/wp-content\/uploads\/2024\/09\/kak-ja-otrastila-korotkuju-strizhku-za-odin-god_21.jpg\"><\/p>\n<p>Experiment\u00e9 la tonificaci\u00f3n con pigmentos de acci\u00f3n directa diluidos en gris, rosa y morado. Todav\u00eda tengo que cogerle el truco a esta t\u00e9cnica de tonificaci\u00f3n porque actualmente mi pelo est\u00e1 morado donde se ha hundido el pigmento. El subtono morado se desvanece con el tiempo, pero preferir\u00eda que no ocurriera.<\/p>\n<p>Las sienes crecieron hasta 22 cent\u00edmetros, lo que me permiti\u00f3 igualar la longitud del cabello. Dud\u00e9 durante mucho tiempo, pens\u00e9 en hacer un &laquo;segundo intento&raquo; y no cortarme el pelo hasta dentro de un a\u00f1o. Pero mi pelo ha crecido muy bien, as\u00ed que un corte de pelo no me echar\u00e1 demasiado para atr\u00e1s. Adem\u00e1s, el rubio, varias veces decolorado con polvos, a\u00fan tendr\u00e1 que ser cortado. En la peluquer\u00eda me hicieron un corte recto sin alargamiento ni entresacado, me cortaron un poco las puntas del pelo roto para que no sobresalieran. Qued\u00e9 muy satisfecha con el resultado.<\/p>\n<p><img decoding=\"async\" class=\"aligncenter\"  src=\"\/wp-content\/uploads\/2024\/09\/kak-ja-otrastila-korotkuju-strizhku-za-odin-god_22.jpg\"><\/p>\n<h2>Mis cuidados capilares<\/h2>\n<p>No entr\u00e9 en detalles sobre mis cuidados mensuales porque eran sencillos. Utilic\u00e9 el champ\u00fa s\u00f3lido Meela Meelo durante los primeros seis meses, pero despu\u00e9s me di cuenta de que el rubio necesitaba un lavado m\u00e1s suave. Tefia ha sacado dos nuevos champ\u00fas: uno para cabellos finos y otro con \u00e1cido hialur\u00f3nico. Los fondos deben utilizarse para limpiar suave y cuidadosamente el cuero cabelludo sin resecar el cabello. Incluso mis dedos pueden pasar a trav\u00e9s de ellos!<\/p>\n<p>Pilling Organic Kitchen fue lo que utilic\u00e9 para limpiar a fondo mi cuero cabelludo. Todav\u00eda no estoy segura de si esto ha tenido alg\u00fan efecto. Tal como era antes de emplear Pilling DSD. Tal vez deber\u00eda utilizar peeling para limpiar la piel con m\u00e1s frecuencia a fin de controlar los resultados.<\/p>\n<p>Cada lavado, me pongo una mascarilla. Utilizando las mascarillas KAARAL HYDRA, me concentr\u00e9 en la hidrataci\u00f3n durante los primeros seis meses. No es la estrategia adecuada porque demasiada humedad puede da\u00f1ar el cabello tanto como la falta de ella. La mascarilla Londa Visible Repair fue la causante de la restauraci\u00f3n capilar; revitaliz\u00f3 el cabello y aument\u00f3 su elasticidad y redujo la porosidad. Las mascarillas Filler, Ultra y Royal Jelly de Karaal aparecieron en mi rutina capilar en oto\u00f1o.<\/p>\n<p>Mientras que Filler y Ultra funcionaron de maravilla, este \u00faltimo hizo un trabajo terrible para mantener el cabello decolorado. Ultra fue incluso eficaz como sustituto. tambi\u00e9n inclu\u00ed una mascarilla restauradora sin silicona Ice Curly en mi r\u00e9gimen de cuidado del cabello, de la que ya habl\u00e9 en profundidad aqu\u00ed. Cuando me cuidaba el pelo con el &laquo;M\u00e9todo de las chicas rizadas&raquo; la mascarilla encajaba perfectamente en mi r\u00e9gimen.<\/p>\n<p>S\u00f3lo Kaaral Reale, el acondicionador, redujo eficazmente el encrespamiento tras la mascarilla Hydra. Adem\u00e1s, hab\u00eda un art\u00edculo imprevisto disponible por 243 rublos en una capacidad de 1 litro: Kallos Vegan Soul. Utilizo el producto como un b\u00e1lsamo, aunque el fabricante se refiere a \u00e9l como una mascarilla. El producto incluye prote\u00ednas, aceites y extractos; no contiene silicona.<\/p>\n<p>Cuando mi pelo se convirti\u00f3 en algas despu\u00e9s de aplicar la mascarilla, me qued\u00e9 desconcertado. Adem\u00e1s, Kallos funciona bien para diluir los pigmentos de acci\u00f3n directa. Recientemente he descubierto que es un spray hidratante estupendo cuando se combina con agua y se vierte en una botella con pulverizador.<\/p>\n<p>Entre los productos sin aclarado, s\u00f3lo me queda el Londa Velvet Oil. Lo uso con frecuencia porque alisa perfectamente mi pelo sin hacerlo pesado. Siempre me aplico la mascarilla Ultra en crema o me dejo un poco de b\u00e1lsamo en el pelo.<\/p>\n<p>Las ampollas de reestructuraci\u00f3n son uno de los productos especiales que merecen especial atenci\u00f3n, pero ya los he tratado con gran detalle. Mi pelo necesita m\u00e1s nutrici\u00f3n y reparaci\u00f3n que hidrataci\u00f3n, as\u00ed que ya no los utilizo tanto como antes.<\/p>\n<blockquote><p>\n   En un a\u00f1o, dejar crecer un corte de pelo corto requiere perseverancia y la estrategia adecuada. Con el tiempo, se puede conseguir un peinado m\u00e1s largo y voluminoso utilizando productos nutritivos que favorezcan un crecimiento sano, recortando el pelo con regularidad para darle forma y evitando hacer cambios dr\u00e1sticos. Aunque el camino puede presentar algunas dificultades, los resultados pueden ser fruct\u00edferos si uno se compromete y es cuidadoso.\n  <\/p><\/blockquote>\n<h2>Consejos y conclusiones<\/h2>\n<p><img decoding=\"async\" class=\"aligncenter\"  src=\"\/wp-content\/uploads\/2024\/09\/kak-ja-otrastila-korotkuju-strizhku-za-odin-god_23.jpg\"><\/p>\n<ul>\n<li>Por qu\u00e9 me centro en el crecimiento <em>cortes de pelo corto<\/em>? Tal longitud es caprichosa y sin cortes de pelo regulares y ajustes, a veces se quiere renunciar a crecer y actualizar la forma. Por lo tanto, un punto importante y clave en el crecimiento es <em>paciencia<\/em> y <em>aceptaci\u00f3n<\/em> de su cabello en cualquier forma.<\/li>\n<li>Si usted, como yo, se cort\u00f3 el pelo corto y luego decidi\u00f3 crecer, a continuaci\u00f3n, en primer lugar decidir sobre <em>estrategia<\/em>. Quiz\u00e1 te resulte m\u00e1s pr\u00e1ctico <em>cortarse el pelo con regularidad<\/em>, Para crecer el pelo de manera uniforme, siempre se ha conservado la forma. Si usted puede cerrar los ojos para pegar el pelo, a continuaci\u00f3n, s\u00f3lo <em>Deja tu pelo en paz<\/em> Y te dar\u00e1s cuenta de lo r\u00e1pido que crecer\u00e1n.<\/li>\n<li>El pelo corto, especialmente decolorado y descolorido, tambi\u00e9n requiere cuidados, al igual que el pelo largo. Sin embargo, no se debe aplicar el producto en el cuero cabelludo, ya que puede obstruir los bulbos, provocar picores y ca\u00edda del cabello.<\/li>\n<li>Puedes domar tu pelo con <em>horquillas invisibles<\/em>, as\u00ed como <em>gel<\/em> para peinar. No recomiendo el uso regular de laca, ya que el alcohol que contiene puede resecar el cabello.<\/li>\n<li>En total, el pelo creci\u00f3 22 cent\u00edmetros &#8211; esto es aproximadamente 1.8 cm al mes. Mi altura est\u00e1ndar es de 1.5 cm, y por lo tanto <em>productos para acelerar el crecimiento del cabello<\/em> funcionan, pero no hay que subestimar la influencia de los m\u00e1s importantes <em>factores<\/em>tu salud, tanto f\u00edsica como mental, el nivel de estr\u00e9s en la vida, descansar y dormir, mantener los niveles de vitaminas. Por ejemplo, a finales de a\u00f1o descubr\u00ed que tengo una grave carencia de vitamina D (y eso siempre que la tome todo el a\u00f1o), as\u00ed como de hierro. Por supuesto, esto afecta al crecimiento del cabello, as\u00ed que voy a reponer las carencias.<\/li>\n<li>Los errores que he indicado pueden parecer triviales, pero, como ves, hasta un mani\u00e1tico del pelo experimentado puede cometerlos. Merece la pena estar atento a las necesidades de tu cabello para que su calidad no haga m\u00e1s que mejorar.<\/li>\n<\/ul>\n<p>Aprend\u00ed mucho sobre la paciencia y el cuidado del cabello al dejar crecer un corte de pelo corto en un solo a\u00f1o. Aunque no siempre fue sencillo, mantener un horario regular tuvo un impacto significativo. Mi pelo creci\u00f3 sano porque lo recort\u00e9 con regularidad, le apliqu\u00e9 tratamientos nutritivos y me abstuve de utilizar demasiado calor para peinarlo.<\/p>\n<p>Por el camino, tambi\u00e9n prob\u00e9 algunos estilos diferentes. Aprovechar al m\u00e1ximo cada etapa del proceso hizo que fuera agradable. En lugar de esperar a ver el producto acabado, descubr\u00ed formas de trabajar con la longitud de mi pelo, desde adorables bobs hasta looks de media melena.<\/p>\n<p>En retrospectiva, estoy satisfecha con el crecimiento que logr\u00e9 en un solo a\u00f1o. Estoy feliz de que por fin tengo el pelo m\u00e1s largo que siempre he deseado, a pesar de que el viaje para llegar hasta aqu\u00ed no fue f\u00e1cil.<\/p>\n<h2>V\u00eddeo sobre el tema<\/h2>\n<h3>Cortar el pelo corto! 2 A\u00d1OS DESPU\u00c9S<\/h3>\n<p><iframe loading=\"lazy\" width=\"560\" height=\"315\" src=\"https:\/\/www.youtube.com\/embed\/Q4jSGPW8x4A\" frameborder=\"0\" allow=\"autoplay; encrypted-media\" allowfullscreen><\/iframe><\/p>\n<h3>HACER CRECER UN CORTE DE PELO CORTO! 2 A\u00d1OS EN 5 MINUTOS<\/h3>\n<p><iframe loading=\"lazy\" width=\"560\" height=\"315\" src=\"https:\/\/www.youtube.com\/embed\/PVXNxw3tLaM\" frameborder=\"0\" allow=\"autoplay; encrypted-media\" allowfullscreen><\/iframe><\/p>\n<h3>CRECER EL PELO DE UN CORTE DE PELO DE NI\u00d1O PASO A PASO EN UN A\u00d1O. ANTES Y DESPU\u00c9S. TIPS #ayuda_sana<\/h3>\n<p><iframe loading=\"lazy\" width=\"560\" height=\"315\" src=\"https:\/\/www.youtube.com\/embed\/vwFjf385rkI\" frameborder=\"0\" allow=\"autoplay; encrypted-media\" allowfullscreen><\/iframe><\/p>\n","protected":false},"excerpt":{"rendered":"<p>Aunque hacer crecer un corte de pelo corto puede parecer una tarea dif\u00edcil, sin duda se puede conseguir con perseverancia y algo de atenci\u00f3n. No ten\u00eda ni idea de c\u00f3mo funcionar\u00eda el proceso cuando tom\u00e9 la decisi\u00f3n de convertir mi corte de pelo corto en algo m\u00e1s largo. Aunque sab\u00eda que no lo conseguir\u00eda de [&hellip;]<\/p>\n","protected":false},"author":62,"featured_media":0,"comment_status":"open","ping_status":"open","sticky":false,"template":"","format":"standard","meta":{"footnotes":""},"categories":[21],"tags":[],"class_list":["post-3783","post","type-post","status-publish","format-standard","","category-haircuts"],"yoast_head":"<!-- This site is optimized with the Yoast SEO plugin v26.7 - https:\/\/yoast.com\/wordpress\/plugins\/seo\/ -->\n<title>C\u00f3mo hice crecer un corte de pelo corto en un a\u00f1o: una foto de mi pelo cada mes, qu\u00e9 errores comet\u00ed y qu\u00e9 pas\u00f3 despu\u00e9s, un pigmento de acci\u00f3n directa, rubio especial, polvo, qu\u00e9 elegir<\/title>\n<meta name=\"description\" content=\"Descubre c\u00f3mo transform\u00e9 mi corte de pelo corto en una melena larga y bonita en s\u00f3lo un a\u00f1o con sencillos consejos y t\u00e9cnicas. Conoce mis secretos para que el pelo crezca sano.\" \/>\n<meta name=\"robots\" content=\"index, follow, max-snippet:-1, max-image-preview:large, max-video-preview:-1\" \/>\n<link rel=\"canonical\" href=\"https:\/\/zavitushki.com\/es\/how-i-grew-a-short-haircut-in-one-year\/\" \/>\n<meta property=\"og:locale\" content=\"es_ES\" \/>\n<meta property=\"og:type\" content=\"article\" \/>\n<meta property=\"og:title\" content=\"C\u00f3mo hice crecer un corte de pelo corto en un a\u00f1o: una foto de mi pelo cada mes, qu\u00e9 errores comet\u00ed y qu\u00e9 pas\u00f3 despu\u00e9s, un pigmento de acci\u00f3n directa, rubio especial, polvo, qu\u00e9 elegir\" \/>\n<meta property=\"og:description\" content=\"Descubre c\u00f3mo transform\u00e9 mi corte de pelo corto en una melena larga y bonita en s\u00f3lo un a\u00f1o con sencillos consejos y t\u00e9cnicas. Conoce mis secretos para que el pelo crezca sano.\" \/>\n<meta property=\"og:url\" content=\"https:\/\/zavitushki.com\/es\/how-i-grew-a-short-haircut-in-one-year\/\" \/>\n<meta property=\"og:site_name\" content=\"Zavitushki.com\" \/>\n<meta property=\"article:published_time\" content=\"2024-09-10T07:37:33+00:00\" \/>\n<meta name=\"author\" content=\"Alexey Ivanov\" \/>\n<meta name=\"twitter:card\" content=\"summary_large_image\" \/>\n<meta name=\"twitter:label1\" content=\"Escrito por\" \/>\n\t<meta name=\"twitter:data1\" content=\"Alexey Ivanov\" \/>\n\t<meta name=\"twitter:label2\" content=\"Tiempo de lectura\" \/>\n\t<meta name=\"twitter:data2\" content=\"15 minutos\" \/>\n<script type=\"application\/ld+json\" class=\"yoast-schema-graph\">{\"@context\":\"https:\/\/schema.org\",\"@graph\":[{\"@type\":\"Article\",\"@id\":\"https:\/\/zavitushki.com\/es\/how-i-grew-a-short-haircut-in-one-year\/#article\",\"isPartOf\":{\"@id\":\"https:\/\/zavitushki.com\/es\/how-i-grew-a-short-haircut-in-one-year\/\"},\"author\":{\"name\":\"Alexey Ivanov\",\"@id\":\"https:\/\/zavitushki.com\/es\/#\/schema\/person\/edff3064c7b9322308b61bb09d222889\"},\"headline\":\"C\u00f3mo me hice un corte de pelo corto en un a\u00f1o?\",\"datePublished\":\"2024-09-10T07:37:33+00:00\",\"mainEntityOfPage\":{\"@id\":\"https:\/\/zavitushki.com\/es\/how-i-grew-a-short-haircut-in-one-year\/\"},\"wordCount\":3096,\"commentCount\":0,\"articleSection\":[\"Cortes de pelo\"],\"inLanguage\":\"es\",\"potentialAction\":[{\"@type\":\"CommentAction\",\"name\":\"Comment\",\"target\":[\"https:\/\/zavitushki.com\/es\/how-i-grew-a-short-haircut-in-one-year\/#respond\"]}]},{\"@type\":\"WebPage\",\"@id\":\"https:\/\/zavitushki.com\/es\/how-i-grew-a-short-haircut-in-one-year\/\",\"url\":\"https:\/\/zavitushki.com\/es\/how-i-grew-a-short-haircut-in-one-year\/\",\"name\":\"C\u00f3mo hice crecer un corte de pelo corto en un a\u00f1o: una foto de mi pelo cada mes, qu\u00e9 errores comet\u00ed y qu\u00e9 pas\u00f3 despu\u00e9s, un pigmento de acci\u00f3n directa, rubio especial, polvo, qu\u00e9 elegir\",\"isPartOf\":{\"@id\":\"https:\/\/zavitushki.com\/es\/#website\"},\"datePublished\":\"2024-09-10T07:37:33+00:00\",\"author\":{\"@id\":\"https:\/\/zavitushki.com\/es\/#\/schema\/person\/edff3064c7b9322308b61bb09d222889\"},\"description\":\"Descubre c\u00f3mo transform\u00e9 mi corte de pelo corto en una melena larga y bonita en s\u00f3lo un a\u00f1o con sencillos consejos y t\u00e9cnicas. Conoce mis secretos para que el pelo crezca sano.\",\"breadcrumb\":{\"@id\":\"https:\/\/zavitushki.com\/es\/how-i-grew-a-short-haircut-in-one-year\/#breadcrumb\"},\"inLanguage\":\"es\",\"potentialAction\":[{\"@type\":\"ReadAction\",\"target\":[\"https:\/\/zavitushki.com\/es\/how-i-grew-a-short-haircut-in-one-year\/\"]}]},{\"@type\":\"BreadcrumbList\",\"@id\":\"https:\/\/zavitushki.com\/es\/how-i-grew-a-short-haircut-in-one-year\/#breadcrumb\",\"itemListElement\":[{\"@type\":\"ListItem\",\"position\":1,\"name\":\"Hogar\",\"item\":\"https:\/\/zavitushki.com\/es\/\"},{\"@type\":\"ListItem\",\"position\":2,\"name\":\"C\u00f3mo me hice un corte de pelo corto en un a\u00f1o?\"}]},{\"@type\":\"WebSite\",\"@id\":\"https:\/\/zavitushki.com\/es\/#website\",\"url\":\"https:\/\/zavitushki.com\/es\/\",\"name\":\"Zavitushki.com\",\"description\":\"Revista online para mujeres.\",\"potentialAction\":[{\"@type\":\"SearchAction\",\"target\":{\"@type\":\"EntryPoint\",\"urlTemplate\":\"https:\/\/zavitushki.com\/es\/?s={search_term_string}\"},\"query-input\":{\"@type\":\"PropertyValueSpecification\",\"valueRequired\":true,\"valueName\":\"search_term_string\"}}],\"inLanguage\":\"es\"},{\"@type\":\"Person\",\"@id\":\"https:\/\/zavitushki.com\/es\/#\/schema\/person\/edff3064c7b9322308b61bb09d222889\",\"name\":\"Alexey Ivanov\",\"image\":{\"@type\":\"ImageObject\",\"inLanguage\":\"es\",\"@id\":\"https:\/\/zavitushki.com\/es\/#\/schema\/person\/image\/\",\"url\":\"https:\/\/secure.gravatar.com\/avatar\/2a95d5a0a39dda33b685bb9898046c1a716e5340da0a456d22aa3c7fc5b51221?s=96&d=mm&r=g\",\"contentUrl\":\"https:\/\/secure.gravatar.com\/avatar\/2a95d5a0a39dda33b685bb9898046c1a716e5340da0a456d22aa3c7fc5b51221?s=96&d=mm&r=g\",\"caption\":\"Alexey Ivanov\"},\"description\":\"Estilista con m\u00e1s de diez a\u00f1os de experiencia. Me especializo en cortes de pelo para hombres y mujeres, creando im\u00e1genes que enfatizan la individualidad. Estoy seguro de que todo el mundo puede encontrar su peinado ideal que acent\u00fae la belleza interior y la confianza en uno mismo.\",\"url\":\"https:\/\/zavitushki.com\/es\/author\/author-publications-es_1\/\"}]}<\/script>\n<!-- \/ Yoast SEO plugin. -->","yoast_head_json":{"title":"C\u00f3mo hice crecer un corte de pelo corto en un a\u00f1o: una foto de mi pelo cada mes, qu\u00e9 errores comet\u00ed y qu\u00e9 pas\u00f3 despu\u00e9s, un pigmento de acci\u00f3n directa, rubio especial, polvo, qu\u00e9 elegir","description":"Descubre c\u00f3mo transform\u00e9 mi corte de pelo corto en una melena larga y bonita en s\u00f3lo un a\u00f1o con sencillos consejos y t\u00e9cnicas. Conoce mis secretos para que el pelo crezca sano.","robots":{"index":"index","follow":"follow","max-snippet":"max-snippet:-1","max-image-preview":"max-image-preview:large","max-video-preview":"max-video-preview:-1"},"canonical":"https:\/\/zavitushki.com\/es\/how-i-grew-a-short-haircut-in-one-year\/","og_locale":"es_ES","og_type":"article","og_title":"C\u00f3mo hice crecer un corte de pelo corto en un a\u00f1o: una foto de mi pelo cada mes, qu\u00e9 errores comet\u00ed y qu\u00e9 pas\u00f3 despu\u00e9s, un pigmento de acci\u00f3n directa, rubio especial, polvo, qu\u00e9 elegir","og_description":"Descubre c\u00f3mo transform\u00e9 mi corte de pelo corto en una melena larga y bonita en s\u00f3lo un a\u00f1o con sencillos consejos y t\u00e9cnicas. Conoce mis secretos para que el pelo crezca sano.","og_url":"https:\/\/zavitushki.com\/es\/how-i-grew-a-short-haircut-in-one-year\/","og_site_name":"Zavitushki.com","article_published_time":"2024-09-10T07:37:33+00:00","author":"Alexey Ivanov","twitter_card":"summary_large_image","twitter_misc":{"Escrito por":"Alexey Ivanov","Tiempo de lectura":"15 minutos"},"schema":{"@context":"https:\/\/schema.org","@graph":[{"@type":"Article","@id":"https:\/\/zavitushki.com\/es\/how-i-grew-a-short-haircut-in-one-year\/#article","isPartOf":{"@id":"https:\/\/zavitushki.com\/es\/how-i-grew-a-short-haircut-in-one-year\/"},"author":{"name":"Alexey Ivanov","@id":"https:\/\/zavitushki.com\/es\/#\/schema\/person\/edff3064c7b9322308b61bb09d222889"},"headline":"C\u00f3mo me hice un corte de pelo corto en un a\u00f1o?","datePublished":"2024-09-10T07:37:33+00:00","mainEntityOfPage":{"@id":"https:\/\/zavitushki.com\/es\/how-i-grew-a-short-haircut-in-one-year\/"},"wordCount":3096,"commentCount":0,"articleSection":["Cortes de pelo"],"inLanguage":"es","potentialAction":[{"@type":"CommentAction","name":"Comment","target":["https:\/\/zavitushki.com\/es\/how-i-grew-a-short-haircut-in-one-year\/#respond"]}]},{"@type":"WebPage","@id":"https:\/\/zavitushki.com\/es\/how-i-grew-a-short-haircut-in-one-year\/","url":"https:\/\/zavitushki.com\/es\/how-i-grew-a-short-haircut-in-one-year\/","name":"C\u00f3mo hice crecer un corte de pelo corto en un a\u00f1o: una foto de mi pelo cada mes, qu\u00e9 errores comet\u00ed y qu\u00e9 pas\u00f3 despu\u00e9s, un pigmento de acci\u00f3n directa, rubio especial, polvo, qu\u00e9 elegir","isPartOf":{"@id":"https:\/\/zavitushki.com\/es\/#website"},"datePublished":"2024-09-10T07:37:33+00:00","author":{"@id":"https:\/\/zavitushki.com\/es\/#\/schema\/person\/edff3064c7b9322308b61bb09d222889"},"description":"Descubre c\u00f3mo transform\u00e9 mi corte de pelo corto en una melena larga y bonita en s\u00f3lo un a\u00f1o con sencillos consejos y t\u00e9cnicas. Conoce mis secretos para que el pelo crezca sano.","breadcrumb":{"@id":"https:\/\/zavitushki.com\/es\/how-i-grew-a-short-haircut-in-one-year\/#breadcrumb"},"inLanguage":"es","potentialAction":[{"@type":"ReadAction","target":["https:\/\/zavitushki.com\/es\/how-i-grew-a-short-haircut-in-one-year\/"]}]},{"@type":"BreadcrumbList","@id":"https:\/\/zavitushki.com\/es\/how-i-grew-a-short-haircut-in-one-year\/#breadcrumb","itemListElement":[{"@type":"ListItem","position":1,"name":"Hogar","item":"https:\/\/zavitushki.com\/es\/"},{"@type":"ListItem","position":2,"name":"C\u00f3mo me hice un corte de pelo corto en un a\u00f1o?"}]},{"@type":"WebSite","@id":"https:\/\/zavitushki.com\/es\/#website","url":"https:\/\/zavitushki.com\/es\/","name":"Zavitushki.com","description":"Revista online para mujeres.","potentialAction":[{"@type":"SearchAction","target":{"@type":"EntryPoint","urlTemplate":"https:\/\/zavitushki.com\/es\/?s={search_term_string}"},"query-input":{"@type":"PropertyValueSpecification","valueRequired":true,"valueName":"search_term_string"}}],"inLanguage":"es"},{"@type":"Person","@id":"https:\/\/zavitushki.com\/es\/#\/schema\/person\/edff3064c7b9322308b61bb09d222889","name":"Alexey Ivanov","image":{"@type":"ImageObject","inLanguage":"es","@id":"https:\/\/zavitushki.com\/es\/#\/schema\/person\/image\/","url":"https:\/\/secure.gravatar.com\/avatar\/2a95d5a0a39dda33b685bb9898046c1a716e5340da0a456d22aa3c7fc5b51221?s=96&d=mm&r=g","contentUrl":"https:\/\/secure.gravatar.com\/avatar\/2a95d5a0a39dda33b685bb9898046c1a716e5340da0a456d22aa3c7fc5b51221?s=96&d=mm&r=g","caption":"Alexey Ivanov"},"description":"Estilista con m\u00e1s de diez a\u00f1os de experiencia. Me especializo en cortes de pelo para hombres y mujeres, creando im\u00e1genes que enfatizan la individualidad. Estoy seguro de que todo el mundo puede encontrar su peinado ideal que acent\u00fae la belleza interior y la confianza en uno mismo.","url":"https:\/\/zavitushki.com\/es\/author\/author-publications-es_1\/"}]}},"_links":{"self":[{"href":"https:\/\/zavitushki.com\/es\/wp-json\/wp\/v2\/posts\/3783","targetHints":{"allow":["GET"]}}],"collection":[{"href":"https:\/\/zavitushki.com\/es\/wp-json\/wp\/v2\/posts"}],"about":[{"href":"https:\/\/zavitushki.com\/es\/wp-json\/wp\/v2\/types\/post"}],"author":[{"embeddable":true,"href":"https:\/\/zavitushki.com\/es\/wp-json\/wp\/v2\/users\/62"}],"replies":[{"embeddable":true,"href":"https:\/\/zavitushki.com\/es\/wp-json\/wp\/v2\/comments?post=3783"}],"version-history":[{"count":0,"href":"https:\/\/zavitushki.com\/es\/wp-json\/wp\/v2\/posts\/3783\/revisions"}],"wp:attachment":[{"href":"https:\/\/zavitushki.com\/es\/wp-json\/wp\/v2\/media?parent=3783"}],"wp:term":[{"taxonomy":"category","embeddable":true,"href":"https:\/\/zavitushki.com\/es\/wp-json\/wp\/v2\/categories?post=3783"},{"taxonomy":"post_tag","embeddable":true,"href":"https:\/\/zavitushki.com\/es\/wp-json\/wp\/v2\/tags?post=3783"}],"curies":[{"name":"wp","href":"https:\/\/api.w.org\/{rel}","templated":true}]}}