{"id":4847,"date":"2024-09-10T19:37:03","date_gmt":"2024-09-10T16:37:03","guid":{"rendered":"https:\/\/zavitushki.com\/de\/growing-out-gray-hair-how-i-decided-and-why-i-need\/"},"modified":"2024-09-10T19:37:03","modified_gmt":"2024-09-10T16:37:03","slug":"growing-out-gray-hair-how-i-decided-and-why-i-need","status":"publish","type":"post","link":"https:\/\/zavitushki.com\/de\/growing-out-gray-hair-how-i-decided-and-why-i-need\/","title":{"rendered":"Graue Haare auswachsen lassen: Wie ich mich entschieden habe und warum ich es brauche? Phasen des \u00dcbergangs zu nat\u00fcrlicher Farbe und neuen Pflegeprodukten"},"content":{"rendered":"\n<p>Die Akzeptanz grauer Haare ist ein Zeichen von Selbstvertrauen und Aufrichtigkeit und nicht nur eine Ver\u00e4nderung des Aussehens. Der Entschluss, meine wahre Farbe anzunehmen, erforderte mehr als nur den Verzicht auf das F\u00e4rben. Es ging darum, dass ich mich mit dem, was ich bin, wohl f\u00fchle und meine Identit\u00e4t annehme.<\/p>\n<p>Das Herauswachsen von grauem Haar stellt eine einzigartige Reihe von Hindernissen dar, angefangen von den unangenehmen \u00dcbergangsphasen bis hin zum Erlernen der Pflege einer v\u00f6llig anderen Textur. Aber jede Phase ist ein Schritt auf dem Weg zu einer entspannteren und authentischeren Version meiner selbst.<\/p>\n<p>In diesem Beitrag erz\u00e4hle ich von meinen eigenen Erfahrungen, den Phasen, die ich durchlaufen habe, und den neuen Produkten, die mir den \u00dcbergang erleichtert haben. Ich hoffe, dass meine Geschichte Sie dazu ermutigt, Ihre angeborene Sch\u00f6nheit mit Stolz zu akzeptieren, ganz gleich, ob Sie dar\u00fcber nachdenken, sich umzustellen, oder ob Sie sich bereits in diesem Prozess befinden.<\/p>\n<h2>Die Phasen des \u00dcbergangs zu grauem Haar und die eigene Farbe<\/h2>\n<h3>Warum genau herauswachsen und nicht komplex f\u00e4rben<\/h3>\n<p>Dies ist h\u00f6chstwahrscheinlich die prim\u00e4re Option, die mir vorschwebte.<\/p>\n<p>Zum Friseur gehen, die H\u00e4lfte der Haare abschneiden und einen komplexen Blond-Look mit Str\u00e4hnchen und Salz- und Pfefferstr\u00e4hnchen machen. extrem schwieriger Weg, weil<\/p>\n<p><img decoding=\"async\" class=\"aligncenter\"  src=\"\/wp-content\/uploads\/2024\/09\/otrashhivaju-sedinu-kak-reshilas-i-zachem-mne-jeto_2.jpg\"><\/p>\n<ul>\n<li>Es ist unglaublich schwierig, einen Meister zu finden, der das Gew\u00fcnschte macht, und nicht etwas anderes (ich habe zu viel in mein Haar gesteckt, um auf den Typ &bdquo;Haar statt Z\u00e4hne&ldquo; zu vertrauen);<\/li>\n<li>Wenn man einen Friseur gefunden hat, muss man jeden Monat Zeit und Geld f\u00fcr das F\u00e4rben der Haare aufwenden. Eine Menge Zeit, eine Menge Geld;<\/li>\n<li>Nachsorge f\u00fcr &bdquo;Get\u00f6tete&ldquo; Haare &#8211; Blondinen werden best\u00e4tigen, <b><u>wie schwer<\/u><\/b> Es ist. Ich bin nicht bereit, mir neue Probleme aufzub\u00fcrden;<\/li>\n<li>auch Salz \/ Pfeffer wird schlie\u00dflich rot und wird schlecht sein. Dies ist entweder eine Verpflichtung gegen\u00fcber einem Salon, in dem sie immer wieder Salz und Pfeffer machen werden, oder eine Ablehnung dieser Idee.<\/li>\n<\/ul>\n<p>Wachsen ist die zweite Methode. hat aber auch Nachteile:<\/p>\n<ul>\n<li>Das Haar wird unordentlich aussehen, und darauf musst du dich mental vorbereiten. Sie k\u00f6nnen versuchen, diese zu nivellieren, aber nicht vollst\u00e4ndig entfernen;<\/li>\n<li>Sie m\u00fcssen eventuell die L\u00e4nge k\u00fcrzen. Nicht unbedingt, aber auch darauf muss man vorbereitet sein;<\/li>\n<li>einen Haufen Fragen von allen, die ihre Nasen gerne in anderer Leute Angelegenheiten stecken. In Russland ist graues Haar fast gleichbedeutend mit Alter. Und Sie m\u00fcssen entweder die scharfen Fragen ignorieren oder lernen, sie ebenso scharf zu beantworten.<\/li>\n<\/ul>\n<p>Ich habe beschlossen, es selbst zu kultivieren. Ich kann das Ergebnis in diesem Fall nur positiv einsch\u00e4tzen.<\/p>\n<blockquote><p>\n   Ich habe keine Lust, alles zu \u00fcberf\u00e4rben. Ich m\u00f6chte mein eigenes Haar wachsen lassen, also werde ich.\n  <\/p><\/blockquote>\n<h3>Kontrastverminderung<\/h3>\n<p>Dies ist wichtig, damit die wachsende Farbe nicht als Streifen erscheint. Ich habe eine coole 6-ka f\u00fcr eine nat\u00fcrliche Basis. etwa zur H\u00e4lfte mit grauem Haar verd\u00fcnnt, oder wei\u00dfes Haar der Stufe 10 in seiner reinsten Form.<\/p>\n<p>In meinem Fall habe ich darauf verzichtet, meine Haare noch dunkler zu t\u00f6nen (mit Masken, Balsam oder Schaum), und stattdessen ein Shampoo zur Entfernung von Metallpartikeln (das meine k\u00fcnstliche Farbe etwas heller und meine nat\u00fcrliche Farbe sauberer macht) und ein neutralisierendes Shampoo (ich habe f\u00fcr meine T\u00f6nung ein gr\u00fcnes Pigment verwendet) in mein Haarpflegeprogramm aufgenommen.<\/p>\n<p><img decoding=\"async\" class=\"aligncenter\"  src=\"\/wp-content\/uploads\/2024\/09\/otrashhivaju-sedinu-kak-reshilas-i-zachem-mne-jeto_19.jpg\"><\/p>\n<p>Auch wenn die Wurzeln nach zwei Monaten weniger auff\u00e4llig sind, kann man bei bestimmten Lichtverh\u00e4ltnissen immer noch sehen, dass die Hauptl\u00e4nge warme T\u00f6ne hat, w\u00e4hrend die Wurzeln kalt sind. Ich werde neutralisierende Shampoos ohne T\u00f6nung verwenden, um dieses Problem vorerst zu l\u00f6sen.<\/p>\n<p>Wenn es wirklich schlimm wird, habe ich Magic Retouch Spray zum Abdecken grauer Haare zur Hand. Ich habe es im Juni gekauft, bevor ich den hellen Ansatz sehen konnte. Ich habe es aber noch nicht ge\u00f6ffnet, also ist es vorerst ertr\u00e4glich. Es ist jedoch beruhigend zu wissen, dass es einen &bdquo;Zauberstab&ldquo; gibt f\u00fcr den Fall, dass etwas schief geht.<\/p>\n<p><img decoding=\"async\" class=\"aligncenter\"  src=\"\/wp-content\/uploads\/2024\/09\/otrashhivaju-sedinu-kak-reshilas-i-zachem-mne-jeto_8.jpg\"><\/p>\n<p>W\u00e4hrend des gesamten Wachstumsprozesses werden sich die Wurzeln weiterhin von den L\u00e4ngen unterscheiden. Mach dich bereit.<\/p>\n<h3>Graue Haare verstecken<\/h3>\n<p>Bei der ersten Technik werden verschiedene Sprays und direkte Pigmente verwendet, die nach dem Abwaschen vollst\u00e4ndig aus dem Haar entfernt werden, ohne in die Struktur einzudringen. Ich habe sie abgelehnt, weil ich ein klares Ergebnis bevorzuge, das nicht &bdquo;verschmiert&ldquo; ist.&quot;<\/p>\n<p>Frisuren und Styling kommen an zweiter Stelle.<\/p>\n<p>Da ich feststelle, dass ich an den Schl\u00e4fen keine grauen Haare habe, beginne ich, mein Haar von der Stirn her zu stylen (und denke \u00fcber einen Vorhangknall nach). Ich mache Hochsteckfrisuren und k\u00e4mme mein Haar zur\u00fcck. Ich mache Locken, das gibt Volumen.<\/p>\n<p>Nur wenn das Haar durch den Scheitel geteilt wird, kann man starkes graues Haar sehen. Ich stelle also fest, dass ich mit einer Frisur den Zeitpunkt, an dem meine grauen Wurzeln in jeder Frisur auffallen, erfolgreich hinausz\u00f6gern kann.<\/p>\n<p><img decoding=\"async\" class=\"aligncenter\"  src=\"\/wp-content\/uploads\/2024\/09\/otrashhivaju-sedinu-kak-reshilas-i-zachem-mne-jeto_9.jpg\"><img decoding=\"async\" class=\"aligncenter\"  src=\"\/wp-content\/uploads\/2024\/09\/otrashhivaju-sedinu-kak-reshilas-i-zachem-mne-jeto_20.jpg\"><img decoding=\"async\" class=\"aligncenter\"  src=\"\/wp-content\/uploads\/2024\/09\/otrashhivaju-sedinu-kak-reshilas-i-zachem-mne-jeto_6.jpg\"><img decoding=\"async\" class=\"aligncenter\"  src=\"\/wp-content\/uploads\/2024\/09\/otrashhivaju-sedinu-kak-reshilas-i-zachem-mne-jeto_3.jpg\"><\/p>\n<blockquote><p>\n   Das Metal Detox Shampoo entfernt die graue Haarfarbe auf der gesamten L\u00e4nge, wobei der obere Teil (bis zum Kinn) leicht hervorgehoben wird.\n  <\/p><\/blockquote>\n<p><img decoding=\"async\" class=\"aligncenter\"  src=\"\/wp-content\/uploads\/2024\/09\/otrashhivaju-sedinu-kak-reshilas-i-zachem-mne-jeto_4.jpg\"><\/p>\n<h3>Schminke<\/h3>\n<p>Dies ist ein zus\u00e4tzliches &bdquo;Minus&ldquo; an das Sie sich gew\u00f6hnen sollten.<\/p>\n<blockquote><p>\n   Daf\u00fcr wird Make-up ben\u00f6tigt. Wenn nicht, l\u00e4sst dich das wachsende graue Haar zehn bis f\u00fcnfzehn Jahre \u00e4lter aussehen, indem es sich perfekt mit einem grauen Gesicht und blassen Lippen vermischt.\n  <\/p><\/blockquote>\n<p>Ich habe festgestellt, dass meine grauen Haare selbst mit minimalem Make-up auf meinen Wangen und Augenbrauen attraktiver aussehen, wenn ich gebr\u00e4unt bin. Es ist jedoch besser, Concealer zu verwenden und den Farbton des Gesichts anzupassen.<\/p>\n<p>Ich trage nicht immer das volle Make-up. Ich male meine Augenbrauen nur jeden Tag. Denn, na ja, so sollten sie sein. Und apropos Augenbrauen. F\u00fcr ein ausgewogenes Erscheinungsbild und Make-up sollten sich die Farbe der Augenbrauen und der Haare erg\u00e4nzen. F\u00fcr blonde Augenbrauen verwende ich derzeit einen hellen, warmen Farbton der Augenbrauenf\u00e4rbung. Ich werde auch grau sein (was das Make-up angeht) und viel eigene Farbe f\u00fcr die Augenbrauen verwenden.<\/p>\n<p><img decoding=\"async\" class=\"aligncenter\"  src=\"\/wp-content\/uploads\/2024\/09\/otrashhivaju-sedinu-kak-reshilas-i-zachem-mne-jeto_1.jpg\"><\/p>\n<h3>Verk\u00fcrzung der L\u00e4nge<\/h3>\n<p>Nun, offensichtlich, ohne dies. Ich werde irgendwann alles abschneiden m\u00fcssen, was vorher gef\u00e4rbt war, um mit meinem silbernen Haar zu gl\u00e4nzen. Aber so werde ich es schaffen.<\/p>\n<p>Urspr\u00fcnglich hatte ich vor, die L\u00e4nge auf 60 cm zu k\u00fcrzen. Mit anderen Worten, fast 20 cm. Vorerst habe ich aber 67 Zentimeter vom Scheitel entfernt gestoppt. Ich will diese L\u00e4nge nicht, um es einfach auszudr\u00fccken, aber im Moment passt sie mir so gut wie m\u00f6glich. Vielleicht werde ich mich in Zukunft f\u00fcr einen optimistischeren Farbton entscheiden, aber ich bin mir nicht sicher.<\/p>\n<p>Ich zeige euch die Leinwand aus der N\u00e4he. Alles, was sich deutlich vom Rest der Gruppe unterscheidet, ist das extrem por\u00f6se, lockige Haar der grauen Menschen. neue Anordnung.<\/p>\n<p><img decoding=\"async\" class=\"aligncenter\"  src=\"\/wp-content\/uploads\/2024\/09\/otrashhivaju-sedinu-kak-reshilas-i-zachem-mne-jeto_5.jpg\"><img decoding=\"async\" class=\"aligncenter\"  src=\"\/wp-content\/uploads\/2024\/09\/otrashhivaju-sedinu-kak-reshilas-i-zachem-mne-jeto_18.jpg\"><img decoding=\"async\" class=\"aligncenter\"  src=\"\/wp-content\/uploads\/2024\/09\/otrashhivaju-sedinu-kak-reshilas-i-zachem-mne-jeto_14.jpg\"><\/p>\n<p>Ich respektiere M\u00e4dchen, die nach eineinhalb Jahren Wachstum m\u00fchelos einen Bob tragen k\u00f6nnen. Das ist leider keine Option f\u00fcr mich. Nein, auch wenn es am meisten Sinn macht.<\/p>\n<p>Ich stehe nicht auf Bobs. Die L\u00e4nge wird auf jeden Fall unter den Schultern sein.<\/p>\n<h3>Anregung des Wachstums<\/h3>\n<p>Aus dem Posting habt ihr wahrscheinlich geschlossen, dass mein Zielhaartyp langes graues Haar ist. F\u00fcr die absehbare Zukunft sind Stimulanzien also meine engsten Verb\u00fcndeten. Bew\u00e4hrte Produkte, die Stemoxidin und Aminexil enthalten, werden meine Wahl sein.<\/p>\n<p>Ich konzentriere mich jetzt darauf, den Lebenszyklus des Haares zu verl\u00e4ngern, den Haarausfall zu verringern und den Haaransatz zu st\u00e4rken. Als Ergebnis ist Aminexil meine Option. Diese Ampullen sind f\u00fcr Vichy Aminexil.<\/p>\n<p><img decoding=\"async\" class=\"aligncenter\"  src=\"\/wp-content\/uploads\/2024\/09\/otrashhivaju-sedinu-kak-reshilas-i-zachem-mne-jeto_10.jpg\"><\/p>\n<blockquote><p>\n   Man kann nicht gleichzeitig Stemoxidin und Aminexil verwenden! Eine Kur mit Stemoxidin nach Aminexil (f\u00fcr Dicke und Wachstum).\n  <\/p><\/blockquote>\n<blockquote><p>\n   Die Entscheidung f\u00fcr Authentizit\u00e4t und nat\u00fcrliche Sch\u00f6nheit, indem man graue Haare auswachsen l\u00e4sst, ist eine sehr pers\u00f6nliche Entscheidung. Obwohl die Umstellung schwierig sein kann und Geduld und eine ver\u00e4nderte Selbstwahrnehmung erfordert, ist sie auch befreiend. Sie werden mehrere Phasen durchlaufen, wenn Sie sich vom F\u00e4rben verabschieden, von der Beseitigung der offensichtlichen Wurzeln bis hin zur Entdeckung neuer Pflegeprodukte, die Ihr nat\u00fcrliches Grau betonen und n\u00e4hren. Bei diesem Prozess geht es darum, ein neues Kapitel der Selbstakzeptanz und des Selbstbewusstseins aufzuschlagen, und nicht nur darum, die Haare in einer anderen Farbe zu f\u00e4rben.\n  <\/p><\/blockquote>\n<h2>Neue Pflege<\/h2>\n<p>Im letzten Beitrag habe ich kurz meine Haarpflegephilosophie erl\u00e4utert.<\/p>\n<blockquote><p>\n   Dies ist das Nonplusultra in Bezug auf Benutzerfreundlichkeit und Einfachheit. Keine aufwendigen Vorbereitungen und Pl\u00e4ne.\n  <\/p><\/blockquote>\n<p><img decoding=\"async\" class=\"aligncenter\"  src=\"\/wp-content\/uploads\/2024\/09\/otrashhivaju-sedinu-kak-reshilas-i-zachem-mne-jeto_7.jpg\"><\/p>\n<ol>\n<li>Heutzutage sind Produkte, die Feuchtigkeit spenden, ideal f\u00fcr mein Haar geworden. Das ist es, was es so sch\u00f6n, gl\u00e4nzend und lebendig wie m\u00f6glich macht.<\/li>\n<li>Ich vergesse auch die Kopfhaut nicht (gesunde Haut &#8211; gesundes Haar) &#8211; ich versuche, ihre Reaktivit\u00e4t nach dem F\u00e4rben und der sengenden Sonne mit Hilfe von Peelings, Masken und speziellen Shampoos zu reduzieren.<\/li>\n<li>Die wichtigsten Shampoos sind das weiche Vichy Ultra Sooting und das st\u00e4rker reinigende und aufbauende Metal Detox L &bdquo;oreal.<\/li>\n<li>Es gibt nur zwei Masken f\u00fcr die L\u00e4ngen: Curl Manifesto und Metal Detox. Ich verwende haupts\u00e4chlich nur Curl Expression, das ist f\u00fcr mich das Beste. Ich lasse es f\u00fcr 5-10 Minuten einwirken.<\/li>\n<li>Zur Farbkorrektur verwende ich etwa alle 4 Haarw\u00e4schen die gr\u00fcne Chroma Creme von L &bdquo;oreal. Ich lasse sie etwa 5-10 Minuten einwirken (ich gehe ein wenig vom Ansatz zur\u00fcck, weil.. es trocknet die Kopfhaut stark aus).<\/li>\n<li>ich abwechselnd Leave-in-Produkte verwende. Ich kann nur ein Spray verwenden, ich kann eine Creme oder ein \u00d6l hinzuf\u00fcgen. Es gibt kein System, alles h\u00e4ngt von den aktuellen Bed\u00fcrfnissen ab. Meine Lieblingsprodukte: My Promise Paul Rivera Spray, Kerastase Chronologiste \u00d6l, Keratase Soleil Feuchtigkeitscreme.<\/li>\n<li>Ich versuche, die Menge an alkoholhaltigen Produkten, die auf die L\u00e4ngen aufgetragen werden, zu reduzieren.<\/li>\n<\/ol>\n<p>  <img decoding=\"async\" class=\"aligncenter\"  src=\"\/wp-content\/uploads\/2024\/09\/otrashhivaju-sedinu-kak-reshilas-i-zachem-mne-jeto_11.jpg\"><img decoding=\"async\" class=\"aligncenter\"  src=\"\/wp-content\/uploads\/2024\/09\/otrashhivaju-sedinu-kak-reshilas-i-zachem-mne-jeto_13.jpg\"><img decoding=\"async\" class=\"aligncenter\"  src=\"\/wp-content\/uploads\/2024\/09\/otrashhivaju-sedinu-kak-reshilas-i-zachem-mne-jeto_12.jpg\"><img decoding=\"async\" class=\"aligncenter\"  src=\"\/wp-content\/uploads\/2024\/09\/otrashhivaju-sedinu-kak-reshilas-i-zachem-mne-jeto_17.jpg\"><img decoding=\"async\" class=\"aligncenter\"  src=\"\/wp-content\/uploads\/2024\/09\/otrashhivaju-sedinu-kak-reshilas-i-zachem-mne-jeto_16.jpg\"><img decoding=\"async\" class=\"aligncenter\"  src=\"\/wp-content\/uploads\/2024\/09\/otrashhivaju-sedinu-kak-reshilas-i-zachem-mne-jeto_15.jpg\"><\/p>\n<table>\n<tbody>\n<tr>\n<td>Thema<\/td>\n<td>Beschreibung<\/td>\n<\/tr>\n<tr>\n<td>Entscheidung, graues Haar herauswachsen zu lassen<\/td>\n<td>Warum ich mich entschieden habe, mein nat\u00fcrliches Grau zu akzeptieren und meine Haare nicht mehr zu f\u00e4rben.<\/td>\n<\/tr>\n<tr>\n<td>Phasen des \u00dcbergangs<\/td>\n<td>Der Prozess des Herauswachsenlassens von grauem Haar, von den ersten Wurzeln bis zu einem v\u00f6llig nat\u00fcrlichen Aussehen.<\/td>\n<\/tr>\n<tr>\n<td>Neue Pflegeprodukte<\/td>\n<td>Produkte, die mein graues Haar w\u00e4hrend des \u00dcbergangs gesund und lebendig erhalten haben.<\/td>\n<\/tr>\n<\/tbody>\n<\/table>\n<p>Ihr graues Haar zu akzeptieren, kann eine befreiende und herausfordernde Reise sein. Neben dem Wechsel der Haarfarbe ist es wichtig, sich auf eine frische, authentische Art und Weise zu zeigen, wer man ist. Dieser Prozess braucht zwar Zeit, aber jeder Schritt bringt Sie Ihrem nat\u00fcrlichen Aussehen, das Sie wirklich ausmacht, einen Schritt n\u00e4her.<\/p>\n<p>Es ist wichtig, w\u00e4hrend der Umstellung mit neuen Haarpflegeprodukten zu experimentieren. Die richtigen Produkte helfen Ihnen, die Gesundheit und Lebendigkeit Ihres Haares zu erhalten, wenn sich seine Bed\u00fcrfnisse \u00e4ndern. Erinnern Sie sich daran, dass das Ergrauen mehr als nur eine k\u00f6rperliche Ver\u00e4nderung bedeutet; es bedeutet auch, dass Sie Ihre Einzigartigkeit zu sch\u00e4tzen wissen und akzeptieren, wer Sie in jeder Lebensphase sind.<\/p>\n<p>Letztlich ist die Entscheidung, sich graue Haare wachsen zu lassen, eine pers\u00f6nliche Entscheidung, die eng mit Selbstvertrauen und Selbstakzeptanz zusammenh\u00e4ngt. Es geht darum, das zu w\u00e4hlen, was sich f\u00fcr einen selbst richtig anf\u00fchlt, und loszulassen, was andere Leute denken, dass man tun sollte. Wenn Sie sich f\u00fcr diesen Weg entscheiden, sollten Sie sich dar\u00fcber im Klaren sein, dass es sich dabei um ein starkes Bekenntnis zur Selbstliebe und nicht nur um eine modische Entscheidung handelt.<\/p>\n<h2>Video zum Thema<\/h2>\n<h3>Camouflage von grauem Haar<\/h3>\n<p><iframe loading=\"lazy\" width=\"560\" height=\"315\" src=\"https:\/\/www.youtube.com\/embed\/mXh5fe5Rr_k\" frameborder=\"0\" allow=\"autoplay; encrypted-media\" allowfullscreen><\/iframe><\/p>\n<h3>Wie man mit grauem Haar umgeht? Beschreibung lesen<\/h3>\n<p><iframe loading=\"lazy\" width=\"560\" height=\"315\" src=\"https:\/\/www.youtube.com\/embed\/RDYQsProgAc\" frameborder=\"0\" allow=\"autoplay; encrypted-media\" allowfullscreen><\/iframe><\/p>\n<h3>Wie man graue Haare loswird #graues Haar #F\u00e4rber #Haarf\u00e4rbung<\/h3>\n<p><iframe loading=\"lazy\" width=\"560\" height=\"315\" src=\"https:\/\/www.youtube.com\/embed\/hAQ0bSrUxvA\" frameborder=\"0\" allow=\"autoplay; encrypted-media\" allowfullscreen><\/iframe><\/p>\n","protected":false},"excerpt":{"rendered":"<p>Die Akzeptanz grauer Haare ist ein Zeichen von Selbstvertrauen und Aufrichtigkeit und nicht nur eine Ver\u00e4nderung des Aussehens. Der Entschluss, meine wahre Farbe anzunehmen, erforderte mehr als nur den Verzicht auf das F\u00e4rben. Es ging darum, dass ich mich mit dem, was ich bin, wohl f\u00fchle und meine Identit\u00e4t annehme. Das Herauswachsen von grauem Haar [&hellip;]<\/p>\n","protected":false},"author":2,"featured_media":0,"comment_status":"open","ping_status":"open","sticky":false,"template":"","format":"standard","meta":{"footnotes":""},"categories":[19],"tags":[],"class_list":["post-4847","post","type-post","status-publish","format-standard","","category-beauty"],"yoast_head":"<!-- This site is optimized with the Yoast SEO plugin v26.7 - https:\/\/yoast.com\/wordpress\/plugins\/seo\/ -->\n<title>Graues Haar entfernen: der Weg zu einem nat\u00fcrlichen Farbton Salz und Pfeffer, Foto von grauem Haar, Rezension<\/title>\n<meta name=\"description\" content=\"Entdecken Sie, wie ich mich f\u00fcr nat\u00fcrliches graues Haar entschieden habe: Warum ich diese Entscheidung getroffen habe, die Phasen des \u00dcbergangs zu meiner nat\u00fcrlichen Farbe und die neuen Haarpflegeprodukte, die diese Ver\u00e4nderung unterst\u00fctzen.\" \/>\n<meta name=\"robots\" content=\"index, follow, max-snippet:-1, max-image-preview:large, max-video-preview:-1\" \/>\n<link rel=\"canonical\" href=\"https:\/\/zavitushki.com\/de\/growing-out-gray-hair-how-i-decided-and-why-i-need\/\" \/>\n<meta property=\"og:locale\" content=\"de_DE\" \/>\n<meta property=\"og:type\" content=\"article\" \/>\n<meta property=\"og:title\" content=\"Graues Haar entfernen: der Weg zu einem nat\u00fcrlichen Farbton Salz und Pfeffer, Foto von grauem Haar, Rezension\" \/>\n<meta property=\"og:description\" content=\"Entdecken Sie, wie ich mich f\u00fcr nat\u00fcrliches graues Haar entschieden habe: Warum ich diese Entscheidung getroffen habe, die Phasen des \u00dcbergangs zu meiner nat\u00fcrlichen Farbe und die neuen Haarpflegeprodukte, die diese Ver\u00e4nderung unterst\u00fctzen.\" \/>\n<meta property=\"og:url\" content=\"https:\/\/zavitushki.com\/de\/growing-out-gray-hair-how-i-decided-and-why-i-need\/\" \/>\n<meta property=\"og:site_name\" content=\"Zavitushki.com\" \/>\n<meta property=\"article:published_time\" content=\"2024-09-10T16:37:03+00:00\" \/>\n<meta name=\"author\" content=\"Alexej Iwanow\" \/>\n<meta name=\"twitter:card\" content=\"summary_large_image\" \/>\n<meta name=\"twitter:label1\" content=\"Verfasst von\" \/>\n\t<meta name=\"twitter:data1\" content=\"Alexej Iwanow\" \/>\n\t<meta name=\"twitter:label2\" content=\"Gesch\u00e4tzte Lesezeit\" \/>\n\t<meta name=\"twitter:data2\" content=\"10\u00a0Minuten\" \/>\n<script type=\"application\/ld+json\" class=\"yoast-schema-graph\">{\"@context\":\"https:\/\/schema.org\",\"@graph\":[{\"@type\":\"Article\",\"@id\":\"https:\/\/zavitushki.com\/de\/growing-out-gray-hair-how-i-decided-and-why-i-need\/#article\",\"isPartOf\":{\"@id\":\"https:\/\/zavitushki.com\/de\/growing-out-gray-hair-how-i-decided-and-why-i-need\/\"},\"author\":{\"name\":\"Alexej Iwanow\",\"@id\":\"https:\/\/zavitushki.com\/de\/#\/schema\/person\/8c34d7d61221c36d8268b69e22303327\"},\"headline\":\"Graue Haare auswachsen lassen: Wie ich mich entschieden habe und warum ich es brauche? Phasen des \u00dcbergangs zu nat\u00fcrlicher Farbe und neuen Pflegeprodukten\",\"datePublished\":\"2024-09-10T16:37:03+00:00\",\"mainEntityOfPage\":{\"@id\":\"https:\/\/zavitushki.com\/de\/growing-out-gray-hair-how-i-decided-and-why-i-need\/\"},\"wordCount\":1967,\"commentCount\":0,\"articleSection\":[\"Sch\u00f6nheit\"],\"inLanguage\":\"de\",\"potentialAction\":[{\"@type\":\"CommentAction\",\"name\":\"Comment\",\"target\":[\"https:\/\/zavitushki.com\/de\/growing-out-gray-hair-how-i-decided-and-why-i-need\/#respond\"]}]},{\"@type\":\"WebPage\",\"@id\":\"https:\/\/zavitushki.com\/de\/growing-out-gray-hair-how-i-decided-and-why-i-need\/\",\"url\":\"https:\/\/zavitushki.com\/de\/growing-out-gray-hair-how-i-decided-and-why-i-need\/\",\"name\":\"Graues Haar entfernen: der Weg zu einem nat\u00fcrlichen Farbton Salz und Pfeffer, Foto von grauem Haar, Rezension\",\"isPartOf\":{\"@id\":\"https:\/\/zavitushki.com\/de\/#website\"},\"datePublished\":\"2024-09-10T16:37:03+00:00\",\"author\":{\"@id\":\"https:\/\/zavitushki.com\/de\/#\/schema\/person\/8c34d7d61221c36d8268b69e22303327\"},\"description\":\"Entdecken Sie, wie ich mich f\u00fcr nat\u00fcrliches graues Haar entschieden habe: Warum ich diese Entscheidung getroffen habe, die Phasen des \u00dcbergangs zu meiner nat\u00fcrlichen Farbe und die neuen Haarpflegeprodukte, die diese Ver\u00e4nderung unterst\u00fctzen.\",\"breadcrumb\":{\"@id\":\"https:\/\/zavitushki.com\/de\/growing-out-gray-hair-how-i-decided-and-why-i-need\/#breadcrumb\"},\"inLanguage\":\"de\",\"potentialAction\":[{\"@type\":\"ReadAction\",\"target\":[\"https:\/\/zavitushki.com\/de\/growing-out-gray-hair-how-i-decided-and-why-i-need\/\"]}]},{\"@type\":\"BreadcrumbList\",\"@id\":\"https:\/\/zavitushki.com\/de\/growing-out-gray-hair-how-i-decided-and-why-i-need\/#breadcrumb\",\"itemListElement\":[{\"@type\":\"ListItem\",\"position\":1,\"name\":\"Heim\",\"item\":\"https:\/\/zavitushki.com\/de\/\"},{\"@type\":\"ListItem\",\"position\":2,\"name\":\"Graue Haare auswachsen lassen: Wie ich mich entschieden habe und warum ich es brauche? Phasen des \u00dcbergangs zu nat\u00fcrlicher Farbe und neuen Pflegeprodukten\"}]},{\"@type\":\"WebSite\",\"@id\":\"https:\/\/zavitushki.com\/de\/#website\",\"url\":\"https:\/\/zavitushki.com\/de\/\",\"name\":\"Zavitushki.com\",\"description\":\"Online-Magazin f\u00fcr Frauen\",\"potentialAction\":[{\"@type\":\"SearchAction\",\"target\":{\"@type\":\"EntryPoint\",\"urlTemplate\":\"https:\/\/zavitushki.com\/de\/?s={search_term_string}\"},\"query-input\":{\"@type\":\"PropertyValueSpecification\",\"valueRequired\":true,\"valueName\":\"search_term_string\"}}],\"inLanguage\":\"de\"},{\"@type\":\"Person\",\"@id\":\"https:\/\/zavitushki.com\/de\/#\/schema\/person\/8c34d7d61221c36d8268b69e22303327\",\"name\":\"Alexej Iwanow\",\"image\":{\"@type\":\"ImageObject\",\"inLanguage\":\"de\",\"@id\":\"https:\/\/zavitushki.com\/de\/#\/schema\/person\/image\/\",\"url\":\"https:\/\/secure.gravatar.com\/avatar\/8028ca603b18883dd992e06faaf4926c106793fbb49154c9b44db592151b02cb?s=96&d=mm&r=g\",\"contentUrl\":\"https:\/\/secure.gravatar.com\/avatar\/8028ca603b18883dd992e06faaf4926c106793fbb49154c9b44db592151b02cb?s=96&d=mm&r=g\",\"caption\":\"Alexej Iwanow\"},\"description\":\"Stylistin mit \u00fcber zehn Jahren Erfahrung. Ich spezialisiere mich auf M\u00e4nner- und Frauenhaarschnitte und kreiere Bilder, die die Individualit\u00e4t betonen. Ich bin sicher, dass jeder seine ideale Frisur finden kann, die die innere Sch\u00f6nheit und das Selbstbewusstsein unterstreicht.\",\"url\":\"https:\/\/zavitushki.com\/de\/author\/author-publications-de_1\/\"}]}<\/script>\n<!-- \/ Yoast SEO plugin. -->","yoast_head_json":{"title":"Graues Haar entfernen: der Weg zu einem nat\u00fcrlichen Farbton Salz und Pfeffer, Foto von grauem Haar, Rezension","description":"Entdecken Sie, wie ich mich f\u00fcr nat\u00fcrliches graues Haar entschieden habe: Warum ich diese Entscheidung getroffen habe, die Phasen des \u00dcbergangs zu meiner nat\u00fcrlichen Farbe und die neuen Haarpflegeprodukte, die diese Ver\u00e4nderung unterst\u00fctzen.","robots":{"index":"index","follow":"follow","max-snippet":"max-snippet:-1","max-image-preview":"max-image-preview:large","max-video-preview":"max-video-preview:-1"},"canonical":"https:\/\/zavitushki.com\/de\/growing-out-gray-hair-how-i-decided-and-why-i-need\/","og_locale":"de_DE","og_type":"article","og_title":"Graues Haar entfernen: der Weg zu einem nat\u00fcrlichen Farbton Salz und Pfeffer, Foto von grauem Haar, Rezension","og_description":"Entdecken Sie, wie ich mich f\u00fcr nat\u00fcrliches graues Haar entschieden habe: Warum ich diese Entscheidung getroffen habe, die Phasen des \u00dcbergangs zu meiner nat\u00fcrlichen Farbe und die neuen Haarpflegeprodukte, die diese Ver\u00e4nderung unterst\u00fctzen.","og_url":"https:\/\/zavitushki.com\/de\/growing-out-gray-hair-how-i-decided-and-why-i-need\/","og_site_name":"Zavitushki.com","article_published_time":"2024-09-10T16:37:03+00:00","author":"Alexej Iwanow","twitter_card":"summary_large_image","twitter_misc":{"Verfasst von":"Alexej Iwanow","Gesch\u00e4tzte Lesezeit":"10\u00a0Minuten"},"schema":{"@context":"https:\/\/schema.org","@graph":[{"@type":"Article","@id":"https:\/\/zavitushki.com\/de\/growing-out-gray-hair-how-i-decided-and-why-i-need\/#article","isPartOf":{"@id":"https:\/\/zavitushki.com\/de\/growing-out-gray-hair-how-i-decided-and-why-i-need\/"},"author":{"name":"Alexej Iwanow","@id":"https:\/\/zavitushki.com\/de\/#\/schema\/person\/8c34d7d61221c36d8268b69e22303327"},"headline":"Graue Haare auswachsen lassen: Wie ich mich entschieden habe und warum ich es brauche? Phasen des \u00dcbergangs zu nat\u00fcrlicher Farbe und neuen Pflegeprodukten","datePublished":"2024-09-10T16:37:03+00:00","mainEntityOfPage":{"@id":"https:\/\/zavitushki.com\/de\/growing-out-gray-hair-how-i-decided-and-why-i-need\/"},"wordCount":1967,"commentCount":0,"articleSection":["Sch\u00f6nheit"],"inLanguage":"de","potentialAction":[{"@type":"CommentAction","name":"Comment","target":["https:\/\/zavitushki.com\/de\/growing-out-gray-hair-how-i-decided-and-why-i-need\/#respond"]}]},{"@type":"WebPage","@id":"https:\/\/zavitushki.com\/de\/growing-out-gray-hair-how-i-decided-and-why-i-need\/","url":"https:\/\/zavitushki.com\/de\/growing-out-gray-hair-how-i-decided-and-why-i-need\/","name":"Graues Haar entfernen: der Weg zu einem nat\u00fcrlichen Farbton Salz und Pfeffer, Foto von grauem Haar, Rezension","isPartOf":{"@id":"https:\/\/zavitushki.com\/de\/#website"},"datePublished":"2024-09-10T16:37:03+00:00","author":{"@id":"https:\/\/zavitushki.com\/de\/#\/schema\/person\/8c34d7d61221c36d8268b69e22303327"},"description":"Entdecken Sie, wie ich mich f\u00fcr nat\u00fcrliches graues Haar entschieden habe: Warum ich diese Entscheidung getroffen habe, die Phasen des \u00dcbergangs zu meiner nat\u00fcrlichen Farbe und die neuen Haarpflegeprodukte, die diese Ver\u00e4nderung unterst\u00fctzen.","breadcrumb":{"@id":"https:\/\/zavitushki.com\/de\/growing-out-gray-hair-how-i-decided-and-why-i-need\/#breadcrumb"},"inLanguage":"de","potentialAction":[{"@type":"ReadAction","target":["https:\/\/zavitushki.com\/de\/growing-out-gray-hair-how-i-decided-and-why-i-need\/"]}]},{"@type":"BreadcrumbList","@id":"https:\/\/zavitushki.com\/de\/growing-out-gray-hair-how-i-decided-and-why-i-need\/#breadcrumb","itemListElement":[{"@type":"ListItem","position":1,"name":"Heim","item":"https:\/\/zavitushki.com\/de\/"},{"@type":"ListItem","position":2,"name":"Graue Haare auswachsen lassen: Wie ich mich entschieden habe und warum ich es brauche? Phasen des \u00dcbergangs zu nat\u00fcrlicher Farbe und neuen Pflegeprodukten"}]},{"@type":"WebSite","@id":"https:\/\/zavitushki.com\/de\/#website","url":"https:\/\/zavitushki.com\/de\/","name":"Zavitushki.com","description":"Online-Magazin f\u00fcr Frauen","potentialAction":[{"@type":"SearchAction","target":{"@type":"EntryPoint","urlTemplate":"https:\/\/zavitushki.com\/de\/?s={search_term_string}"},"query-input":{"@type":"PropertyValueSpecification","valueRequired":true,"valueName":"search_term_string"}}],"inLanguage":"de"},{"@type":"Person","@id":"https:\/\/zavitushki.com\/de\/#\/schema\/person\/8c34d7d61221c36d8268b69e22303327","name":"Alexej Iwanow","image":{"@type":"ImageObject","inLanguage":"de","@id":"https:\/\/zavitushki.com\/de\/#\/schema\/person\/image\/","url":"https:\/\/secure.gravatar.com\/avatar\/8028ca603b18883dd992e06faaf4926c106793fbb49154c9b44db592151b02cb?s=96&d=mm&r=g","contentUrl":"https:\/\/secure.gravatar.com\/avatar\/8028ca603b18883dd992e06faaf4926c106793fbb49154c9b44db592151b02cb?s=96&d=mm&r=g","caption":"Alexej Iwanow"},"description":"Stylistin mit \u00fcber zehn Jahren Erfahrung. Ich spezialisiere mich auf M\u00e4nner- und Frauenhaarschnitte und kreiere Bilder, die die Individualit\u00e4t betonen. Ich bin sicher, dass jeder seine ideale Frisur finden kann, die die innere Sch\u00f6nheit und das Selbstbewusstsein unterstreicht.","url":"https:\/\/zavitushki.com\/de\/author\/author-publications-de_1\/"}]}},"_links":{"self":[{"href":"https:\/\/zavitushki.com\/de\/wp-json\/wp\/v2\/posts\/4847","targetHints":{"allow":["GET"]}}],"collection":[{"href":"https:\/\/zavitushki.com\/de\/wp-json\/wp\/v2\/posts"}],"about":[{"href":"https:\/\/zavitushki.com\/de\/wp-json\/wp\/v2\/types\/post"}],"author":[{"embeddable":true,"href":"https:\/\/zavitushki.com\/de\/wp-json\/wp\/v2\/users\/2"}],"replies":[{"embeddable":true,"href":"https:\/\/zavitushki.com\/de\/wp-json\/wp\/v2\/comments?post=4847"}],"version-history":[{"count":0,"href":"https:\/\/zavitushki.com\/de\/wp-json\/wp\/v2\/posts\/4847\/revisions"}],"wp:attachment":[{"href":"https:\/\/zavitushki.com\/de\/wp-json\/wp\/v2\/media?parent=4847"}],"wp:term":[{"taxonomy":"category","embeddable":true,"href":"https:\/\/zavitushki.com\/de\/wp-json\/wp\/v2\/categories?post=4847"},{"taxonomy":"post_tag","embeddable":true,"href":"https:\/\/zavitushki.com\/de\/wp-json\/wp\/v2\/tags?post=4847"}],"curies":[{"name":"wp","href":"https:\/\/api.w.org\/{rel}","templated":true}]}}